{"id":1758,"date":"2026-05-02T21:23:39","date_gmt":"2026-05-02T21:23:39","guid":{"rendered":"https:\/\/www.revistacomercio.com.br\/index.php\/2026\/05\/02\/a-menos-de-um-mes-do-fim-do-prazo-59-nao-enviaram-declaracao-do-ir\/"},"modified":"2026-05-02T21:23:39","modified_gmt":"2026-05-02T21:23:39","slug":"a-menos-de-um-mes-do-fim-do-prazo-59-nao-enviaram-declaracao-do-ir","status":"publish","type":"post","link":"https:\/\/www.revistacomercio.com.br\/index.php\/2026\/05\/02\/a-menos-de-um-mes-do-fim-do-prazo-59-nao-enviaram-declaracao-do-ir\/","title":{"rendered":"A menos de um m\u00eas do fim do prazo, 59% n\u00e3o enviaram declara\u00e7\u00e3o do IR"},"content":{"rendered":"<p> <br \/>\n<\/p>\n<div wp_automatic_readability=\"87\">\n<div class=\"post_image\"><picture><source media=\"(max-width: 799px)\" srcset=\"https:\/\/jpimg.com.br\/uploads\/2026\/04\/mora-de-aluguel-saiba-como-declarar-no-imposto-de-renda-311x207.jpg\"><source media=\"(min-width: 800px)\" srcset=\"https:\/\/jpimg.com.br\/uploads\/2026\/04\/mora-de-aluguel-saiba-como-declarar-no-imposto-de-renda-675x450.jpg\"><img decoding=\"async\" class=\"img-responsive type:primaryImage\" src=\"https:\/\/jpimg.com.br\/uploads\/2026\/04\/mora-de-aluguel-saiba-como-declarar-no-imposto-de-renda-675x450.jpg\" alt=\"g\" id=\"zoom-img\"><br \/>\n                                        <\/source><\/source><\/picture><\/div>\n<p><?xml encoding=\"UTF-8\"???><\/p>\n<p><strong>A menos de um m\u00eas do fim do prazo, quase 60% dos contribuintes ainda n\u00e3o acertaram as contas com o Le\u00e3o. At\u00e9 \u00e0s 17h27 deste s\u00e1bado (3), a Receita Federal recebeu 18.380.905 Declara\u00e7\u00f5es do Imposto de Renda Pessoa F\u00edsica 2026 (ano-base 2025)<\/strong>.\u00a0<img decoding=\"async\" src=\"https:\/\/agenciabrasil.ebc.com.br\/ebc.png?id=1688204&amp;o=node\"><img decoding=\"async\" src=\"https:\/\/agenciabrasil.ebc.com.br\/ebc.gif?id=1688204&amp;o=node\"><\/p>\n<p>O n\u00famero equivale a 41,8% do total de declara\u00e7\u00f5es previstas para este ano. <strong>Em 2026, o Fisco espera receber 44 milh\u00f5es de declara\u00e7\u00f5es. Tradicionalmente, o ritmo de entrega aumenta nas \u00faltimas semanas do prazo.<\/strong><\/p>\n<p>Segundo a Receita Federal, 70,3% das declara\u00e7\u00f5es entregues at\u00e9 agora ter\u00e3o direito a receber restitui\u00e7\u00e3o, 16,9% ter\u00e3o que pagar Imposto de Renda e 12,8% n\u00e3o t\u00eam imposto a pagar nem a receber.<\/p>\n<p><strong>A maioria dos documentos foi preenchida a partir do programa de computador (73,7%), mas 17,4% dos contribuintes recorrem ao preenchimento <em>online<\/em>, que deixa o rascunho da declara\u00e7\u00e3o salvo nos computadores do Fisco (nuvem da Receita), e 8,9% declaram pelo aplicativo Meu Imposto de Renda para <em>smartphones<\/em> e <em>tablets.<\/em><\/strong><\/p>\n<p>Um total de 60% dos contribuintes que entregaram o documento \u00e0 Receita Federal usaram a declara\u00e7\u00e3o pr\u00e9-preenchida, por meio da qual o declarante baixa uma vers\u00e3o preliminar do documento, bastando confirmar as informa\u00e7\u00f5es ou retificar os dados. A op\u00e7\u00e3o de desconto simplificado representa 55,3% dos envios.<\/p>\n<p>O prazo para entregar a declara\u00e7\u00e3o come\u00e7ou em 23 de mar\u00e7o e termina \u00e0s 23h59min59s de 29 de maio. O programa gerador da declara\u00e7\u00e3o est\u00e1 dispon\u00edvel desde 19 de mar\u00e7o.<\/p>\n<p>Quem n\u00e3o enviar a declara\u00e7\u00e3o no prazo pagar\u00e1 multa de R$ 165,74 ou 1% do imposto devido, prevalecendo o maior valor.<\/p>\n<p><strong>As pessoas f\u00edsicas que receberam rendimentos tribut\u00e1veis acima de R$ 35.584, assim como aquelas que obtiveram receita bruta da atividade rural acima de R$ 177.920, s\u00e3o obrigadas a declarar. <\/strong>As pessoas que receberam at\u00e9 dois sal\u00e1rios m\u00ednimos mensais em 2025 est\u00e3o dispensadas de fazer a declara\u00e7\u00e3o, salvo se enquadrarem em outro crit\u00e9rio de obrigatoriedade.<\/p>\n<\/p><\/div>\n<p><script async src=\"https:\/\/connect.facebook.net\/pt_BR\/all.js#xfbml=1\"><\/script><br \/>\n<br \/><br \/>\n<br \/><a href=\"https:\/\/jovempan.com.br\/noticias\/economia\/a-menos-de-um-mes-do-fim-do-prazo-59-nao-enviaram-declaracao-do-ir.html\">Fonte: Jovem Pan <\/a><\/p>\n","protected":false},"excerpt":{"rendered":"<p>A menos de um m\u00eas do fim do prazo, quase 60% dos contribuintes ainda n\u00e3o acertaram as contas com o Le\u00e3o. At\u00e9 \u00e0s 17h27 deste s\u00e1bado (3), a Receita Federal recebeu 18.380.905 Declara\u00e7\u00f5es do Imposto de Renda Pessoa F\u00edsica 2026 (ano-base 2025).\u00a0 O n\u00famero equivale a 41,8% do total de declara\u00e7\u00f5es previstas para este ano. [&hellip;]<\/p>\n","protected":false},"author":1,"featured_media":1759,"comment_status":"open","ping_status":"open","sticky":false,"template":"","format":"standard","meta":{"fifu_image_url":"https:\/\/jpimg.com.br\/uploads\/2026\/04\/mora-de-aluguel-saiba-como-declarar-no-imposto-de-renda-1024x683.jpg","fifu_image_alt":"","footnotes":""},"categories":[1],"tags":[],"class_list":{"0":"post-1758","1":"post","2":"type-post","3":"status-publish","4":"format-standard","5":"has-post-thumbnail","7":"category-noticias"},"_links":{"self":[{"href":"https:\/\/www.revistacomercio.com.br\/index.php\/wp-json\/wp\/v2\/posts\/1758","targetHints":{"allow":["GET"]}}],"collection":[{"href":"https:\/\/www.revistacomercio.com.br\/index.php\/wp-json\/wp\/v2\/posts"}],"about":[{"href":"https:\/\/www.revistacomercio.com.br\/index.php\/wp-json\/wp\/v2\/types\/post"}],"author":[{"embeddable":true,"href":"https:\/\/www.revistacomercio.com.br\/index.php\/wp-json\/wp\/v2\/users\/1"}],"replies":[{"embeddable":true,"href":"https:\/\/www.revistacomercio.com.br\/index.php\/wp-json\/wp\/v2\/comments?post=1758"}],"version-history":[{"count":0,"href":"https:\/\/www.revistacomercio.com.br\/index.php\/wp-json\/wp\/v2\/posts\/1758\/revisions"}],"wp:featuredmedia":[{"embeddable":true,"href":"https:\/\/www.revistacomercio.com.br\/index.php\/wp-json\/wp\/v2\/media\/1759"}],"wp:attachment":[{"href":"https:\/\/www.revistacomercio.com.br\/index.php\/wp-json\/wp\/v2\/media?parent=1758"}],"wp:term":[{"taxonomy":"category","embeddable":true,"href":"https:\/\/www.revistacomercio.com.br\/index.php\/wp-json\/wp\/v2\/categories?post=1758"},{"taxonomy":"post_tag","embeddable":true,"href":"https:\/\/www.revistacomercio.com.br\/index.php\/wp-json\/wp\/v2\/tags?post=1758"}],"curies":[{"name":"wp","href":"https:\/\/api.w.org\/{rel}","templated":true}]}}