{"id":1756,"date":"2026-05-02T00:43:14","date_gmt":"2026-05-02T00:43:14","guid":{"rendered":"https:\/\/www.revistacomercio.com.br\/index.php\/2026\/05\/02\/guerra-de-trump-e-grave-mas-juros-ja-poderiam-ter-caido-mais-diz-haddad\/"},"modified":"2026-05-02T00:43:14","modified_gmt":"2026-05-02T00:43:14","slug":"guerra-de-trump-e-grave-mas-juros-ja-poderiam-ter-caido-mais-diz-haddad","status":"publish","type":"post","link":"https:\/\/www.revistacomercio.com.br\/index.php\/2026\/05\/02\/guerra-de-trump-e-grave-mas-juros-ja-poderiam-ter-caido-mais-diz-haddad\/","title":{"rendered":"Guerra de Trump \u00e9 grave, mas juros j\u00e1 poderiam ter ca\u00eddo mais, diz Haddad"},"content":{"rendered":"<p> <br \/>\n<\/p>\n<p>Na \u00faltima quarta-feira, 29, o Comit\u00ea de Pol\u00edtica Monet\u00e1ria (Copom) cortou a Selic pela segunda reuni\u00e3o consecutiva, novamente em 0,25 ponto porcentual. Com isso, a taxa passou de 14,75% para 14,50%<\/p>\n<div wp_automatic_readability=\"101\">\n<div class=\"post_image\"><span class=\"image_fonte\"> Foto: MARCELO OLIVEIRA\/RASPRESS\/ESTAD\u00c3O CONTE\u00daDO<\/span><picture><source media=\"(max-width: 799px)\" srcset=\"https:\/\/jpimg.com.br\/uploads\/2026\/05\/ras20260501026-1-310x207.jpg\"><source media=\"(min-width: 800px)\" srcset=\"https:\/\/jpimg.com.br\/uploads\/2026\/05\/ras20260501026-1-675x450.jpg\"><img decoding=\"async\" class=\"img-responsive type:primaryImage\" src=\"https:\/\/jpimg.com.br\/uploads\/2026\/05\/ras20260501026-1-675x450.jpg\" alt=\"Haddad durante evento pelo Dia do Trabalhador em S\u00e3o Bernardo do Campo\" id=\"zoom-img\"><br \/>\n                                        <\/source><\/source><\/picture><span class=\"image_credits\">SP &#8211; 1\u00ba DE MAIO\/S\u00c3O BERNARDO DO CAMPO\/ATO &#8211; GERAL &#8211;  O ex-ministro da Fazenda e pr\u00e9-candidato ao governo de S\u00e3o Paulo pelo PT, Fernando Haddad, participa de ato do Dia     do Trabalhador  no Pa\u00e7o Municipal de S\u00e3o Bernardo do Campo, na Grande S\u00e3o Paulo, nesta sexta-feira, 1\u00ba de Maio de     2026.   01\/05\/2026 &#8211;<br \/><\/span><\/div>\n<p><?xml encoding=\"UTF-8\"???><\/p>\n<p><strong>O ex-ministro da Fazenda e pr\u00e9-candidato ao governo de S\u00e3o Paulo pelo PT, Fernando Haddad, afirmou<\/strong> nesta sexta-feira, 1\u00ba, que os <strong>juros no Brasil est\u00e3o muito altos sem necessidade<\/strong>. Ele mencionou o impacto da guerra no Oriente M\u00e9dio, mas manteve a avalia\u00e7\u00e3o de que a taxa poderia estar em um n\u00edvel mais baixo.<\/p>\n<p>\u201cEu n\u00e3o canso de dizer que os juros est\u00e3o muito altos, n\u00e3o h\u00e1 necessidade disso. Agora, n\u00f3s estamos com um epis\u00f3dio grave, que \u00e9 a guerra do Trump, que est\u00e1 atrapalhando o mundo inteiro, mas j\u00e1 dava para ter ca\u00eddo mais os juros\u201d, afirmou ele, ao deixar o ato em comemora\u00e7\u00e3o ao Dia do Trabalho. O evento feito por centrais sindicais ocorreu em S\u00e3o Bernardo do Campo, em S\u00e3o Paulo.<\/p>\n<p>Na \u00faltima quarta-feira, 29, o <strong>Comit\u00ea de Pol\u00edtica Monet\u00e1ria (Copom) cortou a Selic pela segunda reuni\u00e3o consecutiva<\/strong>, novamente em 0,25 ponto porcentual. Com isso, a taxa passou de 14,75% para 14,50%.<\/p>\n<p><strong>Haddad tamb\u00e9m foi questionado sobre a possibilidade de \u201cderrotas recentes no Congresso\u201d<\/strong> prejudicarem o andamento da PEC 6X1. Tamb\u00e9m na \u00faltima quarta-feira, o Senado negou a indica\u00e7\u00e3o do advogado-geral da Uni\u00e3o, Jorge Messias, para o Supremo Tribunal Federal (STF). Messias foi indicado pelo presidente Luiz In\u00e1cio Lula da Silva.<\/p>\n<p>\u201cN\u00e3o, vamos separar as coisas\u201d, disse em resposta. \u201cIsso (a PEC 6X1) \u00e9 uma demanda dos trabalhadores. N\u00f3s estamos no 1\u00ba de maio para celebrar as conquistas deste governo, mas para colocar tamb\u00e9m perante o Congresso Nacional, que s\u00e3o os representantes dos trabalhadores, o que \u00e9 imperioso agora, que \u00e9 enfrentar essa coisa da jornada de trabalho\u201d, afirmou Haddad.<\/p>\n<h2>Voo de galinha<\/h2>\n<p>Ao ser questionado sobre declara\u00e7\u00e3o recente do ex-ministro e pr\u00e9-candidato \u00e0 Presid\u00eancia Aldo Rebelo (DC), ao Di\u00e1rio do Grande ABC, de que a economia brasileira fez um \u201cvoo de galinha\u201d, Haddad afirmou lamentar que o pol\u00edtico tenha \u201cderrapado desse jeito\u201d.<\/p>\n<p>\u201cEu acho que ele n\u00e3o est\u00e1 acompanhando os indicadores de crescimento, comparando o governo Lula com o governo que ele apoiou. Eu at\u00e9 lamento por ele, porque ele tinha uma trajet\u00f3ria interessante. E a\u00ed, derrapar desse jeito nessa idade, eu fico, eu lamento. Tinha um apre\u00e7o por ele\u201d, disse.<\/p>\n<\/p><\/div>\n<p><script async src=\"https:\/\/connect.facebook.net\/pt_BR\/all.js#xfbml=1\"><\/script><br \/>\n<br \/><br \/>\n<br \/><a href=\"https:\/\/jovempan.com.br\/noticias\/economia\/guerra-de-trump-e-grave-mas-juros-ja-poderiam-ter-caido-mais-diz-haddad.html\">Fonte: Jovem Pan <\/a><\/p>\n","protected":false},"excerpt":{"rendered":"<p>Na \u00faltima quarta-feira, 29, o Comit\u00ea de Pol\u00edtica Monet\u00e1ria (Copom) cortou a Selic pela segunda reuni\u00e3o consecutiva, novamente em 0,25 ponto porcentual. Com isso, a taxa passou de 14,75% para 14,50% Foto: MARCELO OLIVEIRA\/RASPRESS\/ESTAD\u00c3O CONTE\u00daDO SP &#8211; 1\u00ba DE MAIO\/S\u00c3O BERNARDO DO CAMPO\/ATO &#8211; GERAL &#8211; O ex-ministro da Fazenda e pr\u00e9-candidato ao governo de [&hellip;]<\/p>\n","protected":false},"author":1,"featured_media":1757,"comment_status":"open","ping_status":"open","sticky":false,"template":"","format":"standard","meta":{"fifu_image_url":"https:\/\/jpimg.com.br\/uploads\/2026\/05\/ras20260501026-1.jpg","fifu_image_alt":"","footnotes":""},"categories":[1],"tags":[],"class_list":{"0":"post-1756","1":"post","2":"type-post","3":"status-publish","4":"format-standard","5":"has-post-thumbnail","7":"category-noticias"},"_links":{"self":[{"href":"https:\/\/www.revistacomercio.com.br\/index.php\/wp-json\/wp\/v2\/posts\/1756","targetHints":{"allow":["GET"]}}],"collection":[{"href":"https:\/\/www.revistacomercio.com.br\/index.php\/wp-json\/wp\/v2\/posts"}],"about":[{"href":"https:\/\/www.revistacomercio.com.br\/index.php\/wp-json\/wp\/v2\/types\/post"}],"author":[{"embeddable":true,"href":"https:\/\/www.revistacomercio.com.br\/index.php\/wp-json\/wp\/v2\/users\/1"}],"replies":[{"embeddable":true,"href":"https:\/\/www.revistacomercio.com.br\/index.php\/wp-json\/wp\/v2\/comments?post=1756"}],"version-history":[{"count":0,"href":"https:\/\/www.revistacomercio.com.br\/index.php\/wp-json\/wp\/v2\/posts\/1756\/revisions"}],"wp:featuredmedia":[{"embeddable":true,"href":"https:\/\/www.revistacomercio.com.br\/index.php\/wp-json\/wp\/v2\/media\/1757"}],"wp:attachment":[{"href":"https:\/\/www.revistacomercio.com.br\/index.php\/wp-json\/wp\/v2\/media?parent=1756"}],"wp:term":[{"taxonomy":"category","embeddable":true,"href":"https:\/\/www.revistacomercio.com.br\/index.php\/wp-json\/wp\/v2\/categories?post=1756"},{"taxonomy":"post_tag","embeddable":true,"href":"https:\/\/www.revistacomercio.com.br\/index.php\/wp-json\/wp\/v2\/tags?post=1756"}],"curies":[{"name":"wp","href":"https:\/\/api.w.org\/{rel}","templated":true}]}}