{"id":1754,"date":"2026-05-01T21:02:59","date_gmt":"2026-05-01T21:02:59","guid":{"rendered":"https:\/\/www.revistacomercio.com.br\/index.php\/2026\/05\/01\/manifestacao-em-sp-pede-fim-da-escala-6x1-e-acoes-contra-o-feminicidio\/"},"modified":"2026-05-01T21:02:59","modified_gmt":"2026-05-01T21:02:59","slug":"manifestacao-em-sp-pede-fim-da-escala-6x1-e-acoes-contra-o-feminicidio","status":"publish","type":"post","link":"https:\/\/www.revistacomercio.com.br\/index.php\/2026\/05\/01\/manifestacao-em-sp-pede-fim-da-escala-6x1-e-acoes-contra-o-feminicidio\/","title":{"rendered":"Manifesta\u00e7\u00e3o em SP pede fim da escala 6\u00d71 e a\u00e7\u00f5es contra o feminic\u00eddio"},"content":{"rendered":"<p> <br \/>\n<\/p>\n<div wp_automatic_readability=\"150\">\n<div class=\"post_image\"><span class=\"image_fonte\"> Letycia Treitero Kawada\/Ag\u00eancia Brasil<\/span><picture><source media=\"(max-width: 799px)\" srcset=\"https:\/\/jpimg.com.br\/uploads\/2026\/05\/ato0-1-311x207.png\"><source media=\"(min-width: 800px)\" srcset=\"https:\/\/jpimg.com.br\/uploads\/2026\/05\/ato0-1-676x450.png\"><img decoding=\"async\" class=\"img-responsive type:primaryImage\" src=\"https:\/\/jpimg.com.br\/uploads\/2026\/05\/ato0-1-676x450.png\" alt=\"Manifesta\u00e7\u00e3o em SP\" id=\"zoom-img\"><br \/>\n                                        <\/source><\/source><\/picture><\/div>\n<p><?xml encoding=\"UTF-8\"???><\/p>\n<p><strong>Centrais sindicais e movimentos sociais se manifestaram nesta sexta-feira (1\u00ba), na Pra\u00e7a Roosevelt, no centro de S\u00e3o Paulo,<\/strong> pela aprova\u00e7\u00e3o do <strong>fim da escala 6\u00d71 no Congresso Nacional<\/strong> e por medidas de enfrentamento ao feminic\u00eddio no pa\u00eds. Diversas pessoas criticaram, em camisetas e cartazes, a atua\u00e7\u00e3o de parlamentares no Congresso Nacional.<\/p>\n<p>O professor da rede p\u00fablica Marco Ant\u00f4nio Ferreira destacou que um dos desafios \u00e9 convencer as novas gera\u00e7\u00f5es sobre e import\u00e2ncia de trabalhar sob as regras da Consolida\u00e7\u00e3o das Leis do Trabalho (CLT), diante do crescimento da chamada pejotiza\u00e7\u00e3o, ou seja, a contrata\u00e7\u00e3o de funcion\u00e1rios como Pessoa Jur\u00eddica (PJ).<\/p>\n<p>\u201cA gente, que \u00e9 educador, n\u00e3o desiste nunca. Vemos muita gente para quem a ficha j\u00e1 caiu e acho que \u00e9 luta. Gradativa e organizada, para trazer essa reflex\u00e3o, ao m\u00e1ximo, para as pessoas enxergarem o mundo que est\u00e1 sendo constru\u00eddo, que n\u00e3o \u00e9 um mundo melhor\u201d, argumenta Ferreira.<\/p>\n<p>Nesse tipo de contrato, pode haver a perda de direitos como f\u00e9rias remuneradas, 13\u00ba sal\u00e1rio e a garantia de que receber\u00e3o sal\u00e1rio mesmo quando estiverem doentes. Esse tipo de contrata\u00e7\u00e3o \u00e9, geralmente, firmado com quem \u00e9 Microempreendedor Individual (MEI).<\/p>\n<p><strong>Hoje, no Brasil, tem ganhado cada vez mais integrantes o Movimento Vida Al\u00e9m do Trabalho (VAT),<\/strong> ao mesmo tempo que uma parte do empresariado e outros setores da economia se op\u00f5em \u00e0 redu\u00e7\u00e3o de jornada e a consequente mudan\u00e7a nessas rela\u00e7\u00f5es de trabalho.<\/p>\n<p>Tentando colocar em vigor um regime de carga hor\u00e1ria de 40 horas semanais, o <strong>governo federal enviou ao Congresso, em meados de abril, um projeto de lei com urg\u00eancia.<\/strong> A proposta pro\u00edbe corte no sal\u00e1rio como resultado da redu\u00e7\u00e3o da jornada.<\/p>\n<p>Segundo o educador, al\u00e9m de perder um tempo de descanso e lazer, por estar cumprindo expediente, muitos trabalhadores e trabalhadoras ficam impedidos de se dedicar a lutas coletivas, por direitos, como as que visam acabar com as desigualdades sociais.<\/p>\n<p>\u201cMilitar, defender seus direitos, correr atr\u00e1s j\u00e1 \u00e9 dif\u00edcil para quem n\u00e3o trabalha em escala 6\u00d71. Nessa escala, \u00e9 desumano, a pessoa mal consegue cuidar da pr\u00f3pria vida. Ent\u00e3o, realmente, \u00e9 uma forma de desorganizar e mesmo de desumanizar\u201d, observa o educador.<\/p>\n<p>A pesquisa O Trabalho no Brasil, encomendada pela Central \u00danica dos Trabalhadores (CUT), Funda\u00e7\u00e3o Perseu Abramo e outras entidades sindicais, apontou que <strong>mais da metade (56%) dos trabalhadores do setor privado sem carteira assinada j\u00e1 teve experi\u00eancia anterior no regime CLT<\/strong> e quase dois ter\u00e7os (59,1%) afirmou que voltaria, sem d\u00favidas, a ter registro em carteira.<\/p>\n<p>A Vox Populi, ao ouvir, para o levantamento, pessoas fora do mercado (mulheres em atividades de cuidado n\u00e3o remunerado e estudantes), descobriu que<strong> mais da metade (52,2%) gostaria de retornar e que 57,1% preferiam voltar ao mercado de trabalho com carteira assinada (CLT).<\/strong><\/p>\n<p>Outro apontamento foi o de que h\u00e1 confus\u00e3o entre empreendedor e trabalho aut\u00f4nomo. Muitas pessoas participantes se declararam empreendedoras, quando eram, na realidade, PJs atingidas pela precariza\u00e7\u00e3o.<\/p>\n<h2>Por todas as mulheres<\/h2>\n<p>Em meio \u00e0 onda de feminic\u00eddios e casos de viol\u00eancia de g\u00eanero por todo o pa\u00eds, os direitos das mulheres figuraram como agenda importante e urgente no protesto deste s\u00e1bado. A pedagoga Silvana Santana diz que a misoginia agravada pode ser explicada com a ajuda de pensadores e pensadoras ocupados em denunciar o projeto colonialista ao qual os europeus sujeitaram o Brasil e que segue produzindo consequ\u00eancias.<\/p>\n<p>Santana reconhece o valor das medidas que est\u00e3o sendo tomadas pelo poder p\u00fablico, para proteger as mulheres, mas diz terem chegado com atraso e com alcance limitado, tendo em vista a urg\u00eancia de se tratar negras e negros como sujeitos de direito.<\/p>\n<p>\u201cO que pensar da viol\u00eancia patrimonial, intelectual, das subjetividades, da nega\u00e7\u00e3o desses corpos-mulheres? Fico pensando que \u00e9 necess\u00e1rio um projeto mais ousado, no sentido de emancipa\u00e7\u00e3o dos afrodescendentes do pa\u00eds.\u201d<\/p>\n<\/p><\/div>\n<p><script async src=\"https:\/\/connect.facebook.net\/pt_BR\/all.js#xfbml=1\"><\/script><br \/>\n<br \/><br \/>\n<br \/><a href=\"https:\/\/jovempan.com.br\/noticias\/economia\/manifestacao-em-sp-pede-fim-da-escala-6x1-e-acoes-contra-o-feminicidio.html\">Fonte: Jovem Pan <\/a><\/p>\n","protected":false},"excerpt":{"rendered":"<p>Letycia Treitero Kawada\/Ag\u00eancia Brasil Centrais sindicais e movimentos sociais se manifestaram nesta sexta-feira (1\u00ba), na Pra\u00e7a Roosevelt, no centro de S\u00e3o Paulo, pela aprova\u00e7\u00e3o do fim da escala 6\u00d71 no Congresso Nacional e por medidas de enfrentamento ao feminic\u00eddio no pa\u00eds. Diversas pessoas criticaram, em camisetas e cartazes, a atua\u00e7\u00e3o de parlamentares no Congresso Nacional. [&hellip;]<\/p>\n","protected":false},"author":1,"featured_media":1755,"comment_status":"open","ping_status":"open","sticky":false,"template":"","format":"standard","meta":{"fifu_image_url":"https:\/\/jpimg.com.br\/uploads\/2026\/05\/ato0-1.png","fifu_image_alt":"","footnotes":""},"categories":[1],"tags":[],"class_list":{"0":"post-1754","1":"post","2":"type-post","3":"status-publish","4":"format-standard","5":"has-post-thumbnail","7":"category-noticias"},"_links":{"self":[{"href":"https:\/\/www.revistacomercio.com.br\/index.php\/wp-json\/wp\/v2\/posts\/1754","targetHints":{"allow":["GET"]}}],"collection":[{"href":"https:\/\/www.revistacomercio.com.br\/index.php\/wp-json\/wp\/v2\/posts"}],"about":[{"href":"https:\/\/www.revistacomercio.com.br\/index.php\/wp-json\/wp\/v2\/types\/post"}],"author":[{"embeddable":true,"href":"https:\/\/www.revistacomercio.com.br\/index.php\/wp-json\/wp\/v2\/users\/1"}],"replies":[{"embeddable":true,"href":"https:\/\/www.revistacomercio.com.br\/index.php\/wp-json\/wp\/v2\/comments?post=1754"}],"version-history":[{"count":0,"href":"https:\/\/www.revistacomercio.com.br\/index.php\/wp-json\/wp\/v2\/posts\/1754\/revisions"}],"wp:featuredmedia":[{"embeddable":true,"href":"https:\/\/www.revistacomercio.com.br\/index.php\/wp-json\/wp\/v2\/media\/1755"}],"wp:attachment":[{"href":"https:\/\/www.revistacomercio.com.br\/index.php\/wp-json\/wp\/v2\/media?parent=1754"}],"wp:term":[{"taxonomy":"category","embeddable":true,"href":"https:\/\/www.revistacomercio.com.br\/index.php\/wp-json\/wp\/v2\/categories?post=1754"},{"taxonomy":"post_tag","embeddable":true,"href":"https:\/\/www.revistacomercio.com.br\/index.php\/wp-json\/wp\/v2\/tags?post=1754"}],"curies":[{"name":"wp","href":"https:\/\/api.w.org\/{rel}","templated":true}]}}