{"id":1752,"date":"2026-05-01T17:52:29","date_gmt":"2026-05-01T17:52:29","guid":{"rendered":"https:\/\/www.revistacomercio.com.br\/index.php\/2026\/05\/01\/motta-convoca-sessoes-para-acelerar-pec-da-6x1-e-preve-aprovacao-ainda-em-maio\/"},"modified":"2026-05-01T17:52:29","modified_gmt":"2026-05-01T17:52:29","slug":"motta-convoca-sessoes-para-acelerar-pec-da-6x1-e-preve-aprovacao-ainda-em-maio","status":"publish","type":"post","link":"https:\/\/www.revistacomercio.com.br\/index.php\/2026\/05\/01\/motta-convoca-sessoes-para-acelerar-pec-da-6x1-e-preve-aprovacao-ainda-em-maio\/","title":{"rendered":"Motta convoca sess\u00f5es para acelerar PEC da 6\u00d71 e prev\u00ea aprova\u00e7\u00e3o ainda em maio"},"content":{"rendered":"<p> <br \/>\n<\/p>\n<div id=\"post-2129365\">\n<h3 class=\"post-description\"><\/h3>\n<p>A pauta de vota\u00e7\u00e3o deve ser divulgada ainda nesta sexta-feira, 1\u00ba, pela Secretaria-Geral da Mesa<\/p>\n<p>                <!--\/meta--><\/p>\n<div class=\"context\" wp_automatic_readability=\"57\">\n<div class=\"post_image\"><span class=\"image_fonte\">Kayo Magalh\u00e3es\/C\u00e2mara dos Deputados<br \/>\n<\/span><picture><source media=\"(max-width: 799px)\" srcset=\"https:\/\/jpimg.com.br\/uploads\/2025\/12\/img20251219120505289med-335x207.jpg\"><source media=\"(min-width: 800px)\" srcset=\"https:\/\/jpimg.com.br\/uploads\/2025\/12\/img20251219120505289med-729x450.jpg\"><img decoding=\"async\" class=\"img-responsive type:primaryImage\" src=\"https:\/\/jpimg.com.br\/uploads\/2025\/12\/img20251219120505289med-729x450.jpg\" alt=\"Hugo Motta\" id=\"zoom-img\"><br \/>\n                                        <\/source><\/source><\/picture><span class=\"image_credits\"><br \/>\n<br \/><\/span><\/div>\n<p><?xml encoding=\"UTF-8\"????><\/p>\n<p><strong>O presidente da C\u00e2mara dos Deputados, Hugo Motta (Republicanos-PB), convocou sess\u00f5es deliberativas<\/strong> do Plen\u00e1rio de segunda, 4, a sexta-feira, 8, com objetivo de <strong>acelerar a contagem do prazo para a apresenta\u00e7\u00e3o de emendas na comiss\u00e3o especial que analisa a PEC da escala 6\u00d71.<\/strong><\/p>\n<p>A pauta de vota\u00e7\u00e3o deve ser divulgada ainda nesta sexta-feira, 1\u00ba, pela Secretaria-Geral da Mesa.<\/p>\n<p><strong>O deputado destacou que pretende entregar a aprova\u00e7\u00e3o do texto ainda em maio,<\/strong> em mensagem sobre o Dia do Trabalho publicada no Instagram.<\/p>\n<p>\u201cNeste 1\u00ba de maio eu quero reafirmar o compromisso da C\u00e2mara dos Deputados com os seus direitos. Sei que muitos aguardam a resposta sobre a PEC da escala 6 por 1 e o meu compromisso \u00e9 claro, n\u00e3o ficaremos s\u00f3 no discurso. J\u00e1 instalamos a Comiss\u00e3o Especial para um debate profundo e r\u00e1pido. Nossa meta \u00e9 entregar a aprova\u00e7\u00e3o do texto ainda no m\u00eas de maio, sempre com o equil\u00edbrio que o Brasil precisa\u201d, disse.<\/p>\n<blockquote class=\"instagram-media\" style=\"background: #FFF; border: 0; border-radius: 3px; box-shadow: 0 0 1px 0 rgba(0,0,0,0.5),0 1px 10px 0 rgba(0,0,0,0.15); margin: 1px; max-width: 540px; min-width: 326px; padding: 0; width: calc(100% - 2px);\" data-instgrm-captioned=\"\" data-instgrm-permalink=\"https:\/\/www.instagram.com\/reel\/DXy_wANxESu\/?utm_source=ig_embed&amp;utm_campaign=loading\" data-instgrm-version=\"14\" wp_automatic_readability=\"-21\">\n<div style=\"padding: 16px;\" wp_automatic_readability=\"8\">\n\u00a0<\/p>\n<div style=\"padding-top: 8px;\" wp_automatic_readability=\"7\">\n<p>Ver essa foto no Instagram<\/p>\n<\/div>\n<p>\u00a0<br \/>\nUm post compartilhado por Hugo Motta (@hugomottapb)\n<\/p><\/div>\n<\/blockquote><\/div>\n<p>                <!--\/meta-->\n            <\/div>\n<p><script async src=\"https:\/\/connect.facebook.net\/pt_BR\/all.js#xfbml=1\"><\/script><script async src=\"\/\/www.instagram.com\/embed.js\"><\/script><br \/>\n<br \/><br \/>\n<br \/><a href=\"https:\/\/jovempan.com.br\/noticias\/economia\/motta-convoca-sessoes-para-acelerar-pec-da-6x1-e-preve-aprovacao-ainda-em-maio.html\">Fonte: Jovem Pan <\/a><\/p>\n","protected":false},"excerpt":{"rendered":"<p>A pauta de vota\u00e7\u00e3o deve ser divulgada ainda nesta sexta-feira, 1\u00ba, pela Secretaria-Geral da Mesa Kayo Magalh\u00e3es\/C\u00e2mara dos Deputados O presidente da C\u00e2mara dos Deputados, Hugo Motta (Republicanos-PB), convocou sess\u00f5es deliberativas do Plen\u00e1rio de segunda, 4, a sexta-feira, 8, com objetivo de acelerar a contagem do prazo para a apresenta\u00e7\u00e3o de emendas na comiss\u00e3o especial [&hellip;]<\/p>\n","protected":false},"author":1,"featured_media":1753,"comment_status":"open","ping_status":"open","sticky":false,"template":"","format":"standard","meta":{"fifu_image_url":"https:\/\/jpimg.com.br\/uploads\/2025\/12\/img20251219120505289med.jpg","fifu_image_alt":"","footnotes":""},"categories":[1],"tags":[],"class_list":{"0":"post-1752","1":"post","2":"type-post","3":"status-publish","4":"format-standard","5":"has-post-thumbnail","7":"category-noticias"},"_links":{"self":[{"href":"https:\/\/www.revistacomercio.com.br\/index.php\/wp-json\/wp\/v2\/posts\/1752","targetHints":{"allow":["GET"]}}],"collection":[{"href":"https:\/\/www.revistacomercio.com.br\/index.php\/wp-json\/wp\/v2\/posts"}],"about":[{"href":"https:\/\/www.revistacomercio.com.br\/index.php\/wp-json\/wp\/v2\/types\/post"}],"author":[{"embeddable":true,"href":"https:\/\/www.revistacomercio.com.br\/index.php\/wp-json\/wp\/v2\/users\/1"}],"replies":[{"embeddable":true,"href":"https:\/\/www.revistacomercio.com.br\/index.php\/wp-json\/wp\/v2\/comments?post=1752"}],"version-history":[{"count":0,"href":"https:\/\/www.revistacomercio.com.br\/index.php\/wp-json\/wp\/v2\/posts\/1752\/revisions"}],"wp:featuredmedia":[{"embeddable":true,"href":"https:\/\/www.revistacomercio.com.br\/index.php\/wp-json\/wp\/v2\/media\/1753"}],"wp:attachment":[{"href":"https:\/\/www.revistacomercio.com.br\/index.php\/wp-json\/wp\/v2\/media?parent=1752"}],"wp:term":[{"taxonomy":"category","embeddable":true,"href":"https:\/\/www.revistacomercio.com.br\/index.php\/wp-json\/wp\/v2\/categories?post=1752"},{"taxonomy":"post_tag","embeddable":true,"href":"https:\/\/www.revistacomercio.com.br\/index.php\/wp-json\/wp\/v2\/tags?post=1752"}],"curies":[{"name":"wp","href":"https:\/\/api.w.org\/{rel}","templated":true}]}}