{"id":1750,"date":"2026-05-01T15:43:13","date_gmt":"2026-05-01T15:43:13","guid":{"rendered":"https:\/\/www.revistacomercio.com.br\/index.php\/2026\/05\/01\/governo-define-regras-para-cotas-no-acordo-entre-mercosul-e-uniao-europeia\/"},"modified":"2026-05-01T15:43:13","modified_gmt":"2026-05-01T15:43:13","slug":"governo-define-regras-para-cotas-no-acordo-entre-mercosul-e-uniao-europeia","status":"publish","type":"post","link":"https:\/\/www.revistacomercio.com.br\/index.php\/2026\/05\/01\/governo-define-regras-para-cotas-no-acordo-entre-mercosul-e-uniao-europeia\/","title":{"rendered":"Governo define regras para cotas no acordo entre Mercosul e Uni\u00e3o Europeia"},"content":{"rendered":"<p> <br \/>\n<\/p>\n<p>\u201cNa pr\u00e1tica, a maior parte do com\u00e9rcio entre Mercosul e Uni\u00e3o Europeia ocorrer\u00e1 com redu\u00e7\u00e3o ou elimina\u00e7\u00e3o integral de tarifas, sem restri\u00e7\u00f5es quantitativas\u201d, destacou o MDIC<\/p>\n<div wp_automatic_readability=\"84\">\n<div class=\"post_image\"><span class=\"image_fonte\">Uni\u00e3o Europeia \/ Mercosul<\/span><picture><source media=\"(max-width: 799px)\" srcset=\"https:\/\/jpimg.com.br\/uploads\/2026\/01\/imagem-jvp-2026-01-16t101828.117-345x207.png\"><source media=\"(min-width: 800px)\" srcset=\"https:\/\/jpimg.com.br\/uploads\/2026\/01\/imagem-jvp-2026-01-16t101828.117-750x450.png\"><img decoding=\"async\" class=\"img-responsive type:primaryImage\" src=\"https:\/\/jpimg.com.br\/uploads\/2026\/01\/imagem-jvp-2026-01-16t101828.117-750x450.png\" alt=\"o acordo Mercosul\u2013UE\" id=\"zoom-img\"><br \/>\n                                        <\/source><\/source><\/picture><span class=\"image_credits\">o acordo Mercosul\u2013UE<br \/><\/span><\/div>\n<p><?xml encoding=\"UTF-8\"???><\/p>\n<p class=\"tr-story-p1\">O governo federal definiu regras para a ado\u00e7\u00e3o de cotas de importa\u00e7\u00e3o e exporta\u00e7\u00e3o no acordo entre Mercosul e Uni\u00e3o Europeia em portarias publicadas nesta sexta-feira, primeiro dia de vig\u00eancia provis\u00f3ria do tratado de livre com\u00e9rcio entre os dois blocos.<\/p>\n<p>O Minist\u00e9rio do Desenvolvimento, Ind\u00fastria, Com\u00e9rcio e Servi\u00e7os (MDIC) informou em nota que a incid\u00eancia de cotas \u00e9 limitada a cerca de 4% das exporta\u00e7\u00f5es e 0,3% das importa\u00e7\u00f5es.<\/p>\n<p>As cotas s\u00e3o limites de quantidade impostas a determinados produtos, seja para exporta\u00e7\u00e3o ou para importa\u00e7\u00e3o, dentro dos quais h\u00e1 incid\u00eancia tarif\u00e1ria mais ben\u00e9fica.<\/p>\n<p>\u201cNa pr\u00e1tica, a maior parte do com\u00e9rcio entre Mercosul e Uni\u00e3o Europeia ocorrer\u00e1 com redu\u00e7\u00e3o ou elimina\u00e7\u00e3o integral de tarifas, sem restri\u00e7\u00f5es quantitativas\u201d, destacou o MDIC.<\/p>\n<p>No caso das importa\u00e7\u00f5es, o minist\u00e9rio informou que produtos como ve\u00edculos, l\u00e1cteos, alho, prepara\u00e7\u00f5es de tomate, chocolates e itens de confeitaria passam a seguir um modelo baseado na ordem de registro das licen\u00e7as.<\/p>\n<p>\u201cPara garantir o uso da cota, o importador dever\u00e1 vincular a licen\u00e7a \u00e0 Declara\u00e7\u00e3o \u00danica de Importa\u00e7\u00e3o (Duimp) em at\u00e9 60 dias, respeitados os limites por opera\u00e7\u00e3o\u201d, disse.<\/p>\n<p>No caso das exporta\u00e7\u00f5es, as cotas abrangem produtos tratados pelo governo como estrat\u00e9gicos, como carnes, a\u00e7\u00facar, etanol, arroz, milho e derivados, al\u00e9m de itens como mel, ovos e bebidas como rum e cacha\u00e7a. A distribui\u00e7\u00e3o segue o mesmo princ\u00edpio de ordem de solicita\u00e7\u00e3o, observados os limites de cada cota.<\/p>\n<p>Segundo a pasta, a divis\u00e3o das cotas entre os pa\u00edses do Mercosul ainda est\u00e1 em negocia\u00e7\u00e3o.<\/p>\n<\/p><\/div>\n<p><script async src=\"https:\/\/connect.facebook.net\/pt_BR\/all.js#xfbml=1\"><\/script><br \/>\n<br \/><br \/>\n<br \/><a href=\"https:\/\/jovempan.com.br\/noticias\/economia\/governo-define-regras-para-cotas-no-acordo-entre-mercosul-e-uniao-europeia.html\">Fonte: Jovem Pan <\/a><\/p>\n","protected":false},"excerpt":{"rendered":"<p>\u201cNa pr\u00e1tica, a maior parte do com\u00e9rcio entre Mercosul e Uni\u00e3o Europeia ocorrer\u00e1 com redu\u00e7\u00e3o ou elimina\u00e7\u00e3o integral de tarifas, sem restri\u00e7\u00f5es quantitativas\u201d, destacou o MDIC Uni\u00e3o Europeia \/ Mercosul o acordo Mercosul\u2013UE O governo federal definiu regras para a ado\u00e7\u00e3o de cotas de importa\u00e7\u00e3o e exporta\u00e7\u00e3o no acordo entre Mercosul e Uni\u00e3o Europeia em [&hellip;]<\/p>\n","protected":false},"author":1,"featured_media":1751,"comment_status":"open","ping_status":"open","sticky":false,"template":"","format":"standard","meta":{"fifu_image_url":"https:\/\/jpimg.com.br\/uploads\/2026\/01\/imagem-jvp-2026-01-16t101828.117.png","fifu_image_alt":"","footnotes":""},"categories":[1],"tags":[],"class_list":{"0":"post-1750","1":"post","2":"type-post","3":"status-publish","4":"format-standard","5":"has-post-thumbnail","7":"category-noticias"},"_links":{"self":[{"href":"https:\/\/www.revistacomercio.com.br\/index.php\/wp-json\/wp\/v2\/posts\/1750","targetHints":{"allow":["GET"]}}],"collection":[{"href":"https:\/\/www.revistacomercio.com.br\/index.php\/wp-json\/wp\/v2\/posts"}],"about":[{"href":"https:\/\/www.revistacomercio.com.br\/index.php\/wp-json\/wp\/v2\/types\/post"}],"author":[{"embeddable":true,"href":"https:\/\/www.revistacomercio.com.br\/index.php\/wp-json\/wp\/v2\/users\/1"}],"replies":[{"embeddable":true,"href":"https:\/\/www.revistacomercio.com.br\/index.php\/wp-json\/wp\/v2\/comments?post=1750"}],"version-history":[{"count":0,"href":"https:\/\/www.revistacomercio.com.br\/index.php\/wp-json\/wp\/v2\/posts\/1750\/revisions"}],"wp:featuredmedia":[{"embeddable":true,"href":"https:\/\/www.revistacomercio.com.br\/index.php\/wp-json\/wp\/v2\/media\/1751"}],"wp:attachment":[{"href":"https:\/\/www.revistacomercio.com.br\/index.php\/wp-json\/wp\/v2\/media?parent=1750"}],"wp:term":[{"taxonomy":"category","embeddable":true,"href":"https:\/\/www.revistacomercio.com.br\/index.php\/wp-json\/wp\/v2\/categories?post=1750"},{"taxonomy":"post_tag","embeddable":true,"href":"https:\/\/www.revistacomercio.com.br\/index.php\/wp-json\/wp\/v2\/tags?post=1750"}],"curies":[{"name":"wp","href":"https:\/\/api.w.org\/{rel}","templated":true}]}}