{"id":1742,"date":"2026-04-30T22:06:06","date_gmt":"2026-04-30T22:06:06","guid":{"rendered":"https:\/\/www.revistacomercio.com.br\/index.php\/2026\/04\/30\/lula-confirma-que-mistura-de-etanol-na-gasolina-vai-aumentar-de-30-para-32\/"},"modified":"2026-04-30T22:06:06","modified_gmt":"2026-04-30T22:06:06","slug":"lula-confirma-que-mistura-de-etanol-na-gasolina-vai-aumentar-de-30-para-32","status":"publish","type":"post","link":"https:\/\/www.revistacomercio.com.br\/index.php\/2026\/04\/30\/lula-confirma-que-mistura-de-etanol-na-gasolina-vai-aumentar-de-30-para-32\/","title":{"rendered":"Lula confirma que mistura de etanol na gasolina vai aumentar de 30% para 32%"},"content":{"rendered":"<p> <br \/>\n<\/p>\n<p>No caso do aumento da mistura de biodiesel no diesel, de 15% para 16%, haveria necessidade de testes, segundo autoridades afirmaram anteriormente<\/p>\n<div wp_automatic_readability=\"101\">\n<div class=\"post_image\"><span class=\"image_fonte\"> WILTON JUNIOR\/ESTAD\u00c3O CONTE\u00daDO<\/span><picture><source media=\"(max-width: 799px)\" srcset=\"https:\/\/jpimg.com.br\/uploads\/2025\/06\/age20250625069-311x207.jpg\"><source media=\"(min-width: 800px)\" srcset=\"https:\/\/jpimg.com.br\/uploads\/2025\/06\/age20250625069-676x450.jpg\"><img decoding=\"async\" class=\"img-responsive type:primaryImage\" src=\"https:\/\/jpimg.com.br\/uploads\/2025\/06\/age20250625069-676x450.jpg\" alt=\"Lula\" id=\"zoom-img\"><br \/>\n                                        <\/source><\/source><\/picture><span class=\"image_credits\">Biocombust\u00edvel \u00e9 feito majoritariamente de \u00f3leo de soja no Brasil, uma medida que deve agradar o agroneg\u00f3cio.<br \/><\/span><\/div>\n<p><?xml encoding=\"UTF-8\"???><\/p>\n<p>O presidente Luiz In\u00e1cio Lula da Silva (PT) afirmou nesta quinta-feira (30) que o governo anunciar\u00e1 um aumento da mistura obrigat\u00f3ria de etanol anidro na gasolina de 30% para 32%, sinalizando tamb\u00e9m que dever\u00e1 acontecer uma alta na mescla de biodiesel no diesel dos atuais 15% para 16%. \u201cAinda esta semana vamos anunciar sair de 30 para 32 e sair de 15 para 16 no biocombust\u00edvel\u201d, afirmou Lula, em evento no Pal\u00e1cio do Planalto.<\/p>\n<p>O Minist\u00e9rio de Minas e Energia j\u00e1 havia indicado que uma proposta de aumento da mistura obrigat\u00f3ria de etanol para 32% seria apreciada na <strong>pr\u00f3xima reuni\u00e3o do Conselho Nacional de Pol\u00edtica Energ\u00e9tica (CNPE), prevista para 7 de maio.<\/strong><\/p>\n<p>No caso do aumento da mistura de biodiesel no diesel, de 15% para 16%, haveria necessidade de testes, segundo autoridades afirmaram anteriormente. O biocombust\u00edvel \u00e9 feito majoritariamente de \u00f3leo de soja no Brasil, uma medida que deve agradar o agroneg\u00f3cio.<\/p>\n<p>A confirma\u00e7\u00e3o de Lula vem no momento em que os<strong> pre\u00e7os dos combust\u00edveis f\u00f3sseis est\u00e3o com press\u00e3o altista pela cota\u00e7\u00e3o do petr\u00f3leo<\/strong>, devido \u00e0 guerra no Ir\u00e3 e ao bloqueio do Estreito de Ormuz, por onde passavam cerca de 20% do petr\u00f3leo e g\u00e1s natural liquefeito consumidos no mundo.<\/p>\n<p>Lula n\u00e3o mencionou datas ou a quest\u00e3o dos testes para o biodiesel, algo que o ministro de Minas e Energia, Alexandre Silveira, manifestou ser necess\u00e1rio anteriormente.\u00a0\u201cO presidente Lula acerta na fala, pois o <strong>B16 ajuda a proteger o transportador brasileiro da crise internacional criada pela guerra no Golfo<\/strong>\u201c, afirmou Andr\u00e9 Nassar, presidente da Associa\u00e7\u00e3o Brasileira das Ind\u00fastrias de \u00d3leos Vegetais (Abiove), que integra a Alian\u00e7aBiodiesel.<\/p>\n<p>Com a alta do diesel f\u00f3ssil, o biodiesel ganhou competitividade, em momento em que o Brasil est\u00e1 finalizando a colheita de uma safra recorde de soja.\u00a0A associa\u00e7\u00e3o Aprobio, que tamb\u00e9m integra a alian\u00e7a, afirmou que o <strong>setor produtivo est\u00e1 pronto para ampliar a oferta de biodiesel para atender uma mistura obrigat\u00f3ria maior.<\/strong><\/p>\n<p>\u201cO setor fica em grande expectativa com essa declara\u00e7\u00e3o (do presidente) porque ela acontece num momento de extrema import\u00e2ncia para que o pa\u00eds reduza sua depend\u00eancia de importa\u00e7\u00e3o de diesel\u201d, disse Jer\u00f4nimo Goergen, presidente da Aprobio.<strong>\u00a0O pa\u00eds importa cerca de 25% de seu consumo de diesel.<\/strong><\/p>\n<p>Por outro lado, entidades que representam os setores de transporte, petr\u00f3leo e derivados, de distribui\u00e7\u00e3o de combust\u00edveis, postos e importadores de diesel e gasolina defenderam no in\u00edcio do m\u00eas rigor t\u00e9cnico em testes antes de qualquer decis\u00e3o sobre o aumento da mistura de biodiesel no Brasil.\u00a0As entidades destacaram que o \u201ccumprimento integral\u201d da Lei do Combust\u00edvel do Futuro exige a comprova\u00e7\u00e3o da viabilidade t\u00e9cnica.<\/p>\n<p>Al\u00e9m disso, afirmaram que crises conjunturais, como a gerada pela guerra no Ir\u00e3, \u201cn\u00e3o devem ser utilizadas como fator de simplifica\u00e7\u00e3o de procedimentos t\u00e9cnicos ou o afrouxamento de requisitos de qualidade\u201d.<\/p>\n<\/p><\/div>\n<p><script async src=\"https:\/\/connect.facebook.net\/pt_BR\/all.js#xfbml=1\"><\/script><br \/>\n<br \/><br \/>\n<br \/><a href=\"https:\/\/jovempan.com.br\/noticias\/economia\/lula-confirma-que-mistura-de-etanol-na-gasolina-vai-aumentar-de-30-para-32.html\">Fonte: Jovem Pan <\/a><\/p>\n","protected":false},"excerpt":{"rendered":"<p>No caso do aumento da mistura de biodiesel no diesel, de 15% para 16%, haveria necessidade de testes, segundo autoridades afirmaram anteriormente WILTON JUNIOR\/ESTAD\u00c3O CONTE\u00daDO Biocombust\u00edvel \u00e9 feito majoritariamente de \u00f3leo de soja no Brasil, uma medida que deve agradar o agroneg\u00f3cio. O presidente Luiz In\u00e1cio Lula da Silva (PT) afirmou nesta quinta-feira (30) que [&hellip;]<\/p>\n","protected":false},"author":1,"featured_media":1743,"comment_status":"open","ping_status":"open","sticky":false,"template":"","format":"standard","meta":{"fifu_image_url":"https:\/\/jpimg.com.br\/uploads\/2025\/06\/age20250625069.jpg","fifu_image_alt":"","footnotes":""},"categories":[1],"tags":[],"class_list":{"0":"post-1742","1":"post","2":"type-post","3":"status-publish","4":"format-standard","5":"has-post-thumbnail","7":"category-noticias"},"_links":{"self":[{"href":"https:\/\/www.revistacomercio.com.br\/index.php\/wp-json\/wp\/v2\/posts\/1742","targetHints":{"allow":["GET"]}}],"collection":[{"href":"https:\/\/www.revistacomercio.com.br\/index.php\/wp-json\/wp\/v2\/posts"}],"about":[{"href":"https:\/\/www.revistacomercio.com.br\/index.php\/wp-json\/wp\/v2\/types\/post"}],"author":[{"embeddable":true,"href":"https:\/\/www.revistacomercio.com.br\/index.php\/wp-json\/wp\/v2\/users\/1"}],"replies":[{"embeddable":true,"href":"https:\/\/www.revistacomercio.com.br\/index.php\/wp-json\/wp\/v2\/comments?post=1742"}],"version-history":[{"count":0,"href":"https:\/\/www.revistacomercio.com.br\/index.php\/wp-json\/wp\/v2\/posts\/1742\/revisions"}],"wp:featuredmedia":[{"embeddable":true,"href":"https:\/\/www.revistacomercio.com.br\/index.php\/wp-json\/wp\/v2\/media\/1743"}],"wp:attachment":[{"href":"https:\/\/www.revistacomercio.com.br\/index.php\/wp-json\/wp\/v2\/media?parent=1742"}],"wp:term":[{"taxonomy":"category","embeddable":true,"href":"https:\/\/www.revistacomercio.com.br\/index.php\/wp-json\/wp\/v2\/categories?post=1742"},{"taxonomy":"post_tag","embeddable":true,"href":"https:\/\/www.revistacomercio.com.br\/index.php\/wp-json\/wp\/v2\/tags?post=1742"}],"curies":[{"name":"wp","href":"https:\/\/api.w.org\/{rel}","templated":true}]}}