{"id":1740,"date":"2026-04-30T16:39:06","date_gmt":"2026-04-30T16:39:06","guid":{"rendered":"https:\/\/www.revistacomercio.com.br\/index.php\/2026\/04\/30\/presidente-do-mexico-vira-ao-brasil-para-assinar-memorando-entre-pemex-e-petrobras\/"},"modified":"2026-04-30T16:39:06","modified_gmt":"2026-04-30T16:39:06","slug":"presidente-do-mexico-vira-ao-brasil-para-assinar-memorando-entre-pemex-e-petrobras","status":"publish","type":"post","link":"https:\/\/www.revistacomercio.com.br\/index.php\/2026\/04\/30\/presidente-do-mexico-vira-ao-brasil-para-assinar-memorando-entre-pemex-e-petrobras\/","title":{"rendered":"Presidente do M\u00e9xico vir\u00e1 ao Brasil para assinar memorando entre Pemex e Petrobras"},"content":{"rendered":"<p> <br \/>\n<\/p>\n<div id=\"post-2129077\">\n<h3 class=\"post-description\"><\/h3>\n<p>Sheinbaum afirmou que uma equipe t\u00e9cnica da Petrobras estar\u00e1 no M\u00e9xico em meados de maio para discutir produ\u00e7\u00e3o, explora\u00e7\u00e3o, refino e biocombust\u00edveis<\/p>\n<p>                <!--\/meta--><\/p>\n<div class=\"context\" wp_automatic_readability=\"52\">\n<div class=\"post_image\"><span class=\"image_fonte\">EFE\/S\u00e1shenka Guti\u00e9rrez<br \/>\n<\/span><picture><source media=\"(max-width: 799px)\" srcset=\"https:\/\/jpimg.com.br\/uploads\/2025\/11\/116c8f92ffd8179bd498b62b295448a6b827e6f9-310x207.jpg\"><source media=\"(min-width: 800px)\" srcset=\"https:\/\/jpimg.com.br\/uploads\/2025\/11\/116c8f92ffd8179bd498b62b295448a6b827e6f9-675x450.jpg\"><img decoding=\"async\" class=\"img-responsive type:primaryImage\" src=\"https:\/\/jpimg.com.br\/uploads\/2025\/11\/116c8f92ffd8179bd498b62b295448a6b827e6f9-675x450.jpg\" alt=\"Claudia Sheinbaum\" id=\"zoom-img\"><br \/>\n                                        <\/source><\/source><\/picture><\/div>\n<p><?xml encoding=\"UTF-8\"????><\/p>\n<p><strong>A presidente mexicana, Claudia Sheinbaum, disse<\/strong> nesta quinta-feira que espera que as petrol\u00edferas <strong>Pemex e Petrobras cheguem a um memorando de entendimento para \u201ccolabora\u00e7\u00e3o e coopera\u00e7\u00e3o\u201d<\/strong> e que<strong> viajar\u00e1 ao Brasil para assin\u00e1-lo com seu hom\u00f3logo Luiz In\u00e1cio Lula da Silva,<\/strong> em data ainda a ser definida.<\/p>\n<p><strong>Na semana passada, a presidente se reuniu na Cidade do M\u00e9xico com executivos da Petrobras<\/strong>, liderados por sua presidente, Magda Chambriard, para discutir o estabelecimento de uma colabora\u00e7\u00e3o com a Pemex na explora\u00e7\u00e3o, produ\u00e7\u00e3o e refino de petr\u00f3leo bruto.<\/p>\n<p>Sheinbaum afirmou que uma <strong>equipe t\u00e9cnica da Petrobras estar\u00e1 no M\u00e9xico em meados de maio<\/strong> para discutir produ\u00e7\u00e3o, explora\u00e7\u00e3o, refino e biocombust\u00edveis.<\/p>\n<\/p><\/div>\n<p>                <!--\/meta-->\n            <\/div>\n<p><script async src=\"https:\/\/connect.facebook.net\/pt_BR\/all.js#xfbml=1\"><\/script><br \/>\n<br \/><br \/>\n<br \/><a href=\"https:\/\/jovempan.com.br\/noticias\/economia\/presidente-do-mexico-vira-ao-brasil-para-assinar-memorando-entre-pemex-e-petrobras.html\">Fonte: Jovem Pan <\/a><\/p>\n","protected":false},"excerpt":{"rendered":"<p>Sheinbaum afirmou que uma equipe t\u00e9cnica da Petrobras estar\u00e1 no M\u00e9xico em meados de maio para discutir produ\u00e7\u00e3o, explora\u00e7\u00e3o, refino e biocombust\u00edveis EFE\/S\u00e1shenka Guti\u00e9rrez A presidente mexicana, Claudia Sheinbaum, disse nesta quinta-feira que espera que as petrol\u00edferas Pemex e Petrobras cheguem a um memorando de entendimento para \u201ccolabora\u00e7\u00e3o e coopera\u00e7\u00e3o\u201d e que viajar\u00e1 ao Brasil [&hellip;]<\/p>\n","protected":false},"author":1,"featured_media":1741,"comment_status":"open","ping_status":"open","sticky":false,"template":"","format":"standard","meta":{"fifu_image_url":"https:\/\/jpimg.com.br\/uploads\/2025\/11\/116c8f92ffd8179bd498b62b295448a6b827e6f9.jpg","fifu_image_alt":"","footnotes":""},"categories":[1],"tags":[],"class_list":{"0":"post-1740","1":"post","2":"type-post","3":"status-publish","4":"format-standard","5":"has-post-thumbnail","7":"category-noticias"},"_links":{"self":[{"href":"https:\/\/www.revistacomercio.com.br\/index.php\/wp-json\/wp\/v2\/posts\/1740","targetHints":{"allow":["GET"]}}],"collection":[{"href":"https:\/\/www.revistacomercio.com.br\/index.php\/wp-json\/wp\/v2\/posts"}],"about":[{"href":"https:\/\/www.revistacomercio.com.br\/index.php\/wp-json\/wp\/v2\/types\/post"}],"author":[{"embeddable":true,"href":"https:\/\/www.revistacomercio.com.br\/index.php\/wp-json\/wp\/v2\/users\/1"}],"replies":[{"embeddable":true,"href":"https:\/\/www.revistacomercio.com.br\/index.php\/wp-json\/wp\/v2\/comments?post=1740"}],"version-history":[{"count":0,"href":"https:\/\/www.revistacomercio.com.br\/index.php\/wp-json\/wp\/v2\/posts\/1740\/revisions"}],"wp:featuredmedia":[{"embeddable":true,"href":"https:\/\/www.revistacomercio.com.br\/index.php\/wp-json\/wp\/v2\/media\/1741"}],"wp:attachment":[{"href":"https:\/\/www.revistacomercio.com.br\/index.php\/wp-json\/wp\/v2\/media?parent=1740"}],"wp:term":[{"taxonomy":"category","embeddable":true,"href":"https:\/\/www.revistacomercio.com.br\/index.php\/wp-json\/wp\/v2\/categories?post=1740"},{"taxonomy":"post_tag","embeddable":true,"href":"https:\/\/www.revistacomercio.com.br\/index.php\/wp-json\/wp\/v2\/tags?post=1740"}],"curies":[{"name":"wp","href":"https:\/\/api.w.org\/{rel}","templated":true}]}}