{"id":1738,"date":"2026-04-30T13:32:25","date_gmt":"2026-04-30T13:32:25","guid":{"rendered":"https:\/\/www.revistacomercio.com.br\/index.php\/2026\/04\/30\/desemprego-sobe-e-chega-a-61-no-trimestre-encerrado-em-marco-diz-ibge\/"},"modified":"2026-04-30T13:32:25","modified_gmt":"2026-04-30T13:32:25","slug":"desemprego-sobe-e-chega-a-61-no-trimestre-encerrado-em-marco-diz-ibge","status":"publish","type":"post","link":"https:\/\/www.revistacomercio.com.br\/index.php\/2026\/04\/30\/desemprego-sobe-e-chega-a-61-no-trimestre-encerrado-em-marco-diz-ibge\/","title":{"rendered":"Desemprego sobe e chega a 6,1% no trimestre encerrado em mar\u00e7o, diz IBGE"},"content":{"rendered":"<p> <br \/>\n<\/p>\n<div id=\"post-2129015\">\n<h3 class=\"post-description\"><\/h3>\n<p>No per\u00edodo finalizado em fevereiro, taxa era de 5,8%; dados foram divulgados nesta quinta-feira (30) pelo instituto<\/p>\n<p>                <!--\/meta--><\/p>\n<div class=\"context\" wp_automatic_readability=\"63\">\n<div class=\"post_image\"><span class=\"image_fonte\">Divulga\u00e7\u00e3o \/ Ag\u00eancia Brasil<\/span><picture><source media=\"(max-width: 799px)\" srcset=\"https:\/\/jpimg.com.br\/uploads\/2025\/09\/imagem-jvp-2025-09-16t094033.146-345x207.png\"><source media=\"(min-width: 800px)\" srcset=\"https:\/\/jpimg.com.br\/uploads\/2025\/09\/imagem-jvp-2025-09-16t094033.146-750x450.png\"><img decoding=\"async\" class=\"img-responsive type:primaryImage\" src=\"https:\/\/jpimg.com.br\/uploads\/2025\/09\/imagem-jvp-2025-09-16t094033.146-750x450.png\" alt=\"Carteira de Trabalho -desemprego\" id=\"zoom-img\"><br \/>\n                                        <\/source><\/source><\/picture><span class=\"image_credits\">Desemprego sobe e chega a 6,1% no trimestre encerrado em mar\u00e7o, diz IBGE<br \/><\/span><\/div>\n<p><?xml encoding=\"UTF-8\"????><\/p>\n<p>A taxa de desemprego no Brasil ficou em <strong>6,1%<\/strong> no <strong>trimestre encerrado em mar\u00e7o<\/strong>, de acordo com os dados que constam na Pesquisa Nacional por Amostra de Domic\u00edlios Cont\u00ednua (Pnad Cont\u00ednua) divulgados nesta quinta-feira (30), pelo Instituto Brasileiro de Geografia e Estat\u00edstica (IBGE).<\/p>\n<p>O resultado ficou perto do teto das estimativas colhidas pelo Proje\u00e7\u00f5es Broadcast, cujo intervalo ia de piso de 5,9% a teto de 6,2%, com mediana de 6%.<\/p>\n<p>A taxa de desemprego no pa\u00eds <strong>voltou a subir<\/strong>, passando de 5,8% no trimestre terminado em fevereiro para 6,1% no trimestre encerrado em mar\u00e7o. O resultado foi o <strong>mais elevado desde o trimestre terminado em maio de 2025<\/strong>, quando estava em 6,2%.<\/p>\n<p>Por\u00e9m, a taxa de desocupa\u00e7\u00e3o est\u00e1 no <strong>patamar mais baixo para trimestres encerrados em mar\u00e7o em toda a s\u00e9rie hist\u00f3rica da pesquisa<\/strong>, iniciada em 2012. Em igual per\u00edodo do ano anterior, a taxa de desemprego medida pela Pnad Cont\u00ednua estava em 7,0%.<\/p>\n<p><em>*Com informa\u00e7\u00f5es do Estad\u00e3o Conte\u00fado<\/em><\/p>\n<\/p><\/div>\n<p>                <!--\/meta-->\n            <\/div>\n<p><script async src=\"https:\/\/connect.facebook.net\/pt_BR\/all.js#xfbml=1\"><\/script><br \/>\n<br \/><br \/>\n<br \/><a href=\"https:\/\/jovempan.com.br\/noticias\/economia\/desemprego-sobe-e-chega-a-61-no-trimestre-encerrado-em-marco-diz-ibge.html\">Fonte: Jovem Pan <\/a><\/p>\n","protected":false},"excerpt":{"rendered":"<p>No per\u00edodo finalizado em fevereiro, taxa era de 5,8%; dados foram divulgados nesta quinta-feira (30) pelo instituto Divulga\u00e7\u00e3o \/ Ag\u00eancia Brasil Desemprego sobe e chega a 6,1% no trimestre encerrado em mar\u00e7o, diz IBGE A taxa de desemprego no Brasil ficou em 6,1% no trimestre encerrado em mar\u00e7o, de acordo com os dados que constam [&hellip;]<\/p>\n","protected":false},"author":1,"featured_media":1739,"comment_status":"open","ping_status":"open","sticky":false,"template":"","format":"standard","meta":{"fifu_image_url":"https:\/\/jpimg.com.br\/uploads\/2025\/09\/imagem-jvp-2025-09-16t094033.146.png","fifu_image_alt":"","footnotes":""},"categories":[1],"tags":[],"class_list":{"0":"post-1738","1":"post","2":"type-post","3":"status-publish","4":"format-standard","5":"has-post-thumbnail","7":"category-noticias"},"_links":{"self":[{"href":"https:\/\/www.revistacomercio.com.br\/index.php\/wp-json\/wp\/v2\/posts\/1738","targetHints":{"allow":["GET"]}}],"collection":[{"href":"https:\/\/www.revistacomercio.com.br\/index.php\/wp-json\/wp\/v2\/posts"}],"about":[{"href":"https:\/\/www.revistacomercio.com.br\/index.php\/wp-json\/wp\/v2\/types\/post"}],"author":[{"embeddable":true,"href":"https:\/\/www.revistacomercio.com.br\/index.php\/wp-json\/wp\/v2\/users\/1"}],"replies":[{"embeddable":true,"href":"https:\/\/www.revistacomercio.com.br\/index.php\/wp-json\/wp\/v2\/comments?post=1738"}],"version-history":[{"count":0,"href":"https:\/\/www.revistacomercio.com.br\/index.php\/wp-json\/wp\/v2\/posts\/1738\/revisions"}],"wp:featuredmedia":[{"embeddable":true,"href":"https:\/\/www.revistacomercio.com.br\/index.php\/wp-json\/wp\/v2\/media\/1739"}],"wp:attachment":[{"href":"https:\/\/www.revistacomercio.com.br\/index.php\/wp-json\/wp\/v2\/media?parent=1738"}],"wp:term":[{"taxonomy":"category","embeddable":true,"href":"https:\/\/www.revistacomercio.com.br\/index.php\/wp-json\/wp\/v2\/categories?post=1738"},{"taxonomy":"post_tag","embeddable":true,"href":"https:\/\/www.revistacomercio.com.br\/index.php\/wp-json\/wp\/v2\/tags?post=1738"}],"curies":[{"name":"wp","href":"https:\/\/api.w.org\/{rel}","templated":true}]}}