{"id":1730,"date":"2026-04-29T21:51:25","date_gmt":"2026-04-29T21:51:25","guid":{"rendered":"https:\/\/www.revistacomercio.com.br\/index.php\/2026\/04\/29\/copum-reduz-taxa-de-juros-para-1450-ao-ano\/"},"modified":"2026-04-29T21:51:25","modified_gmt":"2026-04-29T21:51:25","slug":"copum-reduz-taxa-de-juros-para-1450-ao-ano","status":"publish","type":"post","link":"https:\/\/www.revistacomercio.com.br\/index.php\/2026\/04\/29\/copum-reduz-taxa-de-juros-para-1450-ao-ano\/","title":{"rendered":"Copum reduz taxa de juros para 14,50% ao ano"},"content":{"rendered":"<p> <br \/>\n<\/p>\n<p>\u00cdndice \u00e9 o principal instrumento do Banco Central para manter a infla\u00e7\u00e3o sob controle<\/p>\n<div wp_automatic_readability=\"79\">\n<div class=\"post_image\"><span class=\"image_fonte\">Rafa Neddermeyer\/Ag\u00eancia Brasil<\/span><picture><source media=\"(max-width: 799px)\" srcset=\"https:\/\/jpimg.com.br\/uploads\/2025\/10\/design-sem-nome-8-4-345x207.png\"><source media=\"(min-width: 800px)\" srcset=\"https:\/\/jpimg.com.br\/uploads\/2025\/10\/design-sem-nome-8-4-750x450.png\"><img decoding=\"async\" class=\"img-responsive type:primaryImage\" src=\"https:\/\/jpimg.com.br\/uploads\/2025\/10\/design-sem-nome-8-4-750x450.png\" alt=\"Contas externas do Brasil tiveram saldo negativo de US$ 9,774 bilh\u00f5es em setembro, informou o Banco Central (BC)\" id=\"zoom-img\"><br \/>\n                                        <\/source><\/source><\/picture><span class=\"image_credits\">O\u00a0Copom re\u00fane-se a cada 45 dias<br \/><\/span><\/div>\n<p><?xml encoding=\"UTF-8\"???><\/p>\n<p>O Comit\u00ea de Pol\u00edtica Monet\u00e1ria (Copom) do Banco Central (BC) reduziu a taxa de juros, para 14,5% ao ano nesta quarta-feira (29), uma queda de 0,25 ponto percentual em rela\u00e7\u00e3o ao patamar anterior de 14,75%.<\/p>\n<h2>Taxa Selic<\/h2>\n<p>A taxa b\u00e1sica de juros \u00e9 usada nas\u00a0<strong>negocia\u00e7\u00f5es de t\u00edtulos p\u00fablicos emitidos pelo Tesouro Nacional<\/strong>\u00a0no Sistema Especial de Liquida\u00e7\u00e3o e Cust\u00f3dia (Selic) e serve de refer\u00eancia para as demais taxas da economia. Ela \u00e9 o principal instrumento do Banco Central para manter a infla\u00e7\u00e3o sob controle.<\/p>\n<p>O BC atua diariamente por meio de opera\u00e7\u00f5es de mercado aberto \u2013 comprando e vendendo t\u00edtulos p\u00fablicos federais \u2013 para manter a taxa de juros pr\u00f3xima do valor definido na reuni\u00e3o.<\/p>\n<p>Quando o Copom aumenta a taxa b\u00e1sica de juros, pretende conter a demanda aquecida, e isso causa reflexos nos pre\u00e7os porque os juros mais altos encarecem o cr\u00e9dito e estimulam a poupan\u00e7a.<\/p>\n<p>Desse modo, taxas de j<strong>uros mais altas tamb\u00e9m podem dificultar a expans\u00e3o da economia.<\/strong>\u00a0Mas, al\u00e9m da Selic, os bancos consideram outros fatores na hora de definir os juros cobrados dos consumidores, como risco de inadimpl\u00eancia, lucro e despesas administrativas.<\/p>\n<p>Ao reduzir a Selic, a tend\u00eancia \u00e9 de que o\u00a0<strong>cr\u00e9dito fique mais barato,<\/strong>\u00a0com incentivo \u00e0 produ\u00e7\u00e3o e ao consumo, afrouxando o controle da infla\u00e7\u00e3o e estimulando a atividade econ\u00f4mica.<\/p>\n<p>O\u00a0<strong>Copom re\u00fane-se a cada 45 dias<\/strong>. No primeiro dia do encontro, s\u00e3o feitas apresenta\u00e7\u00f5es t\u00e9cnicas sobre a evolu\u00e7\u00e3o e as perspectivas das economias brasileira e mundial e o comportamento do mercado financeiro. No segundo dia, os membros do Copom, formado pela diretoria do BC, analisam as possibilidades e definem a Selic.<\/p>\n<p><em>*Em atualiza\u00e7\u00e3o, com informa\u00e7\u00f5es do Estad\u00e3o Conte\u00fado<\/em><\/p>\n<\/p><\/div>\n<p><script async src=\"https:\/\/connect.facebook.net\/pt_BR\/all.js#xfbml=1\"><\/script><br \/>\n<br \/><br \/>\n<br \/><a href=\"https:\/\/jovempan.com.br\/noticias\/economia\/copum-reduz-taxa-de-juros-para-1450-ao-ano.html\">Fonte: Jovem Pan <\/a><\/p>\n","protected":false},"excerpt":{"rendered":"<p>\u00cdndice \u00e9 o principal instrumento do Banco Central para manter a infla\u00e7\u00e3o sob controle Rafa Neddermeyer\/Ag\u00eancia Brasil O\u00a0Copom re\u00fane-se a cada 45 dias O Comit\u00ea de Pol\u00edtica Monet\u00e1ria (Copom) do Banco Central (BC) reduziu a taxa de juros, para 14,5% ao ano nesta quarta-feira (29), uma queda de 0,25 ponto percentual em rela\u00e7\u00e3o ao patamar [&hellip;]<\/p>\n","protected":false},"author":1,"featured_media":1731,"comment_status":"open","ping_status":"open","sticky":false,"template":"","format":"standard","meta":{"fifu_image_url":"https:\/\/jpimg.com.br\/uploads\/2025\/10\/design-sem-nome-8-4.png","fifu_image_alt":"","footnotes":""},"categories":[1],"tags":[],"class_list":{"0":"post-1730","1":"post","2":"type-post","3":"status-publish","4":"format-standard","5":"has-post-thumbnail","7":"category-noticias"},"_links":{"self":[{"href":"https:\/\/www.revistacomercio.com.br\/index.php\/wp-json\/wp\/v2\/posts\/1730","targetHints":{"allow":["GET"]}}],"collection":[{"href":"https:\/\/www.revistacomercio.com.br\/index.php\/wp-json\/wp\/v2\/posts"}],"about":[{"href":"https:\/\/www.revistacomercio.com.br\/index.php\/wp-json\/wp\/v2\/types\/post"}],"author":[{"embeddable":true,"href":"https:\/\/www.revistacomercio.com.br\/index.php\/wp-json\/wp\/v2\/users\/1"}],"replies":[{"embeddable":true,"href":"https:\/\/www.revistacomercio.com.br\/index.php\/wp-json\/wp\/v2\/comments?post=1730"}],"version-history":[{"count":0,"href":"https:\/\/www.revistacomercio.com.br\/index.php\/wp-json\/wp\/v2\/posts\/1730\/revisions"}],"wp:featuredmedia":[{"embeddable":true,"href":"https:\/\/www.revistacomercio.com.br\/index.php\/wp-json\/wp\/v2\/media\/1731"}],"wp:attachment":[{"href":"https:\/\/www.revistacomercio.com.br\/index.php\/wp-json\/wp\/v2\/media?parent=1730"}],"wp:term":[{"taxonomy":"category","embeddable":true,"href":"https:\/\/www.revistacomercio.com.br\/index.php\/wp-json\/wp\/v2\/categories?post=1730"},{"taxonomy":"post_tag","embeddable":true,"href":"https:\/\/www.revistacomercio.com.br\/index.php\/wp-json\/wp\/v2\/tags?post=1730"}],"curies":[{"name":"wp","href":"https:\/\/api.w.org\/{rel}","templated":true}]}}