{"id":1728,"date":"2026-04-29T15:44:18","date_gmt":"2026-04-29T15:44:18","guid":{"rendered":"https:\/\/www.revistacomercio.com.br\/index.php\/2026\/04\/29\/comite-do-senado-dos-eua-aprova-warsh-para-presidencia-do-fed-votacao-vai-ao-plenario\/"},"modified":"2026-04-29T15:44:18","modified_gmt":"2026-04-29T15:44:18","slug":"comite-do-senado-dos-eua-aprova-warsh-para-presidencia-do-fed-votacao-vai-ao-plenario","status":"publish","type":"post","link":"https:\/\/www.revistacomercio.com.br\/index.php\/2026\/04\/29\/comite-do-senado-dos-eua-aprova-warsh-para-presidencia-do-fed-votacao-vai-ao-plenario\/","title":{"rendered":"Comit\u00ea do Senado dos EUA aprova Warsh para presid\u00eancia do Fed; vota\u00e7\u00e3o vai ao Plen\u00e1rio"},"content":{"rendered":"<p> <br \/>\n<\/p>\n<p>A aprova\u00e7\u00e3o de Warsh no Comit\u00ea Banc\u00e1rio do Senado dos EUA era amplamente esperada<\/p>\n<div wp_automatic_readability=\"82\">\n<div class=\"post_image\"><span class=\"image_fonte\">Reprodu\u00e7\u00e3o\/CNN<\/span><picture><source media=\"(max-width: 799px)\" srcset=\"https:\/\/jpimg.com.br\/uploads\/2026\/04\/kevin-warsh-fed-chair-digvid-cln-345x194.jpg\"><source media=\"(min-width: 800px)\" srcset=\"https:\/\/jpimg.com.br\/uploads\/2026\/04\/kevin-warsh-fed-chair-digvid-cln-750x422.jpg\"><img decoding=\"async\" class=\"img-responsive type:primaryImage\" src=\"https:\/\/jpimg.com.br\/uploads\/2026\/04\/kevin-warsh-fed-chair-digvid-cln-750x422.jpg\" alt=\"Kevin Warsh\" id=\"zoom-img\"><br \/>\n                                        <\/source><\/source><\/picture><span class=\"image_credits\">Kevin Warsh<br \/><\/span><\/div>\n<p><?xml encoding=\"UTF-8\"???><\/p>\n<p><strong>O Comit\u00ea Banc\u00e1rio do Senado dos Estados Unidos<\/strong> obteve os votos necess\u00e1rios para <strong>aprovar a nomea\u00e7\u00e3o de Kevin Warsh para a presid\u00eancia do Federal Reserve (Fed, o banco central norte-americano).<\/strong> O nome do indicado do presidente dos EUA, Donald Trump,<strong> ainda precisa passar pela chancela do colegiado pleno de senadores<\/strong> para ser aprovado definitivamente ao cargo.<\/p>\n<p><strong>A aprova\u00e7\u00e3o de Warsh no Comit\u00ea Banc\u00e1rio do Senado dos EUA era amplamente esperada<\/strong> e, segundo analistas, deve ocorrer em linha partid\u00e1ria, abrindo caminho para a vota\u00e7\u00e3o no plen\u00e1rio j\u00e1 no pr\u00f3ximo m\u00eas. O caminho ficou ainda mais \u201clivre\u201d depois de o senador republicano da Carolina do Norte, Thom Tillis, retirar sua oposi\u00e7\u00e3o para Warsh chefiar o BC norte-americano.<\/p>\n<p>Indicado por Trump em janeiro para suceder Jerome Powell no comando do Fed,<strong> Warsh enfrenta questionamentos de democratas sobre o grau de independ\u00eancia<\/strong> que manter\u00e1 \u00e0 frente do banco central, ap\u00f3s ter ecoado no ano passado os apelos de Trump por cortes de juros.<\/p>\n<p>Em sabatina na semana, <strong>Warsh classificou a independ\u00eancia da pol\u00edtica monet\u00e1ria como \u201cessencial\u201d,<\/strong> mas disse n\u00e3o acreditar que a independ\u00eancia operacional da pol\u00edtica monet\u00e1ria esteja \u201cparticularmente amea\u00e7ada\u201d quando funcion\u00e1rios eleitos \u2013 sejam eles presidentes, senadores ou membros da C\u00e2mara \u2013 expressam as suas opini\u00f5es sobre as taxas de juro. Na ocasi\u00e3o, ele deixou em aberto sua opini\u00e3o sobre a trajet\u00f3ria dos juros e at\u00e9 afirmou ser \u201cc\u00e9tico\u201d sobre a orienta\u00e7\u00e3o futura da institui\u00e7\u00e3o.<\/p>\n<p>Ex-diretor do Fed entre 2006 e 2011, durante o governo de George Bush, Warsh <strong>atuou como um dos principais interlocutores da institui\u00e7\u00e3o com os mercados na crise financeira global<\/strong>. Antes, passou pelo Morgan Stanley e pelo Conselho Econ\u00f4mico Nacional da Casa Branca.<\/p>\n<p>Apesar de ter defendido redu\u00e7\u00e3o dos juros em 2025,<strong> Warsh pode ter pouca margem para flexibilizar a pol\u00edtica monet\u00e1ria no curso prazo,<\/strong> uma vez que dirigentes do Fed t\u00eam sinalizado prefer\u00eancia por aguardar mais evid\u00eancias sobre os efeitos da guerra entre EUA-Israel e Ir\u00e3 sobre a economia americana. O avan\u00e7o da infla\u00e7\u00e3o para 3,3%, maior n\u00edvel em dois anos, e a desacelera\u00e7\u00e3o nas contrata\u00e7\u00f5es devem manter o banco central em uma posi\u00e7\u00e3o delicada nos pr\u00f3ximos meses.<\/p>\n<p><em>*Com informa\u00e7\u00f5es da Associated Press<\/em><\/p>\n<\/p><\/div>\n<p><script async src=\"https:\/\/connect.facebook.net\/pt_BR\/all.js#xfbml=1\"><\/script><br \/>\n<br \/><br \/>\n<br \/><a href=\"https:\/\/jovempan.com.br\/noticias\/economia\/comite-do-senado-dos-eua-aprova-warsh-para-presidencia-do-fed-votacao-vai-ao-plenario.html\">Fonte: Jovem Pan <\/a><\/p>\n","protected":false},"excerpt":{"rendered":"<p>A aprova\u00e7\u00e3o de Warsh no Comit\u00ea Banc\u00e1rio do Senado dos EUA era amplamente esperada Reprodu\u00e7\u00e3o\/CNN Kevin Warsh O Comit\u00ea Banc\u00e1rio do Senado dos Estados Unidos obteve os votos necess\u00e1rios para aprovar a nomea\u00e7\u00e3o de Kevin Warsh para a presid\u00eancia do Federal Reserve (Fed, o banco central norte-americano). O nome do indicado do presidente dos EUA, [&hellip;]<\/p>\n","protected":false},"author":1,"featured_media":1729,"comment_status":"open","ping_status":"open","sticky":false,"template":"","format":"standard","meta":{"fifu_image_url":"https:\/\/jpimg.com.br\/uploads\/2026\/04\/kevin-warsh-fed-chair-digvid-cln-1024x576.jpg","fifu_image_alt":"","footnotes":""},"categories":[1],"tags":[],"class_list":{"0":"post-1728","1":"post","2":"type-post","3":"status-publish","4":"format-standard","5":"has-post-thumbnail","7":"category-noticias"},"_links":{"self":[{"href":"https:\/\/www.revistacomercio.com.br\/index.php\/wp-json\/wp\/v2\/posts\/1728","targetHints":{"allow":["GET"]}}],"collection":[{"href":"https:\/\/www.revistacomercio.com.br\/index.php\/wp-json\/wp\/v2\/posts"}],"about":[{"href":"https:\/\/www.revistacomercio.com.br\/index.php\/wp-json\/wp\/v2\/types\/post"}],"author":[{"embeddable":true,"href":"https:\/\/www.revistacomercio.com.br\/index.php\/wp-json\/wp\/v2\/users\/1"}],"replies":[{"embeddable":true,"href":"https:\/\/www.revistacomercio.com.br\/index.php\/wp-json\/wp\/v2\/comments?post=1728"}],"version-history":[{"count":0,"href":"https:\/\/www.revistacomercio.com.br\/index.php\/wp-json\/wp\/v2\/posts\/1728\/revisions"}],"wp:featuredmedia":[{"embeddable":true,"href":"https:\/\/www.revistacomercio.com.br\/index.php\/wp-json\/wp\/v2\/media\/1729"}],"wp:attachment":[{"href":"https:\/\/www.revistacomercio.com.br\/index.php\/wp-json\/wp\/v2\/media?parent=1728"}],"wp:term":[{"taxonomy":"category","embeddable":true,"href":"https:\/\/www.revistacomercio.com.br\/index.php\/wp-json\/wp\/v2\/categories?post=1728"},{"taxonomy":"post_tag","embeddable":true,"href":"https:\/\/www.revistacomercio.com.br\/index.php\/wp-json\/wp\/v2\/tags?post=1728"}],"curies":[{"name":"wp","href":"https:\/\/api.w.org\/{rel}","templated":true}]}}