{"id":1726,"date":"2026-04-29T12:56:16","date_gmt":"2026-04-29T12:56:16","guid":{"rendered":"https:\/\/www.revistacomercio.com.br\/index.php\/2026\/04\/29\/agro-pode-parar-sem-enfrentamento-da-crise-diz-secretario-de-sp-na-agrishow\/"},"modified":"2026-04-29T12:56:16","modified_gmt":"2026-04-29T12:56:16","slug":"agro-pode-parar-sem-enfrentamento-da-crise-diz-secretario-de-sp-na-agrishow","status":"publish","type":"post","link":"https:\/\/www.revistacomercio.com.br\/index.php\/2026\/04\/29\/agro-pode-parar-sem-enfrentamento-da-crise-diz-secretario-de-sp-na-agrishow\/","title":{"rendered":"\u2018Agro pode parar sem enfrentamento da crise\u2019, diz secret\u00e1rio de SP na Agrishow"},"content":{"rendered":"<p> <br \/>\n<\/p>\n<div id=\"post-2128578\">\n<h3 class=\"post-description\"><\/h3>\n<p>Segundo Geraldo Melo Filho, o setor tem sido decisivo para o crescimento do pa\u00eds, mas enfrenta dificuldades e depende de medidas em n\u00edvel federal <\/p>\n<p>                <!--\/meta--><\/p>\n<div class=\"context\" wp_automatic_readability=\"38.263838592861\">\n<div class=\"post_image\"><span class=\"image_fonte\">Jovem Pan <\/span><picture><source media=\"(max-width: 799px)\" srcset=\"https:\/\/jpimg.com.br\/uploads\/2026\/04\/imagem-jvp-73-345x207.png\"><source media=\"(min-width: 800px)\" srcset=\"https:\/\/jpimg.com.br\/uploads\/2026\/04\/imagem-jvp-73-750x450.png\"><img decoding=\"async\" class=\"img-responsive type:primaryImage\" src=\"https:\/\/jpimg.com.br\/uploads\/2026\/04\/imagem-jvp-73-750x450.png\" alt=\"O secret\u00e1rio de Agricultura e Abastecimento de S\u00e3o Paulo, Geraldo Melo Filho\" id=\"zoom-img\"><br \/>\n                                        <\/source><\/source><\/picture><span class=\"image_credits\">O secret\u00e1rio de Agricultura e Abastecimento de S\u00e3o Paulo, Geraldo Melo Filho, durante entrevista \u00e0 Jovem Pan na Agrishow.\u00a0<br \/><\/span><\/div>\n<p><?xml encoding=\"UTF-8\"????><\/p>\n<p>O <strong>secret\u00e1rio de Agricultura e Abastecimento de S\u00e3o Paulo, Geraldo Melo Filho,<\/strong> afirmou que<strong> o agroneg\u00f3cio pode parar caso n\u00e3o haja um enfrentamento efetivo da crise<\/strong> enfrentada pelos produtores. A declara\u00e7\u00e3o foi dada \u00e0<strong> Jovem Pan<\/strong> <strong>News<\/strong> nesta ter\u00e7a-feira (28), durante a<strong> Agrishow, principal feira do setor no pa\u00eds<\/strong>, realizada em Ribeir\u00e3o Preto, no interior paulista.<\/p>\n<section class=\"text-token-text-primary w-full focus:outline-none [--shadow-height:45px] has-data-writing-block:pointer-events-none has-data-writing-block:-mt-(--shadow-height) has-data-writing-block:pt-(--shadow-height) [&amp;:has([data-writing-block])&gt;*]:pointer-events-auto [content-visibility:auto] supports-[content-visibility:auto]:[contain-intrinsic-size:auto_100lvh] R6Vx5W_threadScrollVars scroll-mb-[calc(var(--scroll-root-safe-area-inset-bottom,0px)+var(--thread-response-height))] scroll-mt-[calc(var(--header-height)+min(200px,max(70px,20svh)))]\" dir=\"auto\" data-turn-id=\"request-WEB:d05f0366-3407-452a-9227-a6b802376ea7-16\" data-testid=\"conversation-turn-34\" data-scroll-anchor=\"false\" data-turn=\"assistant\">\n<div class=\"text-base my-auto mx-auto pb-10 [--thread-content-margin:var(--thread-content-margin-xs,calc(var(--spacing)*4))] @w-sm\/main:[--thread-content-margin:var(--thread-content-margin-sm,calc(var(--spacing)*6))] @w-lg\/main:[--thread-content-margin:var(--thread-content-margin-lg,calc(var(--spacing)*16))] px-(--thread-content-margin)\">\n<div class=\"[--thread-content-max-width:40rem] @w-lg\/main:[--thread-content-max-width:48rem] mx-auto max-w-(--thread-content-max-width) flex-1 group\/turn-messages focus-visible:outline-hidden relative flex w-full min-w-0 flex-col agent-turn\">\n<div class=\"flex max-w-full flex-col gap-4 grow\">\n<div class=\"min-h-8 text-message relative flex w-full flex-col items-end gap-2 text-start break-words whitespace-normal outline-none keyboard-focused:focus-ring [.text-message+&amp;]:mt-1\" dir=\"auto\" tabindex=\"0\" data-message-author-role=\"assistant\" data-message-id=\"66d175a1-5cd0-4312-a107-b336598b3a76\" data-message-model-slug=\"gpt-5-3\" data-turn-start-message=\"true\">\n<div class=\"flex w-full flex-col gap-1 empty:hidden\" wp_automatic_readability=\"21.82889200561\">\n<div class=\"markdown prose dark:prose-invert w-full wrap-break-word light markdown-new-styling\" wp_automatic_readability=\"39.110098176718\">\n<p data-start=\"366\" data-end=\"715\">Segundo Melo Filho, o setor vive<strong> um momento complexo<\/strong>. \u201cPor um lado, temos recordes de produ\u00e7\u00e3o sendo batidos, e por outro, margens de rentabilidade muito pequenas ou at\u00e9 negativas. Isso leva a um outro tipo de recorde: o de inadimpl\u00eancia, algo que n\u00e3o \u00e9 tradi\u00e7\u00e3o no setor\u201d, afirmou.<\/p>\n<p data-start=\"717\" data-end=\"1031\">O secret\u00e1rio criticou os <strong>fatores que pressionam os produtores<\/strong>, como a taxa de juros elevada, oscila\u00e7\u00f5es do mercado internacional e o impacto de conflitos globais nos custos de produ\u00e7\u00e3o. \u201c\u00c9 um ambiente bastante dif\u00edcil de controlar, que forma um cen\u00e1rio extremamente preocupante\u201d, disse.<\/p>\n<p data-start=\"1033\" data-end=\"1377\">Ao comentar o papel do agroneg\u00f3cio na economia brasileira, Melo Filho ressaltou que o<strong> setor tem sido decisivo para o crescimento do pa\u00eds.<\/strong> \u201cO Brasil cresceu 2% no ano passado e isso s\u00f3 foi poss\u00edvel porque o agro cresceu 11%. \u00c9 o setor que alavanca a economia como um todo. Mas ele pode parar se n\u00e3o houver um enfrentamento da situa\u00e7\u00e3o\u201d, alertou.<\/p>\n<p data-start=\"1379\" data-end=\"1821\" data-is-last-node=\"\" data-is-only-node=\"\">O secret\u00e1rio tamb\u00e9m citou o <strong><a href=\"https:\/\/jovempan.com.br\/noticias\/politica\/agrishow-tarcisio-anuncia-investimento-de-r-455-milhoes-para-o-agro.html\">pacote de R$ 455 milh\u00f5es em investimentos e medidas estruturantes anunciado pelo governador Tarc\u00edsio de Freitas\u00a0(Republicanos)<\/a><\/strong> para fortalecer o agro paulista, mas afirmou que a\u00e7\u00f5es em n\u00edvel federal s\u00e3o indispens\u00e1veis.<\/p>\n<p data-start=\"1379\" data-end=\"1821\" data-is-last-node=\"\" data-is-only-node=\"\">\u201cEstamos tentando ajudar, na medida do poss\u00edvel, os nossos produtores a se manterem diante da crise. Mas \u00e9 preciso avan\u00e7ar. Compete ao governo federal atuar, come\u00e7ando pela quest\u00e3o da taxa de juros\u201d, concluiu.<\/p>\n<\/div>\n<\/div>\n<\/div>\n<\/div>\n<\/div>\n<\/div>\n<\/section><\/div>\n<p>                <!--\/meta-->\n            <\/div>\n<p><script async src=\"https:\/\/connect.facebook.net\/pt_BR\/all.js#xfbml=1\"><\/script><br \/>\n<br \/><br \/>\n<br \/><a href=\"https:\/\/jovempan.com.br\/noticias\/agronegocio\/agro-pode-parar-sem-enfrentamento-da-crise-diz-secretario-de-sp-na-agrishow.html\">Fonte: Jovem Pan <\/a><\/p>\n","protected":false},"excerpt":{"rendered":"<p>Segundo Geraldo Melo Filho, o setor tem sido decisivo para o crescimento do pa\u00eds, mas enfrenta dificuldades e depende de medidas em n\u00edvel federal Jovem Pan O secret\u00e1rio de Agricultura e Abastecimento de S\u00e3o Paulo, Geraldo Melo Filho, durante entrevista \u00e0 Jovem Pan na Agrishow.\u00a0 O secret\u00e1rio de Agricultura e Abastecimento de S\u00e3o Paulo, Geraldo [&hellip;]<\/p>\n","protected":false},"author":1,"featured_media":1727,"comment_status":"open","ping_status":"open","sticky":false,"template":"","format":"standard","meta":{"fifu_image_url":"https:\/\/jpimg.com.br\/uploads\/2026\/04\/imagem-jvp-73.png","fifu_image_alt":"","footnotes":""},"categories":[20],"tags":[],"class_list":{"0":"post-1726","1":"post","2":"type-post","3":"status-publish","4":"format-standard","5":"has-post-thumbnail","7":"category-agronegocios"},"_links":{"self":[{"href":"https:\/\/www.revistacomercio.com.br\/index.php\/wp-json\/wp\/v2\/posts\/1726","targetHints":{"allow":["GET"]}}],"collection":[{"href":"https:\/\/www.revistacomercio.com.br\/index.php\/wp-json\/wp\/v2\/posts"}],"about":[{"href":"https:\/\/www.revistacomercio.com.br\/index.php\/wp-json\/wp\/v2\/types\/post"}],"author":[{"embeddable":true,"href":"https:\/\/www.revistacomercio.com.br\/index.php\/wp-json\/wp\/v2\/users\/1"}],"replies":[{"embeddable":true,"href":"https:\/\/www.revistacomercio.com.br\/index.php\/wp-json\/wp\/v2\/comments?post=1726"}],"version-history":[{"count":0,"href":"https:\/\/www.revistacomercio.com.br\/index.php\/wp-json\/wp\/v2\/posts\/1726\/revisions"}],"wp:featuredmedia":[{"embeddable":true,"href":"https:\/\/www.revistacomercio.com.br\/index.php\/wp-json\/wp\/v2\/media\/1727"}],"wp:attachment":[{"href":"https:\/\/www.revistacomercio.com.br\/index.php\/wp-json\/wp\/v2\/media?parent=1726"}],"wp:term":[{"taxonomy":"category","embeddable":true,"href":"https:\/\/www.revistacomercio.com.br\/index.php\/wp-json\/wp\/v2\/categories?post=1726"},{"taxonomy":"post_tag","embeddable":true,"href":"https:\/\/www.revistacomercio.com.br\/index.php\/wp-json\/wp\/v2\/tags?post=1726"}],"curies":[{"name":"wp","href":"https:\/\/api.w.org\/{rel}","templated":true}]}}