{"id":1724,"date":"2026-04-29T10:05:44","date_gmt":"2026-04-29T10:05:44","guid":{"rendered":"https:\/\/www.revistacomercio.com.br\/index.php\/2026\/04\/29\/empresas-sem-ia-ja-estao-ficando-para-tras-diz-tallis-gomes-ao-lancar-nova-plataforma\/"},"modified":"2026-04-29T10:05:44","modified_gmt":"2026-04-29T10:05:44","slug":"empresas-sem-ia-ja-estao-ficando-para-tras-diz-tallis-gomes-ao-lancar-nova-plataforma","status":"publish","type":"post","link":"https:\/\/www.revistacomercio.com.br\/index.php\/2026\/04\/29\/empresas-sem-ia-ja-estao-ficando-para-tras-diz-tallis-gomes-ao-lancar-nova-plataforma\/","title":{"rendered":"Empresas sem IA j\u00e1 est\u00e3o ficando para tr\u00e1s, diz Tallis Gomes ao lan\u00e7ar nova plataforma"},"content":{"rendered":"<p> <br \/>\n<\/p>\n<p>Tecnologia j\u00e1 em fase de testes aposta em intelig\u00eancia artificial como fator decisivo para crescer e competir<\/p>\n<div wp_automatic_readability=\"113\">\n<div class=\"post_image\"><span class=\"image_fonte\">Divulga\u00e7\u00e3o<\/span><picture><source media=\"(max-width: 799px)\" srcset=\"https:\/\/jpimg.com.br\/uploads\/2023\/07\/tallis-03-311x207.jpeg\"><source media=\"(min-width: 800px)\" srcset=\"https:\/\/jpimg.com.br\/uploads\/2023\/07\/tallis-03-677x450.jpeg\"><img decoding=\"async\" class=\"img-responsive type:primaryImage\" src=\"https:\/\/jpimg.com.br\/uploads\/2023\/07\/tallis-03-677x450.jpeg\" alt=\"Tallis Gomes em foto de camisa preta\" id=\"zoom-img\"><br \/>\n                                        <\/source><\/source><\/picture><span class=\"image_credits\">Tallis Gomes criou seu primeiro neg\u00f3cio aos 14 anos<br \/><\/span><\/div>\n<p><?xml encoding=\"UTF-8\"???><\/p>\n<p>Empresas que ainda n\u00e3o utilizam IA de forma estruturada j\u00e1 come\u00e7aram a perder competitividade no Brasil. A avalia\u00e7\u00e3o \u00e9 de Tallis Gomes, CEO da G4 Educa\u00e7\u00e3o, que prepara o lan\u00e7amento de uma plataforma pr\u00f3pria de IA com potencial de atingir at\u00e9 100 mil usu\u00e1rios ainda neste ano.<\/p>\n<p>Empres\u00e1rios que j\u00e1 incorporaram esse tipo de tecnologia passaram a operar em outro ritmo. Decis\u00f5es s\u00e3o tomadas mais r\u00e1pido, com base em dados organizados em tempo real, enquanto concorrentes ainda dependem de processos mais lentos. O resultado aparece direto na margem, na produtividade e na capacidade de crescer.<\/p>\n<p>Essa divis\u00e3o j\u00e1 \u00e9 vis\u00edvel no mercado: de um lado, empresas que usam IA para ganhar efici\u00eancia e escala; de outro, neg\u00f3cios que come\u00e7am a perder espa\u00e7o mesmo mantendo o mesmo n\u00edvel de esfor\u00e7o. \u201cN\u00e3o tem como algu\u00e9m competir comigo hoje sem utilizar IA\u201d, afirma.<\/p>\n<p>A ferramenta, hoje em testes com cerca de 500 usu\u00e1rios, atua como um copiloto: organiza tarefas, prioriza decis\u00f5es e acelera a execu\u00e7\u00e3o no dia a dia. O movimento marca uma virada no posicionamento do G4. A empresa deixa de atuar apenas com educa\u00e7\u00e3o executiva e avan\u00e7a como fornecedora de solu\u00e7\u00f5es pr\u00e1ticas para gest\u00e3o, com tecnologia integrada \u00e0 opera\u00e7\u00e3o.<\/p>\n<p>A nova plataforma \u00e9 o principal passo nessa dire\u00e7\u00e3o. O sistema re\u00fane diferentes modelos de intelig\u00eancia artificial em um \u00fanico ambiente, mant\u00e9m o hist\u00f3rico de dados e sugere a\u00e7\u00f5es ao longo do dia. A proposta \u00e9 simples: transformar IA em ferramenta de decis\u00e3o, n\u00e3o apenas de consulta.<\/p>\n<p>O impacto j\u00e1 aparece nos n\u00fameros. Em tr\u00eas anos, o G4 saiu de cerca de R$ 100 milh\u00f5es de receita para mais de R$ 500 milh\u00f5es, com aumento de cerca de 10% no n\u00famero de funcion\u00e1rios. Segundo Tallis Gomes, o ganho de efici\u00eancia est\u00e1 diretamente ligado ao uso de IA na opera\u00e7\u00e3o.<\/p>\n<p>Para o executivo, o erro de muitas empresas \u00e9 repetir um padr\u00e3o antigo: adotar novas tecnologias sem mudar a forma de trabalhar. \u201cO empres\u00e1rio troca a tecnologia, mas n\u00e3o muda a forma de operar\u201d, diz.<\/p>\n<p>Esse descompasso ajuda a explicar por que parte do mercado ainda n\u00e3o captura valor com tecnologia. Mesmo com acesso amplo \u00e0s ferramentas, muitas empresas seguem usando IA de forma isolada, sem conex\u00e3o com estrat\u00e9gia e processos.<\/p>\n<p>O resultado \u00e9 previs\u00edvel: os mesmos problemas se repetem. Dificuldade de crescer, perda de margem, desafios de caixa e gargalos de gest\u00e3o aparecem em empresas de diferentes setores. \u201cResolver problema complexo virou commodity. O que diferencia agora \u00e9 execu\u00e7\u00e3o\u201d, afirma.<\/p>\n<p>A tend\u00eancia, segundo Tallis Gomes, \u00e9 de aumento dessa dist\u00e2ncia. De um lado, empresas que incorporam intelig\u00eancia artificial \u00e0 opera\u00e7\u00e3o e ganham escala. De outro, neg\u00f3cios que permanecem presos a modelos tradicionais e perdem competitividade.<\/p>\n<p>Com o lan\u00e7amento desta plataforma, o G4 aposta justamente nesse cen\u00e1rio. A ideia \u00e9 reduzir o gap entre saber e fazer, usando IA como apoio direto \u00e0 tomada de decis\u00e3o.<\/p>\n<p>Em um ambiente onde informa\u00e7\u00e3o deixou de ser vantagem, a diferen\u00e7a passa a estar na capacidade de agir. E, nesse novo contexto, a IA deixa de ser diferencial para se tornar requisito b\u00e1sico. E esse \u00e9 um movimento sem retorno.<\/p>\n<\/p><\/div>\n<p><script async src=\"https:\/\/connect.facebook.net\/pt_BR\/all.js#xfbml=1\"><\/script><br \/>\n<br \/><br \/>\n<br \/><a href=\"https:\/\/jovempan.com.br\/noticias\/economia\/negocios\/empresas-sem-ia-ja-estao-ficando-para-tras-diz-tallis-gomes-ao-lancar-nova-plataforma.html\">Fonte: Jovem Pan <\/a><\/p>\n","protected":false},"excerpt":{"rendered":"<p>Tecnologia j\u00e1 em fase de testes aposta em intelig\u00eancia artificial como fator decisivo para crescer e competir Divulga\u00e7\u00e3o Tallis Gomes criou seu primeiro neg\u00f3cio aos 14 anos Empresas que ainda n\u00e3o utilizam IA de forma estruturada j\u00e1 come\u00e7aram a perder competitividade no Brasil. A avalia\u00e7\u00e3o \u00e9 de Tallis Gomes, CEO da G4 Educa\u00e7\u00e3o, que prepara [&hellip;]<\/p>\n","protected":false},"author":1,"featured_media":1725,"comment_status":"open","ping_status":"open","sticky":false,"template":"","format":"standard","meta":{"fifu_image_url":"https:\/\/jpimg.com.br\/uploads\/2023\/07\/tallis-03.jpeg","fifu_image_alt":"","footnotes":""},"categories":[1],"tags":[],"class_list":{"0":"post-1724","1":"post","2":"type-post","3":"status-publish","4":"format-standard","5":"has-post-thumbnail","7":"category-noticias"},"_links":{"self":[{"href":"https:\/\/www.revistacomercio.com.br\/index.php\/wp-json\/wp\/v2\/posts\/1724","targetHints":{"allow":["GET"]}}],"collection":[{"href":"https:\/\/www.revistacomercio.com.br\/index.php\/wp-json\/wp\/v2\/posts"}],"about":[{"href":"https:\/\/www.revistacomercio.com.br\/index.php\/wp-json\/wp\/v2\/types\/post"}],"author":[{"embeddable":true,"href":"https:\/\/www.revistacomercio.com.br\/index.php\/wp-json\/wp\/v2\/users\/1"}],"replies":[{"embeddable":true,"href":"https:\/\/www.revistacomercio.com.br\/index.php\/wp-json\/wp\/v2\/comments?post=1724"}],"version-history":[{"count":0,"href":"https:\/\/www.revistacomercio.com.br\/index.php\/wp-json\/wp\/v2\/posts\/1724\/revisions"}],"wp:featuredmedia":[{"embeddable":true,"href":"https:\/\/www.revistacomercio.com.br\/index.php\/wp-json\/wp\/v2\/media\/1725"}],"wp:attachment":[{"href":"https:\/\/www.revistacomercio.com.br\/index.php\/wp-json\/wp\/v2\/media?parent=1724"}],"wp:term":[{"taxonomy":"category","embeddable":true,"href":"https:\/\/www.revistacomercio.com.br\/index.php\/wp-json\/wp\/v2\/categories?post=1724"},{"taxonomy":"post_tag","embeddable":true,"href":"https:\/\/www.revistacomercio.com.br\/index.php\/wp-json\/wp\/v2\/tags?post=1724"}],"curies":[{"name":"wp","href":"https:\/\/api.w.org\/{rel}","templated":true}]}}