{"id":1722,"date":"2026-04-29T01:55:26","date_gmt":"2026-04-29T01:55:26","guid":{"rendered":"https:\/\/www.revistacomercio.com.br\/index.php\/2026\/04\/29\/agrishow-tarcisio-anuncia-investimento-de-r-455-milhoes-para-o-agro\/"},"modified":"2026-04-29T01:55:26","modified_gmt":"2026-04-29T01:55:26","slug":"agrishow-tarcisio-anuncia-investimento-de-r-455-milhoes-para-o-agro","status":"publish","type":"post","link":"https:\/\/www.revistacomercio.com.br\/index.php\/2026\/04\/29\/agrishow-tarcisio-anuncia-investimento-de-r-455-milhoes-para-o-agro\/","title":{"rendered":"Agrishow: Tarc\u00edsio anuncia investimento de R$ 455 milh\u00f5es para o agro"},"content":{"rendered":"<p> <br \/>\n<\/p>\n<div id=\"post-2128483\">\n<h3 class=\"post-description\"><\/h3>\n<p>FEAP Mulher recebe o maior aporte desde a cria\u00e7\u00e3o da linha, com R$ 25 milh\u00f5es destinados ao cr\u00e9dito para produtoras rurais<\/p>\n<p>                <!--\/meta--><\/p>\n<div class=\"context\" wp_automatic_readability=\"41\">\n<div class=\"post_image\"><span class=\"image_fonte\">Paulo Guereta\/Governo de SP<\/span><picture><source media=\"(max-width: 799px)\" srcset=\"https:\/\/jpimg.com.br\/uploads\/2026\/04\/tarcisio-de-freitas-345x207.jpg\"><source media=\"(min-width: 800px)\" srcset=\"https:\/\/jpimg.com.br\/uploads\/2026\/04\/tarcisio-de-freitas-750x450.jpg\"><img decoding=\"async\" class=\"img-responsive type:primaryImage\" src=\"https:\/\/jpimg.com.br\/uploads\/2026\/04\/tarcisio-de-freitas-750x450.jpg\" alt=\"Tarc\u00edsio de freitas\" id=\"zoom-img\"><br \/>\n                                        <\/source><\/source><\/picture><span class=\"image_credits\">A\u00e7\u00f5es envolveram diversos \u00f3rg\u00e3os e secretarias estaduais<br \/><\/span><\/div>\n<p><?xml encoding=\"UTF-8\"????><\/p>\n<div class=\"elementor-element elementor-element-2028351 elementor-widget__width-initial titulo-conteudo elementor-widget elementor-widget-theme-post-title elementor-page-title elementor-widget-heading\" data-id=\"2028351\" data-element_type=\"widget\" data-widget_type=\"theme-post-title.default\" wp_automatic_readability=\"32.5\">\n<p>Al\u00e9m da destina\u00e7\u00e3o para o FEAP Mulher, o governo tamb\u00e9m lan\u00e7ou a C\u00e2mara Tem\u00e1tica da Mulher do Agroneg\u00f3cio, que <strong>passar\u00e1 a integrar o conjunto de mais de 40 c\u00e2maras setoriais e tem\u00e1ticas da Secretaria de Agricultura e Abastecimento<\/strong>.<\/p>\n<\/div>\n<p>Para o seguro rural, ser\u00e3o destinados R$ 100 milh\u00f5es em subven\u00e7\u00e3o ao pr\u00eamio, com expectativa de atender cerca de 20 mil ap\u00f3lices. J\u00e1 o Pr\u00f3-Trator conta com R$ 40 milh\u00f5es em subven\u00e7\u00e3o para aquisi\u00e7\u00e3o de m\u00e1quinas e equipamentos, com impacto estimado de aproximadamente 1.000 itens financiados.<\/p>\n<\/p><\/div>\n<p>                <!--\/meta-->\n            <\/div>\n<p><script async src=\"https:\/\/connect.facebook.net\/pt_BR\/all.js#xfbml=1\"><\/script><br \/>\n<br \/><br \/>\n<br \/><a href=\"https:\/\/jovempan.com.br\/noticias\/politica\/agrishow-tarcisio-anuncia-investimento-de-r-455-milhoes-para-o-agro.html\">Fonte: Jovem Pan <\/a><\/p>\n","protected":false},"excerpt":{"rendered":"<p>FEAP Mulher recebe o maior aporte desde a cria\u00e7\u00e3o da linha, com R$ 25 milh\u00f5es destinados ao cr\u00e9dito para produtoras rurais Paulo Guereta\/Governo de SP A\u00e7\u00f5es envolveram diversos \u00f3rg\u00e3os e secretarias estaduais Al\u00e9m da destina\u00e7\u00e3o para o FEAP Mulher, o governo tamb\u00e9m lan\u00e7ou a C\u00e2mara Tem\u00e1tica da Mulher do Agroneg\u00f3cio, que passar\u00e1 a integrar o [&hellip;]<\/p>\n","protected":false},"author":1,"featured_media":1723,"comment_status":"open","ping_status":"open","sticky":false,"template":"","format":"standard","meta":{"fifu_image_url":"https:\/\/jpimg.com.br\/uploads\/2026\/04\/tarcisio-de-freitas.jpg","fifu_image_alt":"","footnotes":""},"categories":[20],"tags":[],"class_list":{"0":"post-1722","1":"post","2":"type-post","3":"status-publish","4":"format-standard","5":"has-post-thumbnail","7":"category-agronegocios"},"_links":{"self":[{"href":"https:\/\/www.revistacomercio.com.br\/index.php\/wp-json\/wp\/v2\/posts\/1722","targetHints":{"allow":["GET"]}}],"collection":[{"href":"https:\/\/www.revistacomercio.com.br\/index.php\/wp-json\/wp\/v2\/posts"}],"about":[{"href":"https:\/\/www.revistacomercio.com.br\/index.php\/wp-json\/wp\/v2\/types\/post"}],"author":[{"embeddable":true,"href":"https:\/\/www.revistacomercio.com.br\/index.php\/wp-json\/wp\/v2\/users\/1"}],"replies":[{"embeddable":true,"href":"https:\/\/www.revistacomercio.com.br\/index.php\/wp-json\/wp\/v2\/comments?post=1722"}],"version-history":[{"count":0,"href":"https:\/\/www.revistacomercio.com.br\/index.php\/wp-json\/wp\/v2\/posts\/1722\/revisions"}],"wp:featuredmedia":[{"embeddable":true,"href":"https:\/\/www.revistacomercio.com.br\/index.php\/wp-json\/wp\/v2\/media\/1723"}],"wp:attachment":[{"href":"https:\/\/www.revistacomercio.com.br\/index.php\/wp-json\/wp\/v2\/media?parent=1722"}],"wp:term":[{"taxonomy":"category","embeddable":true,"href":"https:\/\/www.revistacomercio.com.br\/index.php\/wp-json\/wp\/v2\/categories?post=1722"},{"taxonomy":"post_tag","embeddable":true,"href":"https:\/\/www.revistacomercio.com.br\/index.php\/wp-json\/wp\/v2\/tags?post=1722"}],"curies":[{"name":"wp","href":"https:\/\/api.w.org\/{rel}","templated":true}]}}