{"id":1714,"date":"2026-04-28T13:26:56","date_gmt":"2026-04-28T13:26:56","guid":{"rendered":"https:\/\/www.revistacomercio.com.br\/index.php\/2026\/04\/28\/previa-da-inflacao-acelera-para-089-em-abril-puxada-por-alimentos-e-combustiveis\/"},"modified":"2026-04-28T13:26:56","modified_gmt":"2026-04-28T13:26:56","slug":"previa-da-inflacao-acelera-para-089-em-abril-puxada-por-alimentos-e-combustiveis","status":"publish","type":"post","link":"https:\/\/www.revistacomercio.com.br\/index.php\/2026\/04\/28\/previa-da-inflacao-acelera-para-089-em-abril-puxada-por-alimentos-e-combustiveis\/","title":{"rendered":"Pr\u00e9via da infla\u00e7\u00e3o acelera para 0,89% em abril, puxada por alimentos e combust\u00edveis"},"content":{"rendered":"<p> <br \/>\n<\/p>\n<p>Dados divulgados nesta ter\u00e7a-feira (28) pelo IBGE apontam que o IPCA-15 registrou alta em rela\u00e7\u00e3o a mar\u00e7o<\/p>\n<div wp_automatic_readability=\"107\">\n<div class=\"post_image\"><span class=\"image_fonte\">EVANDRO LEAL\/ENQUADRAR\/ESTAD\u00c3O CONTE\u00daDO<\/span><picture><source media=\"(max-width: 799px)\" srcset=\"https:\/\/jpimg.com.br\/uploads\/2026\/04\/design-sem-nome-48-345x207.png\"><source media=\"(min-width: 800px)\" srcset=\"https:\/\/jpimg.com.br\/uploads\/2026\/04\/design-sem-nome-48-750x450.png\"><img decoding=\"async\" class=\"img-responsive type:primaryImage\" src=\"https:\/\/jpimg.com.br\/uploads\/2026\/04\/design-sem-nome-48-750x450.png\" alt=\"Pr\u00e9via da infla\u00e7\u00e3o acelera para 0,89% em abril, puxada por alimentos e combust\u00edveis\" id=\"zoom-img\"><br \/>\n                                        <\/source><\/source><\/picture><span class=\"image_credits\">Pr\u00e9via da infla\u00e7\u00e3o acelera para 0,89% em abril, puxada por alimentos e combust\u00edveis<br \/><\/span><\/div>\n<p><?xml encoding=\"UTF-8\"???><\/p>\n<p>A pr\u00e9via da infla\u00e7\u00e3o oficial do pa\u00eds, medida pelo \u00cdndice Nacional de Pre\u00e7os ao Consumidor Amplo 15 (IPCA-15), acelerou e atingiu <strong>0,89% em abril<\/strong>, impulsionada principalmente pelo <strong>aumento no pre\u00e7o dos alimentos<\/strong> e dos <strong>combust\u00edveis<\/strong>. Os dados foram divulgados nesta ter\u00e7a-feira (28) pelo Instituto Brasileiro de Geografia e Estat\u00edstica (IBGE).<\/p>\n<p>Com o resultado, o IPCA-15 mostra um <strong>avan\u00e7o expressivo<\/strong> em compara\u00e7\u00e3o ao m\u00eas anterior, quando a taxa foi de 0,44%. Agora, o indicador acumula uma infla\u00e7\u00e3o de <strong>2,39%<\/strong> no ano e chega a <strong>4,37%<\/strong> na soma dos \u00faltimos 12 meses.<\/p>\n<p>Dos nove grupos de produtos e servi\u00e7os analisados pelo IBGE, os gastos com <strong>alimenta\u00e7\u00e3o<\/strong> e <strong>locomo\u00e7\u00e3o<\/strong> foram os que mais pesaram no bolso do brasileiro. O grupo <strong>Alimenta\u00e7\u00e3o e Bebidas<\/strong> subiu <strong>1,46%<\/strong>, enquanto o setor de <strong>Transportes<\/strong> avan\u00e7ou <strong>1,34%<\/strong>. Somados, esses dois grupos responderam por <strong>65% de toda a infla\u00e7\u00e3o<\/strong> do m\u00eas.<\/p>\n<p>O terceiro setor que mais encareceu o custo de vida foi o de <strong>Sa\u00fade e Cuidados Pessoais<\/strong> (0,93%), reflexo direto do <strong>reajuste anual de at\u00e9 3,81%<\/strong> autorizado pelo governo para o pre\u00e7o dos medicamentos a partir de 1\u00ba de abril.<\/p>\n<p><strong>Confira a varia\u00e7\u00e3o mensal dos pre\u00e7os por grupos:<\/strong><\/p>\n<ul>\n<li><strong>Alimenta\u00e7\u00e3o e bebidas:<\/strong> 1,46%;<\/li>\n<li><strong>Transportes:<\/strong> 1,34%;<\/li>\n<li><strong>Sa\u00fade e cuidados pessoais:<\/strong> 0,93%;<\/li>\n<li><strong>Vestu\u00e1rio:<\/strong> 0,76%;<\/li>\n<li><strong>Artigos de resid\u00eancia:<\/strong> 0,48%;<\/li>\n<li><strong>Comunica\u00e7\u00e3o:<\/strong> 0,48%;<\/li>\n<li><strong>Habita\u00e7\u00e3o:<\/strong> 0,42%;<\/li>\n<li><strong>Despesas pessoais:<\/strong> 0,32%;<\/li>\n<li><strong>Educa\u00e7\u00e3o:<\/strong> 0,05%;<\/li>\n<\/ul>\n<h2>Fazer feira e ir ao mercado encareceram<\/h2>\n<p>A principal press\u00e3o dentro do or\u00e7amento alimentar veio das <strong>compras consumidas em casa<\/strong>. A chamada \u201calimenta\u00e7\u00e3o no domic\u00edlio\u201d acelerou de 1,10% em mar\u00e7o para <strong>1,77%<\/strong> em abril.<\/p>\n<p>O <strong>clima<\/strong> e os <strong>ciclos de colheita<\/strong> afetaram diretamente os hortifr\u00fatis. Os itens que mais encareceram nas prateleiras foram:<\/p>\n<ul>\n<li><strong>Cenoura:<\/strong> +25,43%;<\/li>\n<li><strong>Cebola:<\/strong> +16,54%;<\/li>\n<li><strong>Leite longa vida:<\/strong> +16,33%;<\/li>\n<li><strong>Tomate:<\/strong> +13,76%;<\/li>\n<\/ul>\n<p>Apesar do susto na sess\u00e3o de vegetais e latic\u00ednios, alguns produtos deram um pequeno al\u00edvio aos consumidores, com quedas nos pre\u00e7os da <strong>ma\u00e7\u00e3<\/strong> (-4,76%) e do <strong>caf\u00e9 mo\u00eddo<\/strong> (-1,58%). Comer fora de casa tamb\u00e9m ficou ligeiramente mais caro, com lanches e refei\u00e7\u00f5es registrando altas de <strong>0,87%<\/strong> e <strong>0,65%<\/strong>, respectivamente.<\/p>\n<h2>Gasolina volta a assustar no transporte<\/h2>\n<p>A conta de Transportes subiu de forma acentuada influenciada pelo <strong>encarecimento direto dos combust\u00edveis<\/strong>. O subgrupo de combust\u00edveis saiu de uma queda leve em mar\u00e7o (-0,03%) para um <strong>salto de 6,06%<\/strong> neste m\u00eas.<\/p>\n<p>Apenas a gasolina ficou <strong>6,23% mais cara<\/strong>, tornando-se o <strong>item de maior impacto individual<\/strong> em toda a infla\u00e7\u00e3o de abril.<\/p>\n<p>Na contram\u00e3o, quem viajou de avi\u00e3o sentiu o pre\u00e7o mais baixo. Em cidades como Bras\u00edlia, a queda no custo das passagens a\u00e9reas chegou a superar a marca de <strong>10%<\/strong>, ajudando a evitar que o \u00edndice geral de infla\u00e7\u00e3o fosse ainda maior.<\/p>\n<\/p><\/div>\n<p><script async src=\"https:\/\/connect.facebook.net\/pt_BR\/all.js#xfbml=1\"><\/script><br \/>\n<br \/><br \/>\n<br \/><a href=\"https:\/\/jovempan.com.br\/noticias\/economia\/previa-da-inflacao-acelera-para-089-em-abril-puxada-por-alimentos-e-combustiveis.html\">Fonte: Jovem Pan <\/a><\/p>\n","protected":false},"excerpt":{"rendered":"<p>Dados divulgados nesta ter\u00e7a-feira (28) pelo IBGE apontam que o IPCA-15 registrou alta em rela\u00e7\u00e3o a mar\u00e7o EVANDRO LEAL\/ENQUADRAR\/ESTAD\u00c3O CONTE\u00daDO Pr\u00e9via da infla\u00e7\u00e3o acelera para 0,89% em abril, puxada por alimentos e combust\u00edveis A pr\u00e9via da infla\u00e7\u00e3o oficial do pa\u00eds, medida pelo \u00cdndice Nacional de Pre\u00e7os ao Consumidor Amplo 15 (IPCA-15), acelerou e atingiu 0,89% [&hellip;]<\/p>\n","protected":false},"author":1,"featured_media":1715,"comment_status":"open","ping_status":"open","sticky":false,"template":"","format":"standard","meta":{"fifu_image_url":"https:\/\/jpimg.com.br\/uploads\/2026\/04\/design-sem-nome-48.png","fifu_image_alt":"","footnotes":""},"categories":[1],"tags":[],"class_list":{"0":"post-1714","1":"post","2":"type-post","3":"status-publish","4":"format-standard","5":"has-post-thumbnail","7":"category-noticias"},"_links":{"self":[{"href":"https:\/\/www.revistacomercio.com.br\/index.php\/wp-json\/wp\/v2\/posts\/1714","targetHints":{"allow":["GET"]}}],"collection":[{"href":"https:\/\/www.revistacomercio.com.br\/index.php\/wp-json\/wp\/v2\/posts"}],"about":[{"href":"https:\/\/www.revistacomercio.com.br\/index.php\/wp-json\/wp\/v2\/types\/post"}],"author":[{"embeddable":true,"href":"https:\/\/www.revistacomercio.com.br\/index.php\/wp-json\/wp\/v2\/users\/1"}],"replies":[{"embeddable":true,"href":"https:\/\/www.revistacomercio.com.br\/index.php\/wp-json\/wp\/v2\/comments?post=1714"}],"version-history":[{"count":0,"href":"https:\/\/www.revistacomercio.com.br\/index.php\/wp-json\/wp\/v2\/posts\/1714\/revisions"}],"wp:featuredmedia":[{"embeddable":true,"href":"https:\/\/www.revistacomercio.com.br\/index.php\/wp-json\/wp\/v2\/media\/1715"}],"wp:attachment":[{"href":"https:\/\/www.revistacomercio.com.br\/index.php\/wp-json\/wp\/v2\/media?parent=1714"}],"wp:term":[{"taxonomy":"category","embeddable":true,"href":"https:\/\/www.revistacomercio.com.br\/index.php\/wp-json\/wp\/v2\/categories?post=1714"},{"taxonomy":"post_tag","embeddable":true,"href":"https:\/\/www.revistacomercio.com.br\/index.php\/wp-json\/wp\/v2\/tags?post=1714"}],"curies":[{"name":"wp","href":"https:\/\/api.w.org\/{rel}","templated":true}]}}