{"id":1712,"date":"2026-04-28T10:40:19","date_gmt":"2026-04-28T10:40:19","guid":{"rendered":"https:\/\/www.revistacomercio.com.br\/index.php\/2026\/04\/28\/secretario-de-sp-critica-juros-e-diz-que-produtor-enfrenta-quase-extorsao-na-agrishow\/"},"modified":"2026-04-28T10:40:19","modified_gmt":"2026-04-28T10:40:19","slug":"secretario-de-sp-critica-juros-e-diz-que-produtor-enfrenta-quase-extorsao-na-agrishow","status":"publish","type":"post","link":"https:\/\/www.revistacomercio.com.br\/index.php\/2026\/04\/28\/secretario-de-sp-critica-juros-e-diz-que-produtor-enfrenta-quase-extorsao-na-agrishow\/","title":{"rendered":"Secret\u00e1rio de SP critica juros e diz que produtor enfrenta \u2018quase extors\u00e3o\u2019 na Agrishow"},"content":{"rendered":"<p> <br \/>\n<\/p>\n<div id=\"post-2128198\">\n<h3 class=\"post-description\"><\/h3>\n<p>Geraldo Melo Filho afirma que endividamento pode levar produtores a perder terras para bancos e critica pol\u00edtica agr\u00edcola do governo federal durante evento do agroneg\u00f3cio<\/p>\n<p>                <!--\/meta--><\/p>\n<div class=\"context\" wp_automatic_readability=\"59.67032967033\">\n<div class=\"post_image\"><span class=\"image_fonte\">Ag\u00eancia de Not\u00edcias do<br \/>\nGoverno do Estado de S\u00e3o Paulo<\/span><picture><source media=\"(max-width: 799px)\" srcset=\"https:\/\/jpimg.com.br\/uploads\/2026\/04\/vac_abr_2302220122-311x207.jpg\"><source media=\"(min-width: 800px)\" srcset=\"https:\/\/jpimg.com.br\/uploads\/2026\/04\/vac_abr_2302220122-675x450.jpg\"><img decoding=\"async\" class=\"img-responsive type:primaryImage\" src=\"https:\/\/jpimg.com.br\/uploads\/2026\/04\/vac_abr_2302220122-675x450.jpg\" alt=\"Geraldo Melo Filho como novo secret\u00e1rio de Agricultura e Abastecimento\" id=\"zoom-img\"><br \/>\n                                        <\/source><\/source><\/picture><span class=\"image_credits\">O secret\u00e1rio de Agricultura e Abastecimento de S\u00e3o Paulo, Geraldo Melo Filho. <br \/><\/span><\/div>\n<p><?xml encoding=\"UTF-8\"????><\/p>\n<p>O secret\u00e1rio de Agricultura e Abastecimento de S\u00e3o Paulo, <strong>Geraldo Melo Filho,<\/strong> afirmou nesta segunda-feira (27), que o<strong> produtor rural brasileiro enfrenta juros que \u201cbeiram a extors\u00e3o\u201d<\/strong> e que o Pa\u00eds caminha para uma \u201creforma agr\u00e1ria\u201d imposta pelo endividamento, com produtores perdendo terras para bancos e credores. Em discurso na <strong><a href=\"https:\/\/jovempan.com.br\/noticias\/politica\/na-agrishow-flavio-bolsonaro-diz-que-governo-lula-pisa-e-asfixia-o-agro.html\">Agrishow<\/a><\/strong>, Melo Filho criticou a pol\u00edtica agr\u00edcola do governo federal.<\/p>\n<p>\u201cO setor trabalha com margem m\u00ednima, quando n\u00e3o negativa, e os maus resultados s\u00e3o turbinados por juros que beiram a extors\u00e3o do nosso produtor. (\u2026) O nosso campo vai caminhando no rumo de uma verdadeira reforma agr\u00e1ria, s\u00f3 que ela vai ser imposta pelo endividamento, com os produtores endividados caminhando para perder terra para banco e para credor\u201d, afirmou o secret\u00e1rio.<\/p>\n<p>O Agrishow contou com a presen\u00e7a de outros candidatos e<strong>\u00a0l\u00edderes da direita ligados ao ex-presidente\u00a0<span class=\"hover:entity-accent entity-underline inline cursor-pointer align-baseline\"><span class=\"whitespace-normal\">Jair Bolsonaro<\/span><\/span>\u00a0(PL).<\/strong><\/p>\n<section class=\"text-token-text-primary w-full focus:outline-none [--shadow-height:45px] has-data-writing-block:pointer-events-none has-data-writing-block:-mt-(--shadow-height) has-data-writing-block:pt-(--shadow-height) [&amp;:has([data-writing-block])&gt;*]:pointer-events-auto [content-visibility:auto] supports-[content-visibility:auto]:[contain-intrinsic-size:auto_100lvh] R6Vx5W_threadScrollVars scroll-mb-[calc(var(--scroll-root-safe-area-inset-bottom,0px)+var(--thread-response-height))] scroll-mt-[calc(var(--header-height)+min(200px,max(70px,20svh)))]\" dir=\"auto\" data-turn-id=\"request-WEB:ff671300-d8e6-452a-b5e4-408bc14e72b1-14\" data-testid=\"conversation-turn-30\" data-scroll-anchor=\"false\" data-turn=\"assistant\">\n<div class=\"text-base my-auto mx-auto pb-10 [--thread-content-margin:var(--thread-content-margin-xs,calc(var(--spacing)*4))] @w-sm\/main:[--thread-content-margin:var(--thread-content-margin-sm,calc(var(--spacing)*6))] @w-lg\/main:[--thread-content-margin:var(--thread-content-margin-lg,calc(var(--spacing)*16))] px-(--thread-content-margin)\">\n<div class=\"[--thread-content-max-width:40rem] @w-lg\/main:[--thread-content-max-width:48rem] mx-auto max-w-(--thread-content-max-width) flex-1 group\/turn-messages focus-visible:outline-hidden relative flex w-full min-w-0 flex-col agent-turn\">\n<div class=\"flex max-w-full flex-col gap-4 grow\">\n<div class=\"min-h-8 text-message relative flex w-full flex-col items-end gap-2 text-start break-words whitespace-normal outline-none keyboard-focused:focus-ring [.text-message+&amp;]:mt-1\" dir=\"auto\" tabindex=\"0\" data-message-author-role=\"assistant\" data-message-id=\"6db305ac-dcc4-423a-b89e-45fb64960013\" data-message-model-slug=\"gpt-5-3\" data-turn-start-message=\"true\">\n<div class=\"flex w-full flex-col gap-1 empty:hidden\" wp_automatic_readability=\"8\">\n<div class=\"markdown prose dark:prose-invert w-full wrap-break-word light markdown-new-styling\" wp_automatic_readability=\"11\">\n<p data-start=\"152\" data-end=\"448\">Entre eles estavam o presidente da\u00a0<span class=\"hover:entity-accent entity-underline inline cursor-pointer align-baseline\"><span class=\"whitespace-normal\">Assembleia Legislativa do Estado de S\u00e3o Paulo<\/span><\/span>, deputado\u00a0<span class=\"hover:entity-accent entity-underline inline cursor-pointer align-baseline\"><span class=\"whitespace-normal\">Andr\u00e9 do Prado<\/span><\/span>\u00a0(PL); o deputado\u00a0<span class=\"hover:entity-accent entity-underline inline cursor-pointer align-baseline\"><span class=\"whitespace-normal\">Guilherme Derrite<\/span><\/span>\u00a0(Progressistas); e o presidente da\u00a0<span class=\"hover:entity-accent entity-underline inline cursor-pointer align-baseline\"><span class=\"whitespace-normal\">Frente Parlamentar da Agropecu\u00e1ria<\/span><\/span>,\u00a0<span class=\"hover:entity-accent entity-underline inline cursor-pointer align-baseline\"><span class=\"whitespace-normal\">Pedro Lupion<\/span><\/span>\u00a0(PP-PR).<\/p>\n<\/div>\n<\/div>\n<\/div>\n<\/div>\n<\/div>\n<\/div>\n<\/section>\n<p>J\u00e1\u00a0<strong>Luiz In\u00e1cio Lula da Silva (PT)<\/strong>, em seu terceiro mandato,\u00a0<strong>n\u00e3o compareceu ao evento em nenhum ano.<\/strong><\/p>\n<p>*Com informa\u00e7\u00f5es do Estad\u00e3o Conte\u00fado<\/p>\n<\/p><\/div>\n<p>                <!--\/meta-->\n            <\/div>\n<p><script async src=\"https:\/\/connect.facebook.net\/pt_BR\/all.js#xfbml=1\"><\/script><br \/>\n<br \/><br \/>\n<br \/><a href=\"https:\/\/jovempan.com.br\/noticias\/agronegocio\/secretario-de-sp-critica-juros-e-diz-que-produtor-enfrenta-quase-extorsao-na-agrishow.html\">Fonte: Jovem Pan <\/a><\/p>\n","protected":false},"excerpt":{"rendered":"<p>Geraldo Melo Filho afirma que endividamento pode levar produtores a perder terras para bancos e critica pol\u00edtica agr\u00edcola do governo federal durante evento do agroneg\u00f3cio Ag\u00eancia de Not\u00edcias do Governo do Estado de S\u00e3o Paulo O secret\u00e1rio de Agricultura e Abastecimento de S\u00e3o Paulo, Geraldo Melo Filho. O secret\u00e1rio de Agricultura e Abastecimento de S\u00e3o [&hellip;]<\/p>\n","protected":false},"author":1,"featured_media":1713,"comment_status":"open","ping_status":"open","sticky":false,"template":"","format":"standard","meta":{"fifu_image_url":"https:\/\/jpimg.com.br\/uploads\/2026\/04\/vac_abr_2302220122-1024x682.jpg","fifu_image_alt":"","footnotes":""},"categories":[20],"tags":[],"class_list":{"0":"post-1712","1":"post","2":"type-post","3":"status-publish","4":"format-standard","5":"has-post-thumbnail","7":"category-agronegocios"},"_links":{"self":[{"href":"https:\/\/www.revistacomercio.com.br\/index.php\/wp-json\/wp\/v2\/posts\/1712","targetHints":{"allow":["GET"]}}],"collection":[{"href":"https:\/\/www.revistacomercio.com.br\/index.php\/wp-json\/wp\/v2\/posts"}],"about":[{"href":"https:\/\/www.revistacomercio.com.br\/index.php\/wp-json\/wp\/v2\/types\/post"}],"author":[{"embeddable":true,"href":"https:\/\/www.revistacomercio.com.br\/index.php\/wp-json\/wp\/v2\/users\/1"}],"replies":[{"embeddable":true,"href":"https:\/\/www.revistacomercio.com.br\/index.php\/wp-json\/wp\/v2\/comments?post=1712"}],"version-history":[{"count":0,"href":"https:\/\/www.revistacomercio.com.br\/index.php\/wp-json\/wp\/v2\/posts\/1712\/revisions"}],"wp:featuredmedia":[{"embeddable":true,"href":"https:\/\/www.revistacomercio.com.br\/index.php\/wp-json\/wp\/v2\/media\/1713"}],"wp:attachment":[{"href":"https:\/\/www.revistacomercio.com.br\/index.php\/wp-json\/wp\/v2\/media?parent=1712"}],"wp:term":[{"taxonomy":"category","embeddable":true,"href":"https:\/\/www.revistacomercio.com.br\/index.php\/wp-json\/wp\/v2\/categories?post=1712"},{"taxonomy":"post_tag","embeddable":true,"href":"https:\/\/www.revistacomercio.com.br\/index.php\/wp-json\/wp\/v2\/tags?post=1712"}],"curies":[{"name":"wp","href":"https:\/\/api.w.org\/{rel}","templated":true}]}}