{"id":1710,"date":"2026-04-27T21:50:41","date_gmt":"2026-04-27T21:50:41","guid":{"rendered":"https:\/\/www.revistacomercio.com.br\/index.php\/2026\/04\/27\/dolar-abre-semana-em-queda-e-fecha-a-r-498-com-impasse-em-negociacoes-de-paz\/"},"modified":"2026-04-27T21:50:41","modified_gmt":"2026-04-27T21:50:41","slug":"dolar-abre-semana-em-queda-e-fecha-a-r-498-com-impasse-em-negociacoes-de-paz","status":"publish","type":"post","link":"https:\/\/www.revistacomercio.com.br\/index.php\/2026\/04\/27\/dolar-abre-semana-em-queda-e-fecha-a-r-498-com-impasse-em-negociacoes-de-paz\/","title":{"rendered":"D\u00f3lar abre semana em queda e fecha a R$ 4,98 com impasse em negocia\u00e7\u00f5es de paz"},"content":{"rendered":"<p> <br \/>\n<\/p>\n<p>Ibovespa. bolsa brasileira, tamb\u00e9m encerroui a segunda-feira (27) com queda pelo quarto preg\u00e3o seguido<\/p>\n<div wp_automatic_readability=\"97\">\n<div class=\"post_image\"><span class=\"image_fonte\">Aloisio Mauricio\/Fotoarena\/Estad\u00e3o Conte\u00fado<\/span><picture><source media=\"(max-width: 799px)\" srcset=\"https:\/\/jpimg.com.br\/uploads\/2025\/08\/fta20250807126-311x207.jpg\"><source media=\"(min-width: 800px)\" srcset=\"https:\/\/jpimg.com.br\/uploads\/2025\/08\/fta20250807126-676x450.jpg\"><img decoding=\"async\" class=\"img-responsive type:primaryImage\" src=\"https:\/\/jpimg.com.br\/uploads\/2025\/08\/fta20250807126-676x450.jpg\" alt=\"D\u00f3lar\" id=\"zoom-img\"><br \/>\n                                        <\/source><\/source><\/picture><span class=\"image_credits\">Moeda norte-americana recua 3,79% em abril<br \/><\/span><\/div>\n<p><?xml encoding=\"UTF-8\"???><\/p>\n<p>O d\u00f3lar abriu a semana em queda e fechou a segunda-feira (27)\u00a0 abaixo do n\u00edvel psicol\u00f3gico de R$ 5,00 pela segunda sess\u00e3o consecutiva. Em baixa desde a abertura dos neg\u00f3cios, o d\u00f3lar encerrou a sess\u00e3o desta segunda-feira em <strong>queda de 0,32%, a R$ 4,9821, ap\u00f3s m\u00ednima de R$ 4,9642<\/strong>. A moeda norte-americana recua 3,79% em abril, depois de alta moderada em mar\u00e7o (0,87%). No ano, o d\u00f3lar acumula baixa de 9,23% em rela\u00e7\u00e3o ao real, que exibe o melhor desempenho entre as divisas mais l\u00edquidas.<\/p>\n<p>A nova rodada de alta dos pre\u00e7os do petr\u00f3leo, na esteira do<strong> impasse nas negocia\u00e7\u00f5es de paz no Oriente M\u00e9dio, impulsionou a moeda brasileira,<\/strong> apesar do apetite ao risco reduzido no exterior e do trope\u00e7o do Ibovespa.<\/p>\n<p>Analistas destacam que o prov\u00e1vel desenlace da <strong>Super Quarta, que ocorre no dia (29), ser\u00e1 favor\u00e1vel ao real,<\/strong> com manuten\u00e7\u00e3o de amplo diferencial entre juros internos e externos. O Federal Reserve (Fed, o banco central norte-americano), na \u00faltima reuni\u00e3o de Jerome Powell como presidente, tende a manter os juros inalterados e alertar para a infla\u00e7\u00e3o ainda elevada. J\u00e1 o Comit\u00ea de Pol\u00edtica Monet\u00e1ria (Copom) do Banco Central deve reduzir a taxa Selic novamente em 0,25 ponto porcentual, para 14,50% ao ano.<\/p>\n<h3><strong>Ibovespa em baixa<\/strong><\/h3>\n<p>O <strong>Ibovespa se firmou abaixo da linha psicol\u00f3gica dos 190 mil pontos<\/strong> do meio para o fim da tarde desta segunda-feira, encerrando na m\u00ednima do dia, aos 189.578,79 pontos, em baixa de 0,61%, ainda no <strong>menor n\u00edvel desde 7 de abril, ent\u00e3o na casa de 188 mil.<\/strong> Na m\u00e1xima, buscou os 191.339,93 pontos, saindo de abertura aos 190.745,13 pontos. Moderado em rela\u00e7\u00e3o \u00e0 m\u00e9dia do ano, o<strong> giro financeiro ficou em R$ 20,6 bilh\u00f5es<\/strong> nesta abertura de semana com decis\u00f5es sobre juros no Brasil e nos Estados Unidos, na noite e tarde, respectivamente, da quarta-feira (29).<\/p>\n<p>At\u00e9 l\u00e1, na aus\u00eancia de gatilhos relevantes, a tend\u00eancia \u00e9 de que os investidores em renda vari\u00e1vel optem pela cautela, \u00e0 espera de sinais sobre a orienta\u00e7\u00e3o da pol\u00edtica monet\u00e1ria. A desta segunda-feira foi a quarta perda di\u00e1ria consecutiva para o Ibovespa.<\/p>\n<\/p><\/div>\n<p><script async src=\"https:\/\/connect.facebook.net\/pt_BR\/all.js#xfbml=1\"><\/script><br \/>\n<br \/><br \/>\n<br \/><a href=\"https:\/\/jovempan.com.br\/noticias\/economia\/dolar-abre-semana-em-queda-e-fecha-a-r-498-com-impasse-em-negociacoes-de-paz.html\">Fonte: Jovem Pan <\/a><\/p>\n","protected":false},"excerpt":{"rendered":"<p>Ibovespa. bolsa brasileira, tamb\u00e9m encerroui a segunda-feira (27) com queda pelo quarto preg\u00e3o seguido Aloisio Mauricio\/Fotoarena\/Estad\u00e3o Conte\u00fado Moeda norte-americana recua 3,79% em abril O d\u00f3lar abriu a semana em queda e fechou a segunda-feira (27)\u00a0 abaixo do n\u00edvel psicol\u00f3gico de R$ 5,00 pela segunda sess\u00e3o consecutiva. Em baixa desde a abertura dos neg\u00f3cios, o d\u00f3lar [&hellip;]<\/p>\n","protected":false},"author":1,"featured_media":1711,"comment_status":"open","ping_status":"open","sticky":false,"template":"","format":"standard","meta":{"fifu_image_url":"https:\/\/jpimg.com.br\/uploads\/2025\/08\/fta20250807126.jpg","fifu_image_alt":"","footnotes":""},"categories":[1],"tags":[],"class_list":{"0":"post-1710","1":"post","2":"type-post","3":"status-publish","4":"format-standard","5":"has-post-thumbnail","7":"category-noticias"},"_links":{"self":[{"href":"https:\/\/www.revistacomercio.com.br\/index.php\/wp-json\/wp\/v2\/posts\/1710","targetHints":{"allow":["GET"]}}],"collection":[{"href":"https:\/\/www.revistacomercio.com.br\/index.php\/wp-json\/wp\/v2\/posts"}],"about":[{"href":"https:\/\/www.revistacomercio.com.br\/index.php\/wp-json\/wp\/v2\/types\/post"}],"author":[{"embeddable":true,"href":"https:\/\/www.revistacomercio.com.br\/index.php\/wp-json\/wp\/v2\/users\/1"}],"replies":[{"embeddable":true,"href":"https:\/\/www.revistacomercio.com.br\/index.php\/wp-json\/wp\/v2\/comments?post=1710"}],"version-history":[{"count":0,"href":"https:\/\/www.revistacomercio.com.br\/index.php\/wp-json\/wp\/v2\/posts\/1710\/revisions"}],"wp:featuredmedia":[{"embeddable":true,"href":"https:\/\/www.revistacomercio.com.br\/index.php\/wp-json\/wp\/v2\/media\/1711"}],"wp:attachment":[{"href":"https:\/\/www.revistacomercio.com.br\/index.php\/wp-json\/wp\/v2\/media?parent=1710"}],"wp:term":[{"taxonomy":"category","embeddable":true,"href":"https:\/\/www.revistacomercio.com.br\/index.php\/wp-json\/wp\/v2\/categories?post=1710"},{"taxonomy":"post_tag","embeddable":true,"href":"https:\/\/www.revistacomercio.com.br\/index.php\/wp-json\/wp\/v2\/tags?post=1710"}],"curies":[{"name":"wp","href":"https:\/\/api.w.org\/{rel}","templated":true}]}}