{"id":1708,"date":"2026-04-27T21:25:09","date_gmt":"2026-04-27T21:25:09","guid":{"rendered":"https:\/\/www.revistacomercio.com.br\/index.php\/2026\/04\/27\/desenrola-2-0-durigan-confirma-que-fgts-podera-ser-usado-para-renegociar-divida\/"},"modified":"2026-04-27T21:25:09","modified_gmt":"2026-04-27T21:25:09","slug":"desenrola-2-0-durigan-confirma-que-fgts-podera-ser-usado-para-renegociar-divida","status":"publish","type":"post","link":"https:\/\/www.revistacomercio.com.br\/index.php\/2026\/04\/27\/desenrola-2-0-durigan-confirma-que-fgts-podera-ser-usado-para-renegociar-divida\/","title":{"rendered":"Desenrola 2.0: Durigan confirma que FGTS poder\u00e1 ser usado para renegociar d\u00edvida"},"content":{"rendered":"<p> <br \/>\n<\/p>\n<p>O ministro da Fazenda ponderou que haver\u00e1 limite de utiliza\u00e7\u00e3o do fundo de garantia durante o novo programa<\/p>\n<div wp_automatic_readability=\"130\">\n<div class=\"post_image\"><span class=\"image_fonte\">Diogo Zacarias\/MF<\/span><picture><source media=\"(max-width: 799px)\" srcset=\"https:\/\/jpimg.com.br\/uploads\/2024\/12\/54057563926_cabdb6d147_k-311x207.jpg\"><source media=\"(min-width: 800px)\" srcset=\"https:\/\/jpimg.com.br\/uploads\/2024\/12\/54057563926_cabdb6d147_k-676x450.jpg\"><img decoding=\"async\" class=\"img-responsive type:primaryImage\" src=\"https:\/\/jpimg.com.br\/uploads\/2024\/12\/54057563926_cabdb6d147_k-676x450.jpg\" alt=\"Dario Durigan\" id=\"zoom-img\"><br \/>\n                                        <\/source><\/source><\/picture><span class=\"image_credits\">O ministro da Fazenda, Dario Durigan, reuniu-se com banqueiros e com a Febraban para acordar novo Desenrola<br \/><\/span><\/div>\n<p><?xml encoding=\"UTF-8\"???><\/p>\n<p>O novo programa Desenrola, que vem sendo chamado de <strong>Desenrola 2.0<\/strong>, deve ser <strong>anunciado esta semana pelo presidente Luiz In\u00e1cio Lula da Silva (PT)<\/strong> e vai <strong>permitir o uso do Fundo de Garantia do Tempo de Servi\u00e7o (FGTS) para a renegocia\u00e7\u00e3o das d\u00edvidas<\/strong>. A informa\u00e7\u00e3o foi confirmada nesta segunda-feira (27) pelo ministro da Fazenda, Dario Durigan, em S\u00e3o Paulo, ap\u00f3s participar de reuni\u00f5es com banqueiros.<\/p>\n<p>Durigan adiantou, no entanto, que <strong>haver\u00e1 um limite para o uso do FGTS no Desenrola<\/strong>. \u201cA limita\u00e7\u00e3o que vai ter para garantia do pr\u00f3prio fundo \u00e9 um percentual do saque. Ent\u00e3o, \u00e9 um saque limitado dentro do programa, vinculado ao pagamento das d\u00edvidas do programa, mas n\u00e3o necessariamente sendo maior do que a d\u00edvida\u201d, explicou.<\/p>\n<p>Pela manh\u00e3,<strong> o ministro esteve reunido na capital paulista com banqueiros e com o presidente da Federa\u00e7\u00e3o Brasileira de Bancos (Febraban)<\/strong>, Isaac Sidney. Estiveram presentes os presidentes dos bancos BTG Pactual, Ita\u00fa Unibanco, Santander, Bradesco e Nubank. \u00c0 tarde, ele tamb\u00e9m se reuniu com representantes do Citibank.<\/p>\n<p>\u201cEstamos hoje concluindo as conversas com as institui\u00e7\u00f5es financeiras para entregar ao presidente, essa semana, o <strong>programa de renegocia\u00e7\u00e3o das d\u00edvidas das fam\u00edlias brasileiras<\/strong>. Estou voltando para Bras\u00edlia amanh\u00e3 e falarei com o presidente para o an\u00fancio ser feito, possivelmente, ainda esta semana\u201d, disse.<\/p>\n<p>De acordo com o ministro, <strong>o novo programa Desenrola pretende reduzir os n\u00edveis de inadimpl\u00eancia no pa\u00eds<\/strong>, em um cen\u00e1rio de juros ainda elevados, mas com expectativa de queda nos pr\u00f3ximos meses. \u201cO programa tem aquela linha geral de exigir redu\u00e7\u00f5es de uma d\u00edvida que as fam\u00edlias brasileiras mais sofrem, como o cart\u00e3o de cr\u00e9dito, o cr\u00e9dito direto ao consumidor e o cheque especial\u201d, explicou.<\/p>\n<p>Ele tamb\u00e9m adiantou que o Desenrola vai ter um<strong> aporte do Fundo Garantidor de Opera\u00e7\u00f5es (FGO)<\/strong>. \u201cIsso est\u00e1 previsto nas medidas que a gente vai colocar. Vai ser o suficiente para a gente garantir a renegocia\u00e7\u00e3o de quem quiser fazer essa renegocia\u00e7\u00e3o\u201d, declarou.<\/p>\n<p>Embora n\u00e3o tenha fornecido mais detalhes sobre o novo programa, o ministro disse <strong>esperar que os descontos possam alcan\u00e7ar at\u00e9 90%<\/strong>.<\/p>\n<p>\u201c<strong>O que a gente est\u00e1 exigindo, com a contrapartida dos bancos, \u00e9 que haja uma taxa de juros muito menor<\/strong> do que a praticada nesses tr\u00eas segmentos (CDC, cart\u00e3o de cr\u00e9dito e cheque especial), que s\u00e3o cr\u00e9ditos caros que as pessoas t\u00eam que tomar no Brasil. Estamos falando de taxas de juros que variam entre 6% e 10% ao m\u00eas. Ent\u00e3o, uma d\u00edvida de R$ 10 mil, por exemplo, no m\u00eas seguinte, possivelmente vai ser uma d\u00edvida de R$ 11 mil. Uma fam\u00edlia brasileira que recebe um sal\u00e1rio m\u00e9dio, possivelmente n\u00e3o sair\u00e1 desse ciclo de atualiza\u00e7\u00e3o da sua d\u00edvida. Ent\u00e3o, com um desconto amplo, a gente vai chegar a descontos de at\u00e9 90% nesse programa\u201d, estimou.<\/p>\n<p>Ele ressaltou, no entanto, que <strong>o programa n\u00e3o ser\u00e1 um \u201cRefis peri\u00f3dico\u201d<\/strong> e ocorrer\u00e1 apenas como uma medida excepcional.<\/p>\n<p>\u201cTanto no Desenrola que aconteceu em 2023 quanto no de agora, tratam-se de <strong>medidas pontuais e as pessoas n\u00e3o devem contar com a recorr\u00eancia desse tipo de medida<\/strong>. N\u00f3s estamos vivendo uma situa\u00e7\u00e3o excepcional, as fam\u00edlias t\u00eam um problema, estamos vendo uma guerra e vendo alguns impactos que muitas vezes fogem ao nosso controle. Mas \u00e9 importante dizer que n\u00e3o se trata de um Refis recorrente\u201d, ressaltou.<\/p>\n<p>Quanto ao n\u00famero de beneficiados, o ministro declarou que a expectativa do governo \u00e9 de que <strong>milh\u00f5es de pessoas possam ser atingidas pela nova medida<\/strong>. No primeiro programa Desenrola Brasil, cerca de 15 milh\u00f5es de pessoas foram beneficiadas com a negocia\u00e7\u00e3o de R$ 53,2 bilh\u00f5es em d\u00edvidas.<\/p>\n<\/p><\/div>\n<p><script async src=\"https:\/\/connect.facebook.net\/pt_BR\/all.js#xfbml=1\"><\/script><br \/>\n<br \/><br \/>\n<br \/><a href=\"https:\/\/jovempan.com.br\/noticias\/economia\/desenrola-2-0-durigan-confirma-que-fgts-podera-ser-usado-para-renegociar-divida.html\">Fonte: Jovem Pan <\/a><\/p>\n","protected":false},"excerpt":{"rendered":"<p>O ministro da Fazenda ponderou que haver\u00e1 limite de utiliza\u00e7\u00e3o do fundo de garantia durante o novo programa Diogo Zacarias\/MF O ministro da Fazenda, Dario Durigan, reuniu-se com banqueiros e com a Febraban para acordar novo Desenrola O novo programa Desenrola, que vem sendo chamado de Desenrola 2.0, deve ser anunciado esta semana pelo presidente [&hellip;]<\/p>\n","protected":false},"author":1,"featured_media":1709,"comment_status":"open","ping_status":"open","sticky":false,"template":"","format":"standard","meta":{"fifu_image_url":"https:\/\/jpimg.com.br\/uploads\/2024\/12\/54057563926_cabdb6d147_k.jpg","fifu_image_alt":"","footnotes":""},"categories":[1],"tags":[],"class_list":{"0":"post-1708","1":"post","2":"type-post","3":"status-publish","4":"format-standard","5":"has-post-thumbnail","7":"category-noticias"},"_links":{"self":[{"href":"https:\/\/www.revistacomercio.com.br\/index.php\/wp-json\/wp\/v2\/posts\/1708","targetHints":{"allow":["GET"]}}],"collection":[{"href":"https:\/\/www.revistacomercio.com.br\/index.php\/wp-json\/wp\/v2\/posts"}],"about":[{"href":"https:\/\/www.revistacomercio.com.br\/index.php\/wp-json\/wp\/v2\/types\/post"}],"author":[{"embeddable":true,"href":"https:\/\/www.revistacomercio.com.br\/index.php\/wp-json\/wp\/v2\/users\/1"}],"replies":[{"embeddable":true,"href":"https:\/\/www.revistacomercio.com.br\/index.php\/wp-json\/wp\/v2\/comments?post=1708"}],"version-history":[{"count":0,"href":"https:\/\/www.revistacomercio.com.br\/index.php\/wp-json\/wp\/v2\/posts\/1708\/revisions"}],"wp:featuredmedia":[{"embeddable":true,"href":"https:\/\/www.revistacomercio.com.br\/index.php\/wp-json\/wp\/v2\/media\/1709"}],"wp:attachment":[{"href":"https:\/\/www.revistacomercio.com.br\/index.php\/wp-json\/wp\/v2\/media?parent=1708"}],"wp:term":[{"taxonomy":"category","embeddable":true,"href":"https:\/\/www.revistacomercio.com.br\/index.php\/wp-json\/wp\/v2\/categories?post=1708"},{"taxonomy":"post_tag","embeddable":true,"href":"https:\/\/www.revistacomercio.com.br\/index.php\/wp-json\/wp\/v2\/tags?post=1708"}],"curies":[{"name":"wp","href":"https:\/\/api.w.org\/{rel}","templated":true}]}}