{"id":1706,"date":"2026-04-27T17:16:45","date_gmt":"2026-04-27T17:16:45","guid":{"rendered":"https:\/\/www.revistacomercio.com.br\/index.php\/2026\/04\/27\/jovem-pan-anuncia-fernando-pelegio-como-diretor-artistico-e-de-programacao\/"},"modified":"2026-04-27T17:16:45","modified_gmt":"2026-04-27T17:16:45","slug":"jovem-pan-anuncia-fernando-pelegio-como-diretor-artistico-e-de-programacao","status":"publish","type":"post","link":"https:\/\/www.revistacomercio.com.br\/index.php\/2026\/04\/27\/jovem-pan-anuncia-fernando-pelegio-como-diretor-artistico-e-de-programacao\/","title":{"rendered":"Jovem Pan anuncia Fernando Pelegio como Diretor Art\u00edstico e de Programa\u00e7\u00e3o"},"content":{"rendered":"<p> <br \/>\n<\/p>\n<p>A chegada do executivo acontece em um momento estrat\u00e9gico da Jovem Pan, que iniciou sua expans\u00e3o na TV aberta no fim de 2025<\/p>\n<div wp_automatic_readability=\"89\">\n<div class=\"post_image\"><span class=\"image_fonte\">Jovem Pan<\/span><picture><source media=\"(max-width: 799px)\" srcset=\"https:\/\/jpimg.com.br\/uploads\/2026\/04\/unnamed-310x207.jpg\"><source media=\"(min-width: 800px)\" srcset=\"https:\/\/jpimg.com.br\/uploads\/2026\/04\/unnamed-675x450.jpg\"><img decoding=\"async\" class=\"img-responsive type:primaryImage\" src=\"https:\/\/jpimg.com.br\/uploads\/2026\/04\/unnamed-675x450.jpg\" alt=\"Fernando Pelegio, diretor Art\u00edstico e de Programa\u00e7\u00e3o\" id=\"zoom-img\"><br \/>\n                                        <\/source><\/source><\/picture><\/div>\n<p><?xml encoding=\"UTF-8\"???><\/p>\n<p>A <strong>Jovem Pan<\/strong> anuncia a chegada de Fernando Pelegio como seu Diretor Art\u00edstico e de Programa\u00e7\u00e3o. Com uma trajet\u00f3ria consolidada de mais de quatro d\u00e9cadas na televis\u00e3o brasileira, sendo mais de 30 anos em posi\u00e7\u00e3o de lideran\u00e7a executiva, o profissional chega para refor\u00e7ar a estrat\u00e9gia de conte\u00fado e expans\u00e3o da emissora.<\/p>\n<p>A chegada do executivo acontece em um momento estrat\u00e9gico da <strong>Jovem Pan,<\/strong> que iniciou sua expans\u00e3o na TV aberta no fim de 2025 e intensificou esse movimento no in\u00edcio de 2026, ampliando sua presen\u00e7a em diversas pra\u00e7as do pa\u00eds. Reconhecida por seu DNA inovador e por sua atua\u00e7\u00e3o multiplataforma, integrando r\u00e1dio, TV e digital, a emissora refor\u00e7a agora o foco no crescimento e na consolida\u00e7\u00e3o de sua opera\u00e7\u00e3o no sinal aberto, buscando ampliar audi\u00eancia e alcance nacional.<\/p>\n<p>\u201cVoltar a trabalhar com a fam\u00edlia Carvalho ser\u00e1 um enorme prazer. Foi ao lado deles que dei meus primeiros passos profissionais e onde aprendi, na pr\u00e1tica, o verdadeiro significado de respeito, dedica\u00e7\u00e3o e vis\u00e3o empreendedora. Sempre admirei a forma como conduzem seus projetos, com amor pela comunica\u00e7\u00e3o, seriedade nas rela\u00e7\u00f5es e uma honestidade que inspira confian\u00e7a. Entrar para a fam\u00edlia Jovem Pan me enche de orgulho e me motiva demais para contribuir com esta importante empresa, hoje atuante em todas as plataformas dispon\u00edveis e sendo relevante em todas elas. Para mim, mais do que um reencontro profissional, \u00e9 a oportunidade de reviver valores que ajudaram a moldar minha trajet\u00f3ria e continuar contribuindo com pessoas que admiro profundamente\u201d, afirma Fernando Pelegio.<\/p>\n<p>Pelegio construiu grande parte de sua carreira em uma das principais emissoras de TV aberta do pa\u00eds, onde esteve \u00e0 frente de \u00e1reas estrat\u00e9gicas como Produ\u00e7\u00e3o, Promo\u00e7\u00e3o e Programa\u00e7\u00e3o, contribuindo diretamente para o posicionamento de uma das maiores redes de televis\u00e3o do Brasil. Ao longo desse per\u00edodo, liderou equipes, desenvolveu projetos de alto impacto e participou da cobertura de eventos internacionais relevantes, incluindo Copas do Mundo e campanhas presidenciais.<\/p>\n<p>\u201cA experi\u00eancia e o olhar estrat\u00e9gico do Pelegio ser\u00e3o fundamentais para fortalecer nossa programa\u00e7\u00e3o, acelerar o crescimento da Jovem Pan e ampliar ainda mais a conex\u00e3o com o p\u00fablico, especialmente neste momento de expans\u00e3o na TV aberta\u201d, afirma Roberto Araujo, CEO da <strong>Jovem Pan.<\/strong><\/p>\n<p>Com forte vis\u00e3o estrat\u00e9gica e profundo conhecimento do comportamento da audi\u00eancia, Fernando Pelegio assume o desafio de impulsionar a grade da Jovem Pan, fortalecendo a conex\u00e3o entre seus diferentes canais de distribui\u00e7\u00e3o e acelerando a expans\u00e3o no ambiente de TV aberta. Sua chegada marca um novo momento para a emissora, que segue investindo em talentos e inova\u00e7\u00e3o para consolidar sua presen\u00e7a no cen\u00e1rio nacional.<\/p>\n<\/p><\/div>\n<p><script async src=\"https:\/\/connect.facebook.net\/pt_BR\/all.js#xfbml=1\"><\/script><br \/>\n<br \/><br \/>\n<br \/><a href=\"https:\/\/jovempan.com.br\/programas\/jovem-pan-anuncia-fernando-pelegio-como-diretor-artistico-e-de-programacao.html\">Fonte: Jovem Pan <\/a><\/p>\n","protected":false},"excerpt":{"rendered":"<p>A chegada do executivo acontece em um momento estrat\u00e9gico da Jovem Pan, que iniciou sua expans\u00e3o na TV aberta no fim de 2025 Jovem Pan A Jovem Pan anuncia a chegada de Fernando Pelegio como seu Diretor Art\u00edstico e de Programa\u00e7\u00e3o. Com uma trajet\u00f3ria consolidada de mais de quatro d\u00e9cadas na televis\u00e3o brasileira, sendo mais [&hellip;]<\/p>\n","protected":false},"author":1,"featured_media":1707,"comment_status":"open","ping_status":"open","sticky":false,"template":"","format":"standard","meta":{"fifu_image_url":"https:\/\/jpimg.com.br\/uploads\/2026\/04\/unnamed-1024x683.jpg","fifu_image_alt":"","footnotes":""},"categories":[1],"tags":[],"class_list":{"0":"post-1706","1":"post","2":"type-post","3":"status-publish","4":"format-standard","5":"has-post-thumbnail","7":"category-noticias"},"_links":{"self":[{"href":"https:\/\/www.revistacomercio.com.br\/index.php\/wp-json\/wp\/v2\/posts\/1706","targetHints":{"allow":["GET"]}}],"collection":[{"href":"https:\/\/www.revistacomercio.com.br\/index.php\/wp-json\/wp\/v2\/posts"}],"about":[{"href":"https:\/\/www.revistacomercio.com.br\/index.php\/wp-json\/wp\/v2\/types\/post"}],"author":[{"embeddable":true,"href":"https:\/\/www.revistacomercio.com.br\/index.php\/wp-json\/wp\/v2\/users\/1"}],"replies":[{"embeddable":true,"href":"https:\/\/www.revistacomercio.com.br\/index.php\/wp-json\/wp\/v2\/comments?post=1706"}],"version-history":[{"count":0,"href":"https:\/\/www.revistacomercio.com.br\/index.php\/wp-json\/wp\/v2\/posts\/1706\/revisions"}],"wp:featuredmedia":[{"embeddable":true,"href":"https:\/\/www.revistacomercio.com.br\/index.php\/wp-json\/wp\/v2\/media\/1707"}],"wp:attachment":[{"href":"https:\/\/www.revistacomercio.com.br\/index.php\/wp-json\/wp\/v2\/media?parent=1706"}],"wp:term":[{"taxonomy":"category","embeddable":true,"href":"https:\/\/www.revistacomercio.com.br\/index.php\/wp-json\/wp\/v2\/categories?post=1706"},{"taxonomy":"post_tag","embeddable":true,"href":"https:\/\/www.revistacomercio.com.br\/index.php\/wp-json\/wp\/v2\/tags?post=1706"}],"curies":[{"name":"wp","href":"https:\/\/api.w.org\/{rel}","templated":true}]}}