{"id":1704,"date":"2026-04-27T12:49:23","date_gmt":"2026-04-27T12:49:23","guid":{"rendered":"https:\/\/www.revistacomercio.com.br\/index.php\/2026\/04\/27\/bolsa-familia-caixa-paga-beneficiarios-com-nis-final-7-nesta-segunda-feira\/"},"modified":"2026-04-27T12:49:23","modified_gmt":"2026-04-27T12:49:23","slug":"bolsa-familia-caixa-paga-beneficiarios-com-nis-final-7-nesta-segunda-feira","status":"publish","type":"post","link":"https:\/\/www.revistacomercio.com.br\/index.php\/2026\/04\/27\/bolsa-familia-caixa-paga-beneficiarios-com-nis-final-7-nesta-segunda-feira\/","title":{"rendered":"Bolsa Fam\u00edlia: Caixa paga benefici\u00e1rios com NIS final 7 nesta segunda-feira"},"content":{"rendered":"<p> <br \/>\n<\/p>\n<p>Com adicionais, valor m\u00e9dio do benef\u00edcio est\u00e1 em R$ 678,22; neste m\u00eas o programa alcan\u00e7ar\u00e1 18,9 milh\u00f5es de fam\u00edlias, com gasto de R$ 12,8 bilh\u00f5es<\/p>\n<div wp_automatic_readability=\"101\">\n<div class=\"post_image\"><span class=\"image_fonte\">Lyon Santos \/ MDS<\/span><picture><source media=\"(max-width: 799px)\" srcset=\"https:\/\/jpimg.com.br\/uploads\/2025\/05\/imagem-jvp-74-345x207.png\"><source media=\"(min-width: 800px)\" srcset=\"https:\/\/jpimg.com.br\/uploads\/2025\/05\/imagem-jvp-74-750x450.png\"><img decoding=\"async\" class=\"img-responsive type:primaryImage\" src=\"https:\/\/jpimg.com.br\/uploads\/2025\/05\/imagem-jvp-74-750x450.png\" alt=\"Governo altera regra de transi\u00e7\u00e3o do Bolsa Fam\u00edlia; entenda\" id=\"zoom-img\"><br \/>\n                                        <\/source><\/source><\/picture><span class=\"image_credits\">No modelo tradicional do Bolsa Fam\u00edlia, o pagamento ocorre nos \u00faltimos dez dias \u00fateis de cada m\u00eas.<br \/><\/span><\/div>\n<p><?xml encoding=\"UTF-8\"???><\/p>\n<p>A <strong>Caixa Econ\u00f4mica Federal paga<\/strong> nesta segunda-feira (27) a parcela de abril do <strong>Bolsa Fam\u00edlia aos benefici\u00e1rios com N\u00famero de Inscri\u00e7\u00e3o Social (NIS) de final 7.<\/strong><\/p>\n<p>O <strong>valor m\u00ednimo corresponde a R$ 600<\/strong>, mas com o novo adicional o valor m\u00e9dio do benef\u00edcio sobe para R$ 678,22. Segundo o Minist\u00e9rio do Desenvolvimento e Assist\u00eancia Social, neste m\u00eas o<strong> programa de transfer\u00eancia de renda do Governo Federal alcan\u00e7ar\u00e1 18,9 milh\u00f5es de fam\u00edlias, com gasto de R$ 12,8 bilh\u00f5es.<\/strong><\/p>\n<p>Al\u00e9m do benef\u00edcio m\u00ednimo, h\u00e1 o pagamento de tr\u00eas adicionais. O Benef\u00edcio Vari\u00e1vel Familiar Nutriz paga seis parcelas de R$ 50 a m\u00e3es de beb\u00eas de at\u00e9 seis meses de idade, para garantir a alimenta\u00e7\u00e3o da crian\u00e7a. O Bolsa Fam\u00edlia tamb\u00e9m paga um acr\u00e9scimo de R$ 50 a gestantes e nutrizes (m\u00e3es que amamentam), um de R$ 50 a cada filho de 7 a 18 anos e outro, de R$ 150, a cada crian\u00e7a de at\u00e9 6 anos.<\/p>\n<p>No modelo tradicional do Bolsa Fam\u00edlia, o pagamento ocorre nos \u00faltimos dez dias \u00fateis de cada m\u00eas<strong>. O benefici\u00e1rio poder\u00e1 consultar informa\u00e7\u00f5es sobre as datas de pagamento, o valor do benef\u00edcio e a composi\u00e7\u00e3o das parcelas no aplicativo Caixa Tem,<\/strong> usado para acompanhar as contas poupan\u00e7a digitais do banco.<\/p>\n<h2>Pagamento unificado<\/h2>\n<p>Os benefici\u00e1rios de 173 cidades de 11 estados receberam o pagamento no \u00faltimo dia 16, independentemente do NIS. <strong>A medida beneficiou os moradores de 121 munic\u00edpios do Rio Grande do Norte, que sofrem com a seca, e cinco munic\u00edpios mineiros atingidos por enchentes.<\/strong> Tamb\u00e9m foram beneficiadas cidades nos seguintes estados: Amazonas (3), Bahia (17), Par\u00e1 (1), Paran\u00e1 (1), Piau\u00ed (3), Rio de Janeiro (8), Roraima (6), S\u00e3o Paulo (2) e Sergipe (6).<\/p>\n<p>Essas localidades foram afetadas por chuvas ou por estiagens ou t\u00eam povos ind\u00edgenas em situa\u00e7\u00e3o de vulnerabilidade. A lista dos munic\u00edpios com pagamento antecipado est\u00e1 dispon\u00edvel na p\u00e1gina do Minist\u00e9rio do Desenvolvimento e Assist\u00eancia Social.<\/p>\n<p>Desde 2024, os benefici\u00e1rios do Bolsa Fam\u00edlia n\u00e3o t\u00eam mais o desconto do Seguro Defeso.<strong> A mudan\u00e7a foi estabelecida pela Lei 14.601\/2023, que resgatou o Programa Bolsa Fam\u00edlia (PBF).<\/strong> O Seguro Defeso \u00e9 pago a pessoas que sobrevivem exclusivamente da pesca artesanal e que n\u00e3o podem exercer a atividade durante o per\u00edodo da piracema (reprodu\u00e7\u00e3o dos peixes).<\/p>\n<h2>Regra de prote\u00e7\u00e3o<\/h2>\n<p>Cerca de 2,34 milh\u00f5es de fam\u00edlias est\u00e3o na regra de prote\u00e7\u00e3o em abril. Essa regra permite que fam\u00edlias cujos membros consigam emprego e melhorem a renda recebam 50% do benef\u00edcio a que teriam direito por at\u00e9 dois anos, desde que cada integrante receba o equivalente a at\u00e9 R$ 706.<\/p>\n<p>Em 2025, o tempo de perman\u00eancia na regra de prote\u00e7\u00e3o foi reduzido de dois para um ano.<strong> No entanto, a mudan\u00e7a s\u00f3 abrange as fam\u00edlias que entraram na fase de transi\u00e7\u00e3o a partir de junho de 2025.<\/strong> Quem se enquadrou na regra at\u00e9 maio de 2025 continuar\u00e1 a receber metade do benef\u00edcio por dois anos.<\/p>\n<p>*Ag\u00eancia Brasil<\/p>\n<\/p><\/div>\n<p><script async src=\"https:\/\/connect.facebook.net\/pt_BR\/all.js#xfbml=1\"><\/script><br \/>\n<br \/><br \/>\n<br \/><a href=\"https:\/\/jovempan.com.br\/noticias\/economia\/bolsa-familia-caixa-paga-beneficiarios-com-nis-final-7-nesta-segunda-feira.html\">Fonte: Jovem Pan <\/a><\/p>\n","protected":false},"excerpt":{"rendered":"<p>Com adicionais, valor m\u00e9dio do benef\u00edcio est\u00e1 em R$ 678,22; neste m\u00eas o programa alcan\u00e7ar\u00e1 18,9 milh\u00f5es de fam\u00edlias, com gasto de R$ 12,8 bilh\u00f5es Lyon Santos \/ MDS No modelo tradicional do Bolsa Fam\u00edlia, o pagamento ocorre nos \u00faltimos dez dias \u00fateis de cada m\u00eas. A Caixa Econ\u00f4mica Federal paga nesta segunda-feira (27) a [&hellip;]<\/p>\n","protected":false},"author":1,"featured_media":1705,"comment_status":"open","ping_status":"open","sticky":false,"template":"","format":"standard","meta":{"fifu_image_url":"https:\/\/jpimg.com.br\/uploads\/2025\/05\/imagem-jvp-74.png","fifu_image_alt":"","footnotes":""},"categories":[1],"tags":[],"class_list":{"0":"post-1704","1":"post","2":"type-post","3":"status-publish","4":"format-standard","5":"has-post-thumbnail","7":"category-noticias"},"_links":{"self":[{"href":"https:\/\/www.revistacomercio.com.br\/index.php\/wp-json\/wp\/v2\/posts\/1704","targetHints":{"allow":["GET"]}}],"collection":[{"href":"https:\/\/www.revistacomercio.com.br\/index.php\/wp-json\/wp\/v2\/posts"}],"about":[{"href":"https:\/\/www.revistacomercio.com.br\/index.php\/wp-json\/wp\/v2\/types\/post"}],"author":[{"embeddable":true,"href":"https:\/\/www.revistacomercio.com.br\/index.php\/wp-json\/wp\/v2\/users\/1"}],"replies":[{"embeddable":true,"href":"https:\/\/www.revistacomercio.com.br\/index.php\/wp-json\/wp\/v2\/comments?post=1704"}],"version-history":[{"count":0,"href":"https:\/\/www.revistacomercio.com.br\/index.php\/wp-json\/wp\/v2\/posts\/1704\/revisions"}],"wp:featuredmedia":[{"embeddable":true,"href":"https:\/\/www.revistacomercio.com.br\/index.php\/wp-json\/wp\/v2\/media\/1705"}],"wp:attachment":[{"href":"https:\/\/www.revistacomercio.com.br\/index.php\/wp-json\/wp\/v2\/media?parent=1704"}],"wp:term":[{"taxonomy":"category","embeddable":true,"href":"https:\/\/www.revistacomercio.com.br\/index.php\/wp-json\/wp\/v2\/categories?post=1704"},{"taxonomy":"post_tag","embeddable":true,"href":"https:\/\/www.revistacomercio.com.br\/index.php\/wp-json\/wp\/v2\/tags?post=1704"}],"curies":[{"name":"wp","href":"https:\/\/api.w.org\/{rel}","templated":true}]}}