{"id":1700,"date":"2026-04-27T10:10:45","date_gmt":"2026-04-27T10:10:45","guid":{"rendered":"https:\/\/www.revistacomercio.com.br\/index.php\/2026\/04\/27\/automacao-mal-feita-esta-fazendo-empresas-perderem-clientes\/"},"modified":"2026-04-27T10:10:45","modified_gmt":"2026-04-27T10:10:45","slug":"automacao-mal-feita-esta-fazendo-empresas-perderem-clientes","status":"publish","type":"post","link":"https:\/\/www.revistacomercio.com.br\/index.php\/2026\/04\/27\/automacao-mal-feita-esta-fazendo-empresas-perderem-clientes\/","title":{"rendered":"Automa\u00e7\u00e3o mal feita est\u00e1 fazendo empresas perderem clientes"},"content":{"rendered":"<p> <br \/>\n<\/p>\n<p>Busca por redu\u00e7\u00e3o de custos acelera uso de tecnologia no atendimento, mas falta de estrat\u00e9gia e organiza\u00e7\u00e3o interna compromete experi\u00eancia e afasta consumidores<\/p>\n<div wp_automatic_readability=\"136\">\n<div class=\"post_image\"><picture><source media=\"(max-width: 799px)\" srcset=\"https:\/\/jpimg.com.br\/uploads\/2026\/04\/screenshot-2026-04-21-122640-323x207.png\"><source media=\"(min-width: 800px)\" srcset=\"https:\/\/jpimg.com.br\/uploads\/2026\/04\/screenshot-2026-04-21-122640-702x450.png\"><img decoding=\"async\" class=\"img-responsive type:primaryImage\" src=\"https:\/\/jpimg.com.br\/uploads\/2026\/04\/screenshot-2026-04-21-122640-702x450.png\" alt=\"v\" id=\"zoom-img\"><br \/>\n                                        <\/source><\/source><\/picture><span class=\"image_credits\">Marcio Verderio Tahan, CEO da VTCall e especialista em solu\u00e7\u00f5es de automa\u00e7\u00e3o e atendimento<br \/><\/span><\/div>\n<p><?xml encoding=\"UTF-8\"???><\/p>\n<p>O atendimento ao cliente mudou mais nos \u00faltimos cinco anos do que em d\u00e9cadas. A diferen\u00e7a \u00e9 que, desta vez, a tecnologia pode n\u00e3o estar resolvendo o problema. Em muitos casos, est\u00e1 agravando.<\/p>\n<p>A digitaliza\u00e7\u00e3o trouxe novos canais, mais velocidade e a promessa de efici\u00eancia. Na pr\u00e1tica, o que se v\u00ea \u00e9 um consumidor mais impaciente e, ao mesmo tempo, mais frustrado.<\/p>\n<p>Ele quer resolver tudo r\u00e1pido, de prefer\u00eancia por mensagem. S\u00f3 que, ao procurar uma empresa, encontra respostas gen\u00e9ricas, demora, fluxos confusos e a sensa\u00e7\u00e3o de que ningu\u00e9m, de fato, est\u00e1 entendendo o que ele precisa.<\/p>\n<p>\u201cO problema n\u00e3o \u00e9 a tecnologia. \u00c9 a forma como ela est\u00e1 sendo implementada\u201d, afirma Marcio Verderio Tahan, CEO da VTCall e especialista em solu\u00e7\u00f5es de automa\u00e7\u00e3o e atendimento.<\/p>\n<p>Segundo ele, muitas empresas avan\u00e7aram para o digital sem reorganizar a pr\u00f3pria opera\u00e7\u00e3o. O canal mudou, mas o processo n\u00e3o. Na pr\u00e1tica, isso significa atendentes sobrecarregados, conversando com v\u00e1rios clientes ao mesmo tempo, sem profundidade nas respostas e sem capacidade real de resolver demandas.<\/p>\n<p>A automa\u00e7\u00e3o entrou como solu\u00e7\u00e3o. Sem preparo, vira falha. A intelig\u00eancia artificial, que deveria agilizar o atendimento, muitas vezes responde de forma superficial, n\u00e3o compreende o contexto e obriga o cliente a repetir informa\u00e7\u00f5es. Em alguns casos, sequer encaminha corretamente a demanda.<\/p>\n<p>\u201cMuitas empresas querem automatizar antes de organizar. Sem processos claros e dados estruturados, a tecnologia n\u00e3o entrega o resultado esperado\u201d, diz Tahan. O movimento \u00e9 impulsionado por um objetivo claro: reduzir custos.<\/p>\n<p>Menos pessoas, mais escala e mais produtividade. No papel, funciona. Na pr\u00e1tica, pode sair caro. Atender mais n\u00e3o significa atender melhor. E \u00e9 exatamente a\u00ed que muitas empresas est\u00e3o errando.<\/p>\n<p>Criou-se uma falsa sensa\u00e7\u00e3o de efici\u00eancia. O volume de atendimentos aumenta, mas a resolu\u00e7\u00e3o diminui. O cliente entra em contato, mas n\u00e3o sai com o problema resolvido. E isso tem impacto direto no neg\u00f3cio.<\/p>\n<p>Atendimento ruim reduz recompra, aumenta reclama\u00e7\u00f5es p\u00fablicas e desgasta a marca. Em um ambiente onde a decis\u00e3o de compra \u00e9 cada vez mais r\u00e1pida, perder confian\u00e7a significa perder mercado.<\/p>\n<p>Apesar disso, o atendimento ainda \u00e9 tratado por muitas empresas como custo operacional. Essa vis\u00e3o limita investimentos e impede a constru\u00e7\u00e3o de uma experi\u00eancia consistente.<\/p>\n<p>Empresas que conseguem estruturar melhor seus canais e processos come\u00e7am a colher resultados diferentes. N\u00e3o necessariamente atendem mais r\u00e1pido, mas atendem melhor.<\/p>\n<p>E isso faz toda a diferen\u00e7a. O modelo mais eficiente hoje n\u00e3o \u00e9 totalmente automatizado. Tamb\u00e9m n\u00e3o \u00e9 mais exclusivamente humano. A tend\u00eancia \u00e9 o equil\u00edbrio.<\/p>\n<p>Automa\u00e7\u00e3o para tarefas simples e repetitivas, intelig\u00eancia artificial como apoio inicial e presen\u00e7a humana nos momentos que exigem an\u00e1lise, contexto e decis\u00e3o.<\/p>\n<p>\u201cN\u00e3o \u00e9 sobre substituir pessoas, mas usar tecnologia com responsabilidade e crit\u00e9rio\u201d, finaliza Tahan. Esse modelo exige mais do que investimento em ferramentas. Exige organiza\u00e7\u00e3o.<\/p>\n<p>Sem processos claros, integra\u00e7\u00e3o de sistemas e defini\u00e7\u00e3o de fluxos, qualquer avan\u00e7o tecnol\u00f3gico se torna superficial. A automa\u00e7\u00e3o, nesse cen\u00e1rio, n\u00e3o resolve. S\u00f3 acelera um problema que j\u00e1 existia. E o cliente percebe.<\/p>\n<p>No fim, o cliente n\u00e3o quer saber se a empresa usa intelig\u00eancia artificial. Ele quer ser atendido de forma eficiente e ter o problema resolvido. Quando isso n\u00e3o acontece, a consequ\u00eancia \u00e9 simples: ele n\u00e3o volta.<\/p>\n<\/p><\/div>\n<p><script async src=\"https:\/\/connect.facebook.net\/pt_BR\/all.js#xfbml=1\"><\/script><br \/>\n<br \/><br \/>\n<br \/><a href=\"https:\/\/jovempan.com.br\/noticias\/economia\/negocios\/automacao-mal-feita-esta-fazendo-empresas-perderem-clientes.html\">Fonte: Jovem Pan <\/a><\/p>\n","protected":false},"excerpt":{"rendered":"<p>Busca por redu\u00e7\u00e3o de custos acelera uso de tecnologia no atendimento, mas falta de estrat\u00e9gia e organiza\u00e7\u00e3o interna compromete experi\u00eancia e afasta consumidores Marcio Verderio Tahan, CEO da VTCall e especialista em solu\u00e7\u00f5es de automa\u00e7\u00e3o e atendimento O atendimento ao cliente mudou mais nos \u00faltimos cinco anos do que em d\u00e9cadas. A diferen\u00e7a \u00e9 que, [&hellip;]<\/p>\n","protected":false},"author":1,"featured_media":1701,"comment_status":"open","ping_status":"open","sticky":false,"template":"","format":"standard","meta":{"fifu_image_url":"https:\/\/jpimg.com.br\/uploads\/2026\/04\/screenshot-2026-04-21-122640-1024x656.png","fifu_image_alt":"","footnotes":""},"categories":[1],"tags":[],"class_list":{"0":"post-1700","1":"post","2":"type-post","3":"status-publish","4":"format-standard","5":"has-post-thumbnail","7":"category-noticias"},"_links":{"self":[{"href":"https:\/\/www.revistacomercio.com.br\/index.php\/wp-json\/wp\/v2\/posts\/1700","targetHints":{"allow":["GET"]}}],"collection":[{"href":"https:\/\/www.revistacomercio.com.br\/index.php\/wp-json\/wp\/v2\/posts"}],"about":[{"href":"https:\/\/www.revistacomercio.com.br\/index.php\/wp-json\/wp\/v2\/types\/post"}],"author":[{"embeddable":true,"href":"https:\/\/www.revistacomercio.com.br\/index.php\/wp-json\/wp\/v2\/users\/1"}],"replies":[{"embeddable":true,"href":"https:\/\/www.revistacomercio.com.br\/index.php\/wp-json\/wp\/v2\/comments?post=1700"}],"version-history":[{"count":0,"href":"https:\/\/www.revistacomercio.com.br\/index.php\/wp-json\/wp\/v2\/posts\/1700\/revisions"}],"wp:featuredmedia":[{"embeddable":true,"href":"https:\/\/www.revistacomercio.com.br\/index.php\/wp-json\/wp\/v2\/media\/1701"}],"wp:attachment":[{"href":"https:\/\/www.revistacomercio.com.br\/index.php\/wp-json\/wp\/v2\/media?parent=1700"}],"wp:term":[{"taxonomy":"category","embeddable":true,"href":"https:\/\/www.revistacomercio.com.br\/index.php\/wp-json\/wp\/v2\/categories?post=1700"},{"taxonomy":"post_tag","embeddable":true,"href":"https:\/\/www.revistacomercio.com.br\/index.php\/wp-json\/wp\/v2\/tags?post=1700"}],"curies":[{"name":"wp","href":"https:\/\/api.w.org\/{rel}","templated":true}]}}