{"id":1696,"date":"2026-04-26T04:21:44","date_gmt":"2026-04-26T04:21:44","guid":{"rendered":"https:\/\/www.revistacomercio.com.br\/index.php\/2026\/04\/26\/ficha-tecnica-do-sistema-de-iluminacao-automotiva-especificacoes-do-farol-de-led-e-normas-legais\/"},"modified":"2026-04-26T04:21:44","modified_gmt":"2026-04-26T04:21:44","slug":"ficha-tecnica-do-sistema-de-iluminacao-automotiva-especificacoes-do-farol-de-led-e-normas-legais","status":"publish","type":"post","link":"https:\/\/www.revistacomercio.com.br\/index.php\/2026\/04\/26\/ficha-tecnica-do-sistema-de-iluminacao-automotiva-especificacoes-do-farol-de-led-e-normas-legais\/","title":{"rendered":"Ficha t\u00e9cnica do sistema de ilumina\u00e7\u00e3o automotiva: especifica\u00e7\u00f5es do farol de LED e normas legais"},"content":{"rendered":"<p> <br \/>\n<\/p>\n<p>Dados de engenharia el\u00e9trica, calibra\u00e7\u00e3o \u00f3ptica e o impacto legal ao substituir l\u00e2mpadas no conjunto \u00f3ptico original.<\/p>\n<div wp_automatic_readability=\"115\">\n<div class=\"post_image\"><span class=\"image_fonte\">EDI SOUSA\/ATO PRESS\/ESTAD\u00c3O CONTE\u00daDO &#8211; 03\/10\/2023 <\/span><picture><source media=\"(max-width: 799px)\" srcset=\"https:\/\/jpimg.com.br\/uploads\/2023\/10\/ato20231003126-311x207.jpg\"><source media=\"(min-width: 800px)\" srcset=\"https:\/\/jpimg.com.br\/uploads\/2023\/10\/ato20231003126-676x450.jpg\"><img decoding=\"async\" class=\"img-responsive type:primaryImage\" src=\"https:\/\/jpimg.com.br\/uploads\/2023\/10\/ato20231003126-676x450.jpg\" alt=\"Tr\u00e2nsito intenso de ve\u00edculos nos dois sentidos da Avenida Prestes Maia\" id=\"zoom-img\"\/><br \/>\n                                        <\/source><\/source><\/picture><span class=\"image_credits\">Tr\u00e2nsito intenso de ve\u00edculos nos dois sentidos da Avenida Prestes Maia (liga\u00e7\u00e3o norte-sul), regi\u00e3o central de S\u00e3o   Paulo, na tarde desta ter\u00e7a-feira (03). O rod\u00edzio de carros foi suspenso devido \u00e0 greve dos funcion\u00e1rios do Metr\u00f4 e   da CPTM.    <br \/><\/span><\/div>\n<p><?xml encoding=\"UTF-8\"???><\/p>\n<p><span style=\"font-weight: 400;\">A transi\u00e7\u00e3o das l\u00e2mpadas hal\u00f3genas com filamento de tungst\u00eanio para emissores de estado s\u00f3lido (LED) exige aten\u00e7\u00e3o imediata \u00e0 rede el\u00e9trica do ve\u00edculo e \u00e0 legisla\u00e7\u00e3o de tr\u00e2nsito vigente. Antes de comprar componentes no mercado de reposi\u00e7\u00e3o, a pergunta central nas vistorias de transfer\u00eancia e blitz de fiscaliza\u00e7\u00e3o \u00e9 se <\/span><b>\u00e9 permitido instalar l\u00e2mpada de LED no farol do carro original de f\u00e1brica segundo o Contran<\/b><span style=\"font-weight: 400;\">. A Resolu\u00e7\u00e3o 667\/2017 do Conselho Nacional de Tr\u00e2nsito <\/span><b>pro\u00edbe a altera\u00e7\u00e3o da tecnologia de ilumina\u00e7\u00e3o<\/b><span style=\"font-weight: 400;\"> original do ve\u00edculo a partir de 2021. Autom\u00f3veis projetados para usar l\u00e2mpadas hal\u00f3genas n\u00e3o podem receber kits de diodos, salvo aqueles que obtiveram o Certificado de Seguran\u00e7a Veicular (CSV) antes do prazo legal. Para os modelos que possuem essa tecnologia homologada, a manuten\u00e7\u00e3o exige seguir par\u00e2metros rigorosos de engenharia mec\u00e2nica.<\/span><\/p>\n<h2><span style=\"font-weight: 400;\">Par\u00e2metros el\u00e9tricos e efici\u00eancia luminosa dos diodos<\/span><\/h2>\n<p><span style=\"font-weight: 400;\">O manual do propriet\u00e1rio estabelece especifica\u00e7\u00f5es exatas de toler\u00e2ncia para o bom funcionamento do conjunto \u00f3ptico e do alternador. Enquanto uma l\u00e2mpada H4 ou H7 convencional apresenta um alto \u00edndice de dissipa\u00e7\u00e3o de calor in\u00fatil, a arquitetura em diodo entrega uma <\/span><b>efici\u00eancia energ\u00e9tica superior<\/b><span style=\"font-weight: 400;\">, exigindo menor carga do sistema de gera\u00e7\u00e3o de energia do autom\u00f3vel.<\/span><\/p>\n<p><span style=\"font-weight: 400;\">As principais grandezas de refer\u00eancia medidas nos centros de diagnose incluem:<\/span><\/p>\n<ul>\n<li style=\"font-weight: 400;\" aria-level=\"1\"><b>Tens\u00e3o nominal de trabalho:<\/b><span style=\"font-weight: 400;\"> 12V em ve\u00edculos de passeio convencionais e 24V na linha pesada.<\/span><\/li>\n<li style=\"font-weight: 400;\" aria-level=\"1\"><b>Consumo de pot\u00eancia (Watts):<\/b><span style=\"font-weight: 400;\"> 25W a 35W por l\u00e2mpada de LED, contra os 55W a 60W exigidos pelas hal\u00f3genas de f\u00e1brica.<\/span><\/li>\n<li style=\"font-weight: 400;\" aria-level=\"1\"><b>Fluxo de intensidade luminosa:<\/b><span style=\"font-weight: 400;\"> 3.000 a 6.000 l\u00famens reais na proje\u00e7\u00e3o, oferecendo maior profundidade no asfalto.<\/span><\/li>\n<li style=\"font-weight: 400;\" aria-level=\"1\"><b>Temperatura de cor do facho:<\/b><span style=\"font-weight: 400;\"> 5.000K a 6.000K, padr\u00e3o t\u00e9rmico adotado para luz branca pura que n\u00e3o dispersa sob neblina.<\/span><\/li>\n<\/ul>\n<h2><span style=\"font-weight: 400;\">Diagn\u00f3stico de anomalias no painel e falhas de proje\u00e7\u00e3o<\/span><\/h2>\n<p><span style=\"font-weight: 400;\">Sempre que ocorre interven\u00e7\u00e3o no chicote dos far\u00f3is, a arquitetura eletr\u00f4nica embarcada do carro reage imediatamente. O sintoma el\u00e9trico mais recorrente nas oficinas \u00e9 o <\/span><b>aviso de l\u00e2mpada queimada<\/b><span style=\"font-weight: 400;\"> no quadro de instrumentos. Como a nova pe\u00e7a demanda baixa amperagem para funcionar, a <\/span><b>Unidade de Controle Eletr\u00f4nico (ECU)<\/b><span style=\"font-weight: 400;\"> interpreta a leitura de baixa corrente el\u00e9trica como um rompimento de filamento, acionando o c\u00f3digo de erro no painel.<\/span><\/p>\n<p><span style=\"font-weight: 400;\">Um defeito mec\u00e2nico grave resultante de instala\u00e7\u00f5es amadoras \u00e9 a perda do foco projetado. Se a microplaca onde os chips est\u00e3o soldados n\u00e3o for id\u00eantica \u00e0 posi\u00e7\u00e3o milim\u00e9trica do filamento original, ocorre a <\/span><b>destrui\u00e7\u00e3o da linha de corte<\/b><span style=\"font-weight: 400;\"> do facho. Esse erro geom\u00e9trico provoca o severo <\/span><b>espalhamento da luz no refletor<\/b><span style=\"font-weight: 400;\">, o que diminui a vis\u00e3o real da pista e cega instantaneamente os condutores da via oposta. Outro problema recorrente \u00e9 a cintila\u00e7\u00e3o (flicker), uma <\/span><b>r\u00e1pida oscila\u00e7\u00e3o do feixe luminoso<\/b><span style=\"font-weight: 400;\"> gerada pela incompatibilidade com a modula\u00e7\u00e3o de pulso de energia (PWM) enviada pela rede do carro.<\/span><\/p>\n<h2><span style=\"font-weight: 400;\">Protocolo de substitui\u00e7\u00e3o e calibra\u00e7\u00e3o de foco na oficina<\/span><\/h2>\n<p><span style=\"font-weight: 400;\">Nos casos em que a reposi\u00e7\u00e3o da pe\u00e7a original (OEM) \u00e9 permitida, o procedimento t\u00e9cnico vai muito al\u00e9m de um simples encaixe no soquete. Exige <\/span><b>isolamento t\u00e9rmico e alinhamento geom\u00e9trico<\/b><span style=\"font-weight: 400;\"> computadorizado.<\/span><\/p>\n<h3><span style=\"font-weight: 400;\">1. Despressuriza\u00e7\u00e3o e acesso ao chicote original<\/span><\/h3>\n<p><span style=\"font-weight: 400;\">O mec\u00e2nico inicia a interven\u00e7\u00e3o desconectando o terminal negativo da bateria para <\/span><b>evitar curtos-circuitos no m\u00f3dulo de conforto (BCM)<\/b><span style=\"font-weight: 400;\"> do autom\u00f3vel. Realiza-se a inspe\u00e7\u00e3o t\u00e1til dos fios de alimenta\u00e7\u00e3o, identificando poss\u00edveis derretimentos na carca\u00e7a de pl\u00e1stico ou zinabre nos pinos de conex\u00e3o.<\/span><\/p>\n<h3><span style=\"font-weight: 400;\">2. Instala\u00e7\u00e3o do m\u00f3dulo canbus e do dissipador t\u00e9rmico<\/span><\/h3>\n<p><span style=\"font-weight: 400;\">O novo emissor precisa ser acoplado a um <\/span><b>m\u00f3dulo de cancelamento de erro (Canbus)<\/b><span style=\"font-weight: 400;\">, que restabelece a resist\u00eancia el\u00e9trica ideal lida pelos sensores da ECU. Na montagem f\u00edsica, o profissional deve acomodar o chicote garantindo que a base traseira do farol \u2014 onde fica a ventoinha (cooler) ou a malha de cobre \u2014 fique completamente desobstru\u00edda. O correto <\/span><b>gerenciamento t\u00e9rmico do conjunto<\/b><span style=\"font-weight: 400;\"> impede o derretimento do farol.<\/span><\/p>\n<h3><span style=\"font-weight: 400;\">3. Alinhamento focal com equipamento de reglosc\u00f3pio<\/span><\/h3>\n<p><span style=\"font-weight: 400;\">Nenhuma troca \u00f3ptica est\u00e1 finalizada sem o nivelamento a laser. Com o carro nivelado e os pneus na press\u00e3o estipulada no manual, posiciona-se o <\/span><b>equipamento de calibra\u00e7\u00e3o chamado reglosc\u00f3pio<\/b><span style=\"font-weight: 400;\">. Atrav\u00e9s dos parafusos de ajuste na carca\u00e7a, o feixe \u00e9 regulado para um <\/span><b>\u00e2ngulo de decl\u00ednio de -1,0% a -1,2%<\/b><span style=\"font-weight: 400;\">, calibrando a altura para que a luz ilumine perfeitamente o ch\u00e3o e as placas sem invadir a \u00e1rea dos retrovisores do ve\u00edculo da frente.<\/span><\/p>\n<h2><span style=\"font-weight: 400;\">Expectativa de vida \u00fatil, custos de reposi\u00e7\u00e3o e multas de tr\u00e2nsito<\/span><\/h2>\n<p><span style=\"font-weight: 400;\">Quando operado dentro das margens ideais de temperatura de trabalho, um sistema de ilumina\u00e7\u00e3o eletr\u00f4nica bem dimensionado possui uma <\/span><b>durabilidade estimada em 30.000 horas<\/b><span style=\"font-weight: 400;\"> de uso cont\u00ednuo, superando exponencialmente a vida \u00fatil m\u00e9dia de 600 horas das tecnologias passadas. Para reposi\u00e7\u00e3o em ve\u00edculos que comportam o sistema, o propriet\u00e1rio deve prever um <\/span><b>investimento m\u00e9dio de R$ 300 a R$ 800<\/b><span style=\"font-weight: 400;\"> em pares de marcas consolidadas e com dissipa\u00e7\u00e3o ativa.<\/span><\/p>\n<p><span style=\"font-weight: 400;\">O risco financeiro e legal surge quando as especifica\u00e7\u00f5es de engenharia s\u00e3o ignoradas e a modifica\u00e7\u00e3o \u00e9 feita de forma irregular. Trafegar com o conjunto \u00f3ptico adulterado sem previs\u00e3o de f\u00e1brica \u00e9 enquadrado pelo C\u00f3digo de Tr\u00e2nsito Brasileiro (Art. 230) como infra\u00e7\u00e3o grave. O condutor \u00e9 autuado com <\/span><b>multa no valor de R$ 195,23<\/b><span style=\"font-weight: 400;\"> e recebe cinco pontos na CNH. Al\u00e9m do preju\u00edzo financeiro, a autoridade de tr\u00e2nsito aplica a <\/span><b>medida administrativa de reten\u00e7\u00e3o do ve\u00edculo<\/b><span style=\"font-weight: 400;\">, obrigando o motorista a acionar um reboque ou realizar a troca imediata das l\u00e2mpadas na rodovia para conseguir libera\u00e7\u00e3o.<\/span><\/p>\n<p><span style=\"font-weight: 400;\">A falta de crit\u00e9rio na manuten\u00e7\u00e3o preventiva e nas modifica\u00e7\u00f5es el\u00e9tricas compromete diretamente a seguran\u00e7a vi\u00e1ria coletiva. Utilizar sistemas de ilumina\u00e7\u00e3o descalibrados eleva a carga t\u00e9rmica nos fios, podendo causar derretimento cr\u00f4nico do chicote, e induz ao <\/span><b>potencial ofuscamento de motoristas no sentido contr\u00e1rio<\/b><span style=\"font-weight: 400;\">. Manter a integridade f\u00edsica dos far\u00f3is, verificar o estado das veda\u00e7\u00f5es contra umidade e respeitar as dimens\u00f5es de foco s\u00e3o pr\u00e1ticas primordiais que salvam vidas e garantem efici\u00eancia luminosa em viagens noturnas.<\/span><\/p>\n<\/p><\/div>\n<p><script async src=\"https:\/\/connect.facebook.net\/pt_BR\/all.js#xfbml=1\"><\/script><br \/>\n<br \/><br \/>\n<br \/><a href=\"https:\/\/jovempan.com.br\/noticias\/tecnologia\/ficha-tecnica-do-sistema-de-iluminacao-automotiva-especificacoes-do-farol-de-led-e-normas-legais.html\">Source link <\/a><\/p>\n","protected":false},"excerpt":{"rendered":"<p>Dados de engenharia el\u00e9trica, calibra\u00e7\u00e3o \u00f3ptica e o impacto legal ao substituir l\u00e2mpadas no conjunto \u00f3ptico original. EDI SOUSA\/ATO PRESS\/ESTAD\u00c3O CONTE\u00daDO &#8211; 03\/10\/2023 Tr\u00e2nsito intenso de ve\u00edculos nos dois sentidos da Avenida Prestes Maia (liga\u00e7\u00e3o norte-sul), regi\u00e3o central de S\u00e3o Paulo, na tarde desta ter\u00e7a-feira (03). O rod\u00edzio de carros foi suspenso devido \u00e0 greve [&hellip;]<\/p>\n","protected":false},"author":1,"featured_media":1697,"comment_status":"open","ping_status":"open","sticky":false,"template":"","format":"standard","meta":{"fifu_image_url":"https:\/\/jpimg.com.br\/uploads\/2023\/10\/ato20231003126.jpg","fifu_image_alt":"","footnotes":""},"categories":[14],"tags":[],"class_list":{"0":"post-1696","1":"post","2":"type-post","3":"status-publish","4":"format-standard","5":"has-post-thumbnail","7":"category-tecnologia-e-inovacao"},"_links":{"self":[{"href":"https:\/\/www.revistacomercio.com.br\/index.php\/wp-json\/wp\/v2\/posts\/1696","targetHints":{"allow":["GET"]}}],"collection":[{"href":"https:\/\/www.revistacomercio.com.br\/index.php\/wp-json\/wp\/v2\/posts"}],"about":[{"href":"https:\/\/www.revistacomercio.com.br\/index.php\/wp-json\/wp\/v2\/types\/post"}],"author":[{"embeddable":true,"href":"https:\/\/www.revistacomercio.com.br\/index.php\/wp-json\/wp\/v2\/users\/1"}],"replies":[{"embeddable":true,"href":"https:\/\/www.revistacomercio.com.br\/index.php\/wp-json\/wp\/v2\/comments?post=1696"}],"version-history":[{"count":0,"href":"https:\/\/www.revistacomercio.com.br\/index.php\/wp-json\/wp\/v2\/posts\/1696\/revisions"}],"wp:featuredmedia":[{"embeddable":true,"href":"https:\/\/www.revistacomercio.com.br\/index.php\/wp-json\/wp\/v2\/media\/1697"}],"wp:attachment":[{"href":"https:\/\/www.revistacomercio.com.br\/index.php\/wp-json\/wp\/v2\/media?parent=1696"}],"wp:term":[{"taxonomy":"category","embeddable":true,"href":"https:\/\/www.revistacomercio.com.br\/index.php\/wp-json\/wp\/v2\/categories?post=1696"},{"taxonomy":"post_tag","embeddable":true,"href":"https:\/\/www.revistacomercio.com.br\/index.php\/wp-json\/wp\/v2\/tags?post=1696"}],"curies":[{"name":"wp","href":"https:\/\/api.w.org\/{rel}","templated":true}]}}