{"id":1432,"date":"2026-03-17T13:22:37","date_gmt":"2026-03-17T13:22:37","guid":{"rendered":"https:\/\/www.revistacomercio.com.br\/index.php\/2026\/03\/17\/boulos-se-o-congresso-enrolar-contra-fim-da-6x1-governo-enviara-pl-com-urgencia\/"},"modified":"2026-03-17T13:22:37","modified_gmt":"2026-03-17T13:22:37","slug":"boulos-se-o-congresso-enrolar-contra-fim-da-6x1-governo-enviara-pl-com-urgencia","status":"publish","type":"post","link":"https:\/\/www.revistacomercio.com.br\/index.php\/2026\/03\/17\/boulos-se-o-congresso-enrolar-contra-fim-da-6x1-governo-enviara-pl-com-urgencia\/","title":{"rendered":"Boulos: Se o Congresso \u2018enrolar\u2019 contra fim da 6\u00d71, governo enviar\u00e1 PL com urg\u00eancia"},"content":{"rendered":"<p> <br \/>\n<\/p>\n<p>Boulos disse que a redu\u00e7\u00e3o da jornada de trabalho \u00e9 o \u2018projeto da fam\u00edlia brasileira\u2019, pois permite \u2018mais tempo com a fam\u00edlia\u2019<\/p>\n<div wp_automatic_readability=\"121\">\n<div class=\"post_image\"><span class=\"image_fonte\"> Foto: Fabio Rodrigues-Pozzebom\/ Ag\u00eancia Brasil<\/span><picture><source media=\"(max-width: 799px)\" srcset=\"https:\/\/jpimg.com.br\/uploads\/2026\/01\/imagem-jvp-2026-01-21t100650.897-345x207.png\"><source media=\"(min-width: 800px)\" srcset=\"https:\/\/jpimg.com.br\/uploads\/2026\/01\/imagem-jvp-2026-01-21t100650.897-750x450.png\"><img decoding=\"async\" class=\"img-responsive type:primaryImage\" src=\"https:\/\/jpimg.com.br\/uploads\/2026\/01\/imagem-jvp-2026-01-21t100650.897-750x450.png\" alt=\"Bras\u00edlia (DF) 21\/01\/2026 - O ministro da Secretaria-Geral da Presid\u00eancia, Guilherme Boulos, participa do programa Bom Dia, Ministro Foto: Fabio Rodrigues-Pozzebom\/ Ag\u00eancia Brasil\" id=\"zoom-img\"><br \/>\n                                        <\/source><\/source><\/picture><span class=\"image_credits\">Bras\u00edlia (DF) 21\/01\/2026 &#8211; O ministro da Secretaria-Geral da Presid\u00eancia, Guilherme Boulos, participa do programa Bom Dia, Ministro Foto: Fabio Rodrigues-Pozzebom\/ Ag\u00eancia Brasil<br \/><\/span><\/div>\n<p><?xml encoding=\"UTF-8\"???><\/p>\n<p>O ministro da Secretaria Geral da Presid\u00eancia, Guilherme Boulos, disse nesta ter\u00e7a-feira, 17, que o governo do presidente Luiz In\u00e1cio Lula da Silva (PT) apresentar\u00e1 um projeto de lei com regime de urg\u00eancia sobre o fim da escala 6\u00d71 se houver uma \u201cestrat\u00e9gia de enrola\u00e7\u00e3o\u201d do Congresso sobre o tema.<\/p>\n<p>\u201cLula j\u00e1 tomou uma decis\u00e3o. Estamos respeitando o tr\u00e2mite do Legislativo, como tem de ser. Mas se terminar mar\u00e7o e percebermos que est\u00e1 tendo uma estrat\u00e9gia de enrola\u00e7\u00e3o no Congresso, Lula vai entrar com projeto de lei em regime de urg\u00eancia e a\u00ed ter\u00e1 de votar em 45 dias\u201d, afirmou o ministro.<\/p>\n<p>Esse projeto do governo, disse, diminuir\u00e1 a jornada de trabalho de 44 para 40 horas semanais. Tamb\u00e9m acabar\u00e1 com a jornada de trabalho de 6\u00d71 e estabelecer\u00e1 o regime de 5\u00d72. Tudo isso sem redu\u00e7\u00e3o salarial.<\/p>\n<p>Boulos foi o entrevistado desta ter\u00e7a-feira, 17, do programa \u201cBom Dia, Ministro\u201d, da EBC. O ministro disse que \u201cvamos ter o fim da escala 6\u00d71 aprovada at\u00e9 o fim do ano no que depender do governo\u201d. Foi uma forma de demonstrar o empenho do Pal\u00e1cio do Planalto com o tema.<\/p>\n<p>Apesar disso, segundo o ministro, \u201cexiste uma opera\u00e7\u00e3o em curso contra o fim da 6\u00d71\u201d. \u201cQuem comanda essa opera\u00e7\u00e3o, al\u00e9m dos lobbies empresariais, \u00e9 o Valdemar Costa Neto, o Uni\u00e3o Brasil, o Republicanos, os partidos da direita bolsonarista do Brasil\u201d, declarou. Uni\u00e3o Brasil e Republicanos t\u00eam ministros no governo Lula.<\/p>\n<p>Boulos disse que a redu\u00e7\u00e3o da jornada de trabalho \u00e9 o \u201cprojeto da fam\u00edlia brasileira\u201d, pois permite \u201cmais tempo com a fam\u00edlia\u201d<\/p>\n<p>\u201c(Hoje em dia), temos aumento na aumento da renda, do sal\u00e1rio m\u00ednimo, mas o trabalhador v\u00ea que n\u00e3o est\u00e1 compensando, porque mant\u00e9m a mesma carga de trabalho\u201d, declarou. \u201cDe 1988 para c\u00e1, tivemos tantos avan\u00e7os tecnol\u00f3gicos na produtividade. Por que o trabalhador precisa trabalhar o mesmo tempo?\u201d, questionou.<\/p>\n<p>Segundo o ministro, \u201ctoda vez que fala em direito do trabalhador, vai ter rea\u00e7\u00e3o visceral dos grandes privilegiados, patr\u00f5es, empres\u00e1rios, do andar de cima\u201d, o que, segundo ele, \u201cn\u00e3o \u00e9 novidade\u201d. Boulos citou as rea\u00e7\u00f5es \u00e0 Lei \u00c1urea, como v\u00e1rios integrantes do governo t\u00eam feito, como ferramenta argumentativa a favor da redu\u00e7\u00e3o da jornada de trabalho.<\/p>\n<p>\u201cQuando a gente v\u00ea a CNI, CNA, CNC, editoriais da grande m\u00eddia gritando contra a escala, esse filme a gente j\u00e1 viu. Ningu\u00e9m esperava apoio deles para a pauta dos trabalhadores, porque nunca apoiaram a pauta dos trabalhadores no Brasil\u201d, declarou.<\/p>\n<p>\u201cEsses s\u00e3o os mesmos que levantam a voz para falar que defendem a fam\u00edlia. Sabe o que \u00e9 defender a fam\u00edlia brasileira nesse momento? \u00c9 defender o fim da escala 6\u00d71. \u00e9 uma defesa real, n\u00e3o \u00e9 no gog\u00f3\u201d, completou.<\/p>\n<p><em>*Estad\u00e3o Conte\u00fado<\/em><\/p>\n<\/p><\/div>\n<p><script async src=\"https:\/\/connect.facebook.net\/pt_BR\/all.js#xfbml=1\"><\/script><br \/>\n<br \/><br \/>\n<br \/><a href=\"https:\/\/jovempan.com.br\/noticias\/economia\/boulos-se-o-congresso-enrolar-contra-fim-da-6x1-governo-enviara-pl-com-urgencia.html\">Fonte: Jovem Pan <\/a><\/p>\n","protected":false},"excerpt":{"rendered":"<p>Boulos disse que a redu\u00e7\u00e3o da jornada de trabalho \u00e9 o \u2018projeto da fam\u00edlia brasileira\u2019, pois permite \u2018mais tempo com a fam\u00edlia\u2019 Foto: Fabio Rodrigues-Pozzebom\/ Ag\u00eancia Brasil Bras\u00edlia (DF) 21\/01\/2026 &#8211; O ministro da Secretaria-Geral da Presid\u00eancia, Guilherme Boulos, participa do programa Bom Dia, Ministro Foto: Fabio Rodrigues-Pozzebom\/ Ag\u00eancia Brasil O ministro da Secretaria Geral [&hellip;]<\/p>\n","protected":false},"author":1,"featured_media":1433,"comment_status":"open","ping_status":"open","sticky":false,"template":"","format":"standard","meta":{"fifu_image_url":"https:\/\/jpimg.com.br\/uploads\/2026\/01\/imagem-jvp-2026-01-21t100650.897.png","fifu_image_alt":"","footnotes":""},"categories":[1],"tags":[],"class_list":{"0":"post-1432","1":"post","2":"type-post","3":"status-publish","4":"format-standard","5":"has-post-thumbnail","7":"category-noticias"},"_links":{"self":[{"href":"https:\/\/www.revistacomercio.com.br\/index.php\/wp-json\/wp\/v2\/posts\/1432","targetHints":{"allow":["GET"]}}],"collection":[{"href":"https:\/\/www.revistacomercio.com.br\/index.php\/wp-json\/wp\/v2\/posts"}],"about":[{"href":"https:\/\/www.revistacomercio.com.br\/index.php\/wp-json\/wp\/v2\/types\/post"}],"author":[{"embeddable":true,"href":"https:\/\/www.revistacomercio.com.br\/index.php\/wp-json\/wp\/v2\/users\/1"}],"replies":[{"embeddable":true,"href":"https:\/\/www.revistacomercio.com.br\/index.php\/wp-json\/wp\/v2\/comments?post=1432"}],"version-history":[{"count":0,"href":"https:\/\/www.revistacomercio.com.br\/index.php\/wp-json\/wp\/v2\/posts\/1432\/revisions"}],"wp:featuredmedia":[{"embeddable":true,"href":"https:\/\/www.revistacomercio.com.br\/index.php\/wp-json\/wp\/v2\/media\/1433"}],"wp:attachment":[{"href":"https:\/\/www.revistacomercio.com.br\/index.php\/wp-json\/wp\/v2\/media?parent=1432"}],"wp:term":[{"taxonomy":"category","embeddable":true,"href":"https:\/\/www.revistacomercio.com.br\/index.php\/wp-json\/wp\/v2\/categories?post=1432"},{"taxonomy":"post_tag","embeddable":true,"href":"https:\/\/www.revistacomercio.com.br\/index.php\/wp-json\/wp\/v2\/tags?post=1432"}],"curies":[{"name":"wp","href":"https:\/\/api.w.org\/{rel}","templated":true}]}}