{"id":1426,"date":"2026-03-16T15:37:40","date_gmt":"2026-03-16T15:37:40","guid":{"rendered":"https:\/\/www.revistacomercio.com.br\/index.php\/2026\/03\/16\/imposto-de-renda-2026-restituicao-sera-automatica-para-pequenos-contribuintes\/"},"modified":"2026-03-16T15:37:40","modified_gmt":"2026-03-16T15:37:40","slug":"imposto-de-renda-2026-restituicao-sera-automatica-para-pequenos-contribuintes","status":"publish","type":"post","link":"https:\/\/www.revistacomercio.com.br\/index.php\/2026\/03\/16\/imposto-de-renda-2026-restituicao-sera-automatica-para-pequenos-contribuintes\/","title":{"rendered":"Imposto de Renda 2026: restitui\u00e7\u00e3o ser\u00e1 autom\u00e1tica para pequenos contribuintes"},"content":{"rendered":"<p> <br \/>\n<\/p>\n<div wp_automatic_readability=\"97.881759192502\">\n<div class=\"post_image\"><picture><source media=\"(max-width: 799px)\" srcset=\"https:\/\/jpimg.com.br\/uploads\/2026\/01\/vai-declarar-o-imposto-de-renda-pela-primeira-vez-7-dicas-para-nao-errar-311x207.jpg\"><source media=\"(min-width: 800px)\" srcset=\"https:\/\/jpimg.com.br\/uploads\/2026\/01\/vai-declarar-o-imposto-de-renda-pela-primeira-vez-7-dicas-para-nao-errar-675x450.jpg\"><img decoding=\"async\" class=\"img-responsive type:primaryImage\" src=\"https:\/\/jpimg.com.br\/uploads\/2026\/01\/vai-declarar-o-imposto-de-renda-pela-primeira-vez-7-dicas-para-nao-errar-675x450.jpg\" alt=\"Imposto de Renda de Pessoa F\u00edsica\" id=\"zoom-img\"><br \/>\n                                        <\/source><\/source><\/picture><\/div>\n<p><?xml encoding=\"UTF-8\"???><\/p>\n<p><strong>Contribuintes que tiveram pequenos valores de Imposto de Renda (IR) retidos<\/strong> na fonte e n\u00e3o fizerem a declara\u00e7\u00e3o <strong>receber\u00e3o automaticamente a restitui\u00e7\u00e3o.<\/strong> A novidade foi anunciada nesta segunda-feira (16) pela Receita Federal durante o an\u00fancio de regras da Declara\u00e7\u00e3o do Imposto de Renda Pessoa F\u00edsica (IRPF) de 2026.<\/p>\n<p>Ainda como projeto-piloto, o chamado Lote Especial de Restitui\u00e7\u00e3o Autom\u00e1tica de 2025 \u2013<strong> Cashback IRPF ser\u00e1 pago em 15 de julho.<\/strong><\/p>\n<p>\u201cMuita gente tem direito \u00e0 restitui\u00e7\u00e3o e nem sabe\u201d, afirmou o Secret\u00e1rio Especial da Receita Federal do Brasil Robinson Barreirinhas.<\/p>\n<p>Segundo ele, se trata, por exemplo, de um trabalhador de renda menor, que \u00e9 isento de fazer a declara\u00e7\u00e3o, mas que, por alguma raz\u00e3o teve uma reten\u00e7\u00e3o em um determinado m\u00eas por receber um pouco a mais da fonte pagadora.<\/p>\n<p>\u201cMas ele n\u00e3o \u00e9 obrigado a prestar declara\u00e7\u00e3o e nem lembra disso, e n\u00e3o recebe a restitui\u00e7\u00e3o\u201d, refor\u00e7ou. \u201cEnt\u00e3o, temos um piloto este ano para come\u00e7ar a dar a restitui\u00e7\u00e3o automaticamente\u201d, acrescentou.<\/p>\n<p>O prazo para entrega da declara\u00e7\u00e3o do IRPF 2026, ano-calend\u00e1rio de 2025, <a href=\"https:\/\/jovempan.com.br\/noticias\/economia\/imposto-de-renda-2026-receita-federal-divulga-datas-para-entrega-da-declaracao.html\">come\u00e7a na pr\u00f3xima segunda-feira (23)<\/a> e vai at\u00e9 29 de maio.<\/p>\n<p>Entre outros crit\u00e9rios, devem apresentar a declara\u00e7\u00e3o os contribuintes residentes no Brasil que receberam rendimentos tribut\u00e1veis superiores a R$ 35.584 em 2025.<\/p>\n<p><strong>Sobre a nova faixa de isen\u00e7\u00e3o do Imposto de Renda para quem recebe at\u00e9 R$ 5 mil por m\u00eas<\/strong>, apesar de a medida ter entrado em vigor em 1\u00ba de janeiro, <strong>a mudan\u00e7a n\u00e3o ter\u00e1 impacto na declara\u00e7\u00e3o entregue em 2026.<\/strong> Isso ocorre porque a declara\u00e7\u00e3o deste ano se refere aos rendimentos obtidos em 2025.<\/p>\n<p>Assim, a nova faixa de isen\u00e7\u00e3o s\u00f3 ter\u00e1 efeito pr\u00e1tico na declara\u00e7\u00e3o a ser apresentada em 2027. E estar isento do pagamento mensal do imposto n\u00e3o significa automaticamente estar dispensado de prestar contas ao Fisco, pois a obriga\u00e7\u00e3o de declarar depende tamb\u00e9m de outros crit\u00e9rios, como patrim\u00f4nio, investimentos e opera\u00e7\u00f5es financeiras.<\/p>\n<h2>Calend\u00e1rio<\/h2>\n<p><strong>As restitui\u00e7\u00f5es do IR ser\u00e3o pagas em quatro lotes, sendo o primeiro em 29 de maio.<\/strong><\/p>\n<p><strong>Confira, a seguir, o calend\u00e1rio completo de pagamento de restitui\u00e7\u00f5es:<\/strong><\/p>\n<ul>\n<li>primeiro lote em 29 de maio de 2026;<\/li>\n<li>segundo lote em 30 de junho de 2026;<\/li>\n<li>terceiro lote em 31 de julho de 2026;<\/li>\n<li>quarto lote em 28 de agosto de 2026.<\/li>\n<\/ul>\n<h2>Tira-d\u00favidas<\/h2>\n<p>No ar desde 2023, a s\u00e9rie Tira-D\u00favidas do IR, da Radioag\u00eancia Nacional, ter\u00e1 22 epis\u00f3dios em 2026. Os \u00e1udios ser\u00e3o exibidos pela R\u00e1dio Nacional e estar\u00e3o dispon\u00edveis na Radioag\u00eancia Nacional e Ag\u00eancia Brasil. De hoje at\u00e9 o \u00faltimo dia da declara\u00e7\u00e3o, os ve\u00edculos publicam epis\u00f3dios \u00e0s segundas e sextas-feiras.<\/p>\n<p><em>*Ag\u00eancia Brasil<\/em><\/p>\n<\/p><\/div>\n<p><script async src=\"https:\/\/connect.facebook.net\/pt_BR\/all.js#xfbml=1\"><\/script><br \/>\n<br \/><br \/>\n<br \/><a href=\"https:\/\/jovempan.com.br\/noticias\/economia\/imposto-de-renda-2026-restituicao-sera-automatica-para-pequenos-contribuintes.html\">Fonte: Jovem Pan <\/a><\/p>\n","protected":false},"excerpt":{"rendered":"<p>Contribuintes que tiveram pequenos valores de Imposto de Renda (IR) retidos na fonte e n\u00e3o fizerem a declara\u00e7\u00e3o receber\u00e3o automaticamente a restitui\u00e7\u00e3o. A novidade foi anunciada nesta segunda-feira (16) pela Receita Federal durante o an\u00fancio de regras da Declara\u00e7\u00e3o do Imposto de Renda Pessoa F\u00edsica (IRPF) de 2026. Ainda como projeto-piloto, o chamado Lote Especial [&hellip;]<\/p>\n","protected":false},"author":1,"featured_media":1427,"comment_status":"open","ping_status":"open","sticky":false,"template":"","format":"standard","meta":{"fifu_image_url":"https:\/\/jpimg.com.br\/uploads\/2026\/01\/vai-declarar-o-imposto-de-renda-pela-primeira-vez-7-dicas-para-nao-errar-1024x683.jpg","fifu_image_alt":"","footnotes":""},"categories":[1],"tags":[],"class_list":{"0":"post-1426","1":"post","2":"type-post","3":"status-publish","4":"format-standard","5":"has-post-thumbnail","7":"category-noticias"},"_links":{"self":[{"href":"https:\/\/www.revistacomercio.com.br\/index.php\/wp-json\/wp\/v2\/posts\/1426","targetHints":{"allow":["GET"]}}],"collection":[{"href":"https:\/\/www.revistacomercio.com.br\/index.php\/wp-json\/wp\/v2\/posts"}],"about":[{"href":"https:\/\/www.revistacomercio.com.br\/index.php\/wp-json\/wp\/v2\/types\/post"}],"author":[{"embeddable":true,"href":"https:\/\/www.revistacomercio.com.br\/index.php\/wp-json\/wp\/v2\/users\/1"}],"replies":[{"embeddable":true,"href":"https:\/\/www.revistacomercio.com.br\/index.php\/wp-json\/wp\/v2\/comments?post=1426"}],"version-history":[{"count":0,"href":"https:\/\/www.revistacomercio.com.br\/index.php\/wp-json\/wp\/v2\/posts\/1426\/revisions"}],"wp:featuredmedia":[{"embeddable":true,"href":"https:\/\/www.revistacomercio.com.br\/index.php\/wp-json\/wp\/v2\/media\/1427"}],"wp:attachment":[{"href":"https:\/\/www.revistacomercio.com.br\/index.php\/wp-json\/wp\/v2\/media?parent=1426"}],"wp:term":[{"taxonomy":"category","embeddable":true,"href":"https:\/\/www.revistacomercio.com.br\/index.php\/wp-json\/wp\/v2\/categories?post=1426"},{"taxonomy":"post_tag","embeddable":true,"href":"https:\/\/www.revistacomercio.com.br\/index.php\/wp-json\/wp\/v2\/tags?post=1426"}],"curies":[{"name":"wp","href":"https:\/\/api.w.org\/{rel}","templated":true}]}}