{"id":1424,"date":"2026-03-16T13:40:26","date_gmt":"2026-03-16T13:40:26","guid":{"rendered":"https:\/\/www.revistacomercio.com.br\/index.php\/2026\/03\/16\/imposto-de-renda-2026-receita-federal-divulga-datas-para-entrega-da-declaracao\/"},"modified":"2026-03-16T13:40:26","modified_gmt":"2026-03-16T13:40:26","slug":"imposto-de-renda-2026-receita-federal-divulga-datas-para-entrega-da-declaracao","status":"publish","type":"post","link":"https:\/\/www.revistacomercio.com.br\/index.php\/2026\/03\/16\/imposto-de-renda-2026-receita-federal-divulga-datas-para-entrega-da-declaracao\/","title":{"rendered":"Imposto de Renda 2026: Receita Federal divulga datas para entrega da declara\u00e7\u00e3o"},"content":{"rendered":"<p> <br \/>\n<\/p>\n<p>Envio \u00e9 obrigat\u00f3rio para os contribuintes que se enquadram nos crit\u00e9rios de renda, patrim\u00f4nio ou investimentos estabelecidos pelo \u00f3rg\u00e3o<\/p>\n<div wp_automatic_readability=\"114.29179030663\">\n<div class=\"post_image\"><span class=\"image_fonte\">LUIS LIMA JR\/FOTOARENA\/FOTOARENA\/ESTAD\u00c3O CONTE\u00daDO<\/span><picture><source media=\"(max-width: 799px)\" srcset=\"https:\/\/jpimg.com.br\/uploads\/2025\/03\/fta20250314088-311x207.jpg\"><source media=\"(min-width: 800px)\" srcset=\"https:\/\/jpimg.com.br\/uploads\/2025\/03\/fta20250314088-676x450.jpg\"><img decoding=\"async\" class=\"img-responsive type:primaryImage\" src=\"https:\/\/jpimg.com.br\/uploads\/2025\/03\/fta20250314088-676x450.jpg\" alt=\"contribuintes j\u00e1 poder\u00e3o entregar a declara\u00e7\u00e3o do Imposto de Renda 2025.\" id=\"zoom-img\"><br \/>\n                                        <\/source><\/source><\/picture><span class=\"image_credits\">Receita Federal divulgou nesta segunda-feira (16) as regras e o calend\u00e1rio para a entrega da declara\u00e7\u00e3o do Imposto de Renda da Pessoa F\u00edsica (IRPF) de 2026, referente ao ano-base 2025<br \/><\/span><\/div>\n<p><?xml encoding=\"UTF-8\"???><\/p>\n<p>A Receita Federal divulgou nesta segunda-feira (16) as <strong>regras<\/strong> e o <strong>calend\u00e1rio<\/strong> para a entrega da declara\u00e7\u00e3o do Imposto de Renda da Pessoa F\u00edsica (IRPF) de 2026, referente ao ano-base 2025. O per\u00edodo para o envio do documento ter\u00e1 <strong>in\u00edcio<\/strong> no dia <strong>23 de mar\u00e7o<\/strong> e se <strong>encerrar\u00e1<\/strong> \u00e0s <strong>23h59 do dia 29 de maio<\/strong>. A apresenta\u00e7\u00e3o da declara\u00e7\u00e3o dentro do prazo estipulado \u00e9 <strong>obrigat\u00f3ria<\/strong> para os contribuintes que se enquadram nos crit\u00e9rios de <strong>renda<\/strong>, <strong>patrim\u00f4nio<\/strong> ou <strong>investimentos estabelecidos pelo \u00f3rg\u00e3o<\/strong>.<\/p>\n<p>A decis\u00e3o foi publicada no Di\u00e1rio Oficial da Uni\u00e3o (DOU) nesta segunda-feira.<\/p>\n<p>A presta\u00e7\u00e3o de contas \u00e9 exigida de todos os cidad\u00e3os residentes no Brasil que, ao longo do ano de 2025, atenderam a pelo menos uma das seguintes condi\u00e7\u00f5es:<\/p>\n<p><strong>Rendimentos tribut\u00e1veis:<\/strong> recebeu mais de R$ 35.584,00 no ano (incluindo sal\u00e1rios, aposentadorias, pens\u00f5es e alugu\u00e9is);<\/p>\n<p><strong>Rendimentos isentos:<\/strong> recebeu mais de R$ 200.000,00 em rendimentos isentos, n\u00e3o tribut\u00e1veis ou tributados exclusivamente na fonte (como saque do FGTS, indeniza\u00e7\u00f5es trabalhistas, heran\u00e7as ou rendimentos de poupan\u00e7a);<\/p>\n<p><strong>Patrim\u00f4nio:<\/strong> tinha a posse ou a propriedade de bens e direitos (como im\u00f3veis, terrenos ou ve\u00edculos) com valor total superior a R$ 800.000,00 at\u00e9 o dia 31 de dezembro;<\/p>\n<p><strong>Bolsa de Valores:<\/strong> realizou opera\u00e7\u00f5es em bolsas de valores, de mercadorias ou de futuros cuja soma superou R$ 40.000,00, ou obteve lucro sujeito \u00e0 cobran\u00e7a de imposto nessas opera\u00e7\u00f5es;<\/p>\n<p><strong>Atividade rural:<\/strong> registrou receita bruta superior a R$ 177.920,00;<\/p>\n<p><strong>Ganho de capital:<\/strong> obteve lucro na venda de bens ou direitos sujeitos \u00e0 incid\u00eancia de imposto; ou optou pela isen\u00e7\u00e3o de imposto ao vender um im\u00f3vel residencial para comprar outro no prazo de at\u00e9 180 dias;<\/p>\n<p><strong>Bens no exterior:<\/strong> possu\u00eda investimentos ou capital no exterior (como offshores e trusts) ou recebeu lucros e dividendos de entidades estrangeiras;<\/p>\n<p><strong>Novos residentes:<\/strong> passou a morar no Brasil em qualquer m\u00eas de 2025 e permaneceu nessa condi\u00e7\u00e3o at\u00e9 31 de dezembro.<\/p>\n<h2>Formas de envio<\/h2>\n<p>A elabora\u00e7\u00e3o e o envio da declara\u00e7\u00e3o devem ser feitas atrav\u00e9s do <strong>programa gerador baixado no computador<\/strong>, do <strong>portal da Receita Federal na internet<\/strong> ou pelo <strong>aplicativo \u201cMeu Imposto de Renda\u201d<\/strong> para smartphones e tablets.<\/p>\n<p>Para facilitar o processo, o governo disponibiliza a <strong>declara\u00e7\u00e3o pr\u00e9-preenchida<\/strong> para os contribuintes que <strong>possuem conta \u201cgov.br\u201d nos n\u00edveis Prata ou Ouro<\/strong>. Nessa modalidade, o sistema importa automaticamente informa\u00e7\u00f5es enviadas por empresas, bancos e institui\u00e7\u00f5es de sa\u00fade, cabendo ao cidad\u00e3o apenas conferir, alterar ou confirmar os dados.<\/p>\n<p>A <strong>falta de apresenta\u00e7\u00e3o<\/strong> do documento dentro do prazo legal sujeita o contribuinte ao <strong>pagamento de multa<\/strong>. O valor m\u00ednimo da autua\u00e7\u00e3o \u00e9 de R$ 165,74, e o m\u00e1ximo pode chegar a 20% do imposto total devido, al\u00e9m do acr\u00e9scimo de juros.<\/p>\n<h2>Calend\u00e1rio de restitui\u00e7\u00f5es<\/h2>\n<p>Para os contribuintes que pagaram mais imposto do que o devido ao longo de 2025, a Receita Federal far\u00e1 a <strong>devolu\u00e7\u00e3o da diferen\u00e7a<\/strong>. Em 2026, o calend\u00e1rio de restitui\u00e7\u00f5es ser\u00e1 <a href=\"https:\/\/jovempan.com.br\/noticias\/economia\/imposto-de-renda-2026-receita-define-datas-de-pagamento-de-restituicoes.html\"><strong>dividido em quatro lotes<\/strong><\/a>, com o primeiro pagamento programado para o mesmo dia em que se encerra o prazo de entrega da declara\u00e7\u00e3o.<br \/>As datas oficiais de pagamento s\u00e3o:<\/p>\n<ul>\n<li><strong>1\u00ba Lote:<\/strong> 29 de maio;<\/li>\n<li><strong>2\u00ba Lote:<\/strong> 30 de junho;<\/li>\n<li><strong>3\u00ba Lote:<\/strong> 31 de julho;<\/li>\n<li><strong>4\u00ba Lote:<\/strong> 28 de agosto.<\/li>\n<\/ul>\n<p>Al\u00e9m dos grupos estabelecidos por lei, a Receita conceder\u00e1 <strong>prioridade<\/strong> no recebimento da restitui\u00e7\u00e3o aos contribuintes que <strong>utilizarem a declara\u00e7\u00e3o pr\u00e9-preenchida<\/strong> ou que <strong>optarem por receber o valor via Pix<\/strong>. Para que a op\u00e7\u00e3o do Pix seja v\u00e1lida, a chave informada no sistema deve ser <strong>obrigatoriamente o n\u00famero do CPF do titular<\/strong> da declara\u00e7\u00e3o.<\/p>\n<\/p><\/div>\n<p><script async src=\"https:\/\/connect.facebook.net\/pt_BR\/all.js#xfbml=1\"><\/script><br \/>\n<br \/><br \/>\n<br \/><a href=\"https:\/\/jovempan.com.br\/noticias\/economia\/imposto-de-renda-2026-receita-federal-divulga-datas-para-entrega-da-declaracao.html\">Fonte: Jovem Pan <\/a><\/p>\n","protected":false},"excerpt":{"rendered":"<p>Envio \u00e9 obrigat\u00f3rio para os contribuintes que se enquadram nos crit\u00e9rios de renda, patrim\u00f4nio ou investimentos estabelecidos pelo \u00f3rg\u00e3o LUIS LIMA JR\/FOTOARENA\/FOTOARENA\/ESTAD\u00c3O CONTE\u00daDO Receita Federal divulgou nesta segunda-feira (16) as regras e o calend\u00e1rio para a entrega da declara\u00e7\u00e3o do Imposto de Renda da Pessoa F\u00edsica (IRPF) de 2026, referente ao ano-base 2025 A Receita [&hellip;]<\/p>\n","protected":false},"author":1,"featured_media":1425,"comment_status":"open","ping_status":"open","sticky":false,"template":"","format":"standard","meta":{"fifu_image_url":"https:\/\/jpimg.com.br\/uploads\/2025\/03\/fta20250314088.jpg","fifu_image_alt":"","footnotes":""},"categories":[1],"tags":[],"class_list":{"0":"post-1424","1":"post","2":"type-post","3":"status-publish","4":"format-standard","5":"has-post-thumbnail","7":"category-noticias"},"_links":{"self":[{"href":"https:\/\/www.revistacomercio.com.br\/index.php\/wp-json\/wp\/v2\/posts\/1424","targetHints":{"allow":["GET"]}}],"collection":[{"href":"https:\/\/www.revistacomercio.com.br\/index.php\/wp-json\/wp\/v2\/posts"}],"about":[{"href":"https:\/\/www.revistacomercio.com.br\/index.php\/wp-json\/wp\/v2\/types\/post"}],"author":[{"embeddable":true,"href":"https:\/\/www.revistacomercio.com.br\/index.php\/wp-json\/wp\/v2\/users\/1"}],"replies":[{"embeddable":true,"href":"https:\/\/www.revistacomercio.com.br\/index.php\/wp-json\/wp\/v2\/comments?post=1424"}],"version-history":[{"count":0,"href":"https:\/\/www.revistacomercio.com.br\/index.php\/wp-json\/wp\/v2\/posts\/1424\/revisions"}],"wp:featuredmedia":[{"embeddable":true,"href":"https:\/\/www.revistacomercio.com.br\/index.php\/wp-json\/wp\/v2\/media\/1425"}],"wp:attachment":[{"href":"https:\/\/www.revistacomercio.com.br\/index.php\/wp-json\/wp\/v2\/media?parent=1424"}],"wp:term":[{"taxonomy":"category","embeddable":true,"href":"https:\/\/www.revistacomercio.com.br\/index.php\/wp-json\/wp\/v2\/categories?post=1424"},{"taxonomy":"post_tag","embeddable":true,"href":"https:\/\/www.revistacomercio.com.br\/index.php\/wp-json\/wp\/v2\/tags?post=1424"}],"curies":[{"name":"wp","href":"https:\/\/api.w.org\/{rel}","templated":true}]}}