{"id":1418,"date":"2026-03-15T14:09:03","date_gmt":"2026-03-15T14:09:03","guid":{"rendered":"https:\/\/www.revistacomercio.com.br\/index.php\/2026\/03\/15\/guerra-no-oriente-medio-deve-pressionar-inflacao-no-brasil-diz-meirelles-2\/"},"modified":"2026-03-15T14:09:03","modified_gmt":"2026-03-15T14:09:03","slug":"guerra-no-oriente-medio-deve-pressionar-inflacao-no-brasil-diz-meirelles-2","status":"publish","type":"post","link":"https:\/\/www.revistacomercio.com.br\/index.php\/2026\/03\/15\/guerra-no-oriente-medio-deve-pressionar-inflacao-no-brasil-diz-meirelles-2\/","title":{"rendered":"Guerra no Oriente M\u00e9dio deve pressionar infla\u00e7\u00e3o no Brasil, diz Meirelles"},"content":{"rendered":"<p> <br \/>\n<\/p>\n<p>Em uma entrevista \u00e0 Jovem Pan, o ex-ministro da Fazenda destacou que o aumento no pre\u00e7o do petr\u00f3leo, decorrente do conflito, pode impactar diretamente o custo do diesel<\/p>\n<div wp_automatic_readability=\"99.068256880734\">\n<div class=\"post_image\"><span class=\"image_fonte\">Reprodu\u00e7\u00e3o\/Jovem Pan News<\/span><picture><source media=\"(max-width: 799px)\" srcset=\"https:\/\/jpimg.com.br\/uploads\/2023\/05\/seminario-reforma-tributaria-grupo-lide-henrique-meirelles-reproducao-jovem-pan-news-345x207.jpg\"><source media=\"(min-width: 800px)\" srcset=\"https:\/\/jpimg.com.br\/uploads\/2023\/05\/seminario-reforma-tributaria-grupo-lide-henrique-meirelles-reproducao-jovem-pan-news-750x450.jpg\"><img decoding=\"async\" class=\"img-responsive type:primaryImage\" src=\"https:\/\/jpimg.com.br\/uploads\/2023\/05\/seminario-reforma-tributaria-grupo-lide-henrique-meirelles-reproducao-jovem-pan-news-750x450.jpg\" alt=\"seminario-reforma-tributaria-grupo-lide-henrique-meirelles-reproducao-jovem-pan-news\" id=\"zoom-img\"><br \/>\n                                        <\/source><\/source><\/picture><span class=\"image_credits\">O crescimento nos custos pode, por sua vez, afetar a infla\u00e7\u00e3o<br \/><\/span><\/div>\n<p><?xml encoding=\"UTF-8\"???><\/p>\n<p>O <strong>cen\u00e1rio econ\u00f4mico brasileiro<\/strong> est\u00e1 sob an\u00e1lise minuciosa devido \u00e0s tens\u00f5es internacionais entre Estados Unidos e Ir\u00e3, que t\u00eam o potencial de influenciar significativamente a pol\u00edtica monet\u00e1ria do pa\u00eds.<\/p>\n<p>Em uma entrevista \u00e0 <strong>Jovem Pan<\/strong>, no Jornal da Manh\u00e3, o economista e ex-ministro da Fazenda, <strong>Henrique Meirelles<\/strong>, <strong>destacou<\/strong> que o aumento no pre\u00e7o do petr\u00f3leo, decorrente do conflito, pode <strong>impactar diretamente o custo do diesel<\/strong>, um insumo essencial para o transporte de bens e servi\u00e7os no Brasil.<\/p>\n<p>\u201cOs bens e servi\u00e7os que est\u00e3o sendo produzidos, etc., s\u00e3o transportados para seus locais de venda, e os insumos tamb\u00e9m s\u00e3o transportados, e tudo isso \u00e9 impactado pelo pre\u00e7o do diesel\u201d, disse Meirelles.<\/p>\n<p><strong>O crescimento nos custos pode, por sua vez, afetar a infla\u00e7\u00e3o<\/strong>, mudando as premissas dos modelos econom\u00e9tricos do Banco Central. Inicialmente, havia uma expectativa de um corte de 0,5% na taxa Selic.<\/p>\n<p>Agora, <strong>Meirelles acredita que o Banco Central deveria adotar uma postura mais conservadora<\/strong>, aguardando novas evolu\u00e7\u00f5es nos pre\u00e7os antes de tomar qualquer decis\u00e3o, ou seja, mantendo a taxa em 15%.<\/p>\n<p>Meirelles tamb\u00e9m comentou sobre a imprevisibilidade das a\u00e7\u00f5es do governo de Donald Trump, que frequentemente emite mensagens contradit\u00f3rias sobre o conflito, <strong>gerando incertezas no mercado global<\/strong>.<\/p>\n<p>Essa falta de clareza afeta a economia mundial, j\u00e1 que investidores tendem a evitar riscos em cen\u00e1rios incertos. O estreito de Ormuz, por onde passa uma significativa parcela do petr\u00f3leo mundial, \u00e9 um ponto cr\u00edtico, e<strong> a interrup\u00e7\u00e3o no fluxo de petr\u00f3leo pode ter consequ\u00eancias econ\u00f4micas globais<\/strong>.<\/p>\n<p>Meirelles garante que, apesar das incertezas no mundo, a economia brasileira est\u00e1 relativamente preparada para lidar com as instabilidades. \u201cA economia brasileira hoje tem uma produtividade maior do que tinha no passado\u201d, afirmou o ex-ministro.<\/p>\n<p>As reformas econ\u00f4micas realizadas nos \u00faltimos anos aumentaram a produtividade do pa\u00eds, e o Brasil, embora integrado \u00e0 economia mundial, \u00e9 menos dependente de exporta\u00e7\u00f5es de produtos industrializados. A demanda por commodities pode sofrer alguma instabilidade, mas os <strong>impactos n\u00e3o devem ser t\u00e3o significativos a curto prazo<\/strong>.<\/p>\n<p>O Brasil, portanto, pode enfrentar melhor as oscila\u00e7\u00f5es econ\u00f4micas decorrentes do conflito no Oriente M\u00e9dio, gra\u00e7as a uma base econ\u00f4mica mais s\u00f3lida e diversificada.<\/p>\n<h2>Veja a entrevista completa:<\/h2>\n<\/p><\/div>\n<p><script async src=\"https:\/\/connect.facebook.net\/pt_BR\/all.js#xfbml=1\"><\/script><br \/>\n<br \/><br \/>\n<br \/><a href=\"https:\/\/jovempan.com.br\/programas\/jornal-da-manha\/guerra-no-oriente-medio-deve-pressionar-inflacao-no-brasil-diz-meirelles.html\">Fonte: Jovem Pan <\/a><\/p>\n","protected":false},"excerpt":{"rendered":"<p>Em uma entrevista \u00e0 Jovem Pan, o ex-ministro da Fazenda destacou que o aumento no pre\u00e7o do petr\u00f3leo, decorrente do conflito, pode impactar diretamente o custo do diesel Reprodu\u00e7\u00e3o\/Jovem Pan News O crescimento nos custos pode, por sua vez, afetar a infla\u00e7\u00e3o O cen\u00e1rio econ\u00f4mico brasileiro est\u00e1 sob an\u00e1lise minuciosa devido \u00e0s tens\u00f5es internacionais entre [&hellip;]<\/p>\n","protected":false},"author":1,"featured_media":1419,"comment_status":"open","ping_status":"open","sticky":false,"template":"","format":"standard","meta":{"fifu_image_url":"https:\/\/jpimg.com.br\/uploads\/2023\/05\/seminario-reforma-tributaria-grupo-lide-henrique-meirelles-reproducao-jovem-pan-news.jpg","fifu_image_alt":"","footnotes":""},"categories":[1],"tags":[],"class_list":{"0":"post-1418","1":"post","2":"type-post","3":"status-publish","4":"format-standard","5":"has-post-thumbnail","7":"category-noticias"},"_links":{"self":[{"href":"https:\/\/www.revistacomercio.com.br\/index.php\/wp-json\/wp\/v2\/posts\/1418","targetHints":{"allow":["GET"]}}],"collection":[{"href":"https:\/\/www.revistacomercio.com.br\/index.php\/wp-json\/wp\/v2\/posts"}],"about":[{"href":"https:\/\/www.revistacomercio.com.br\/index.php\/wp-json\/wp\/v2\/types\/post"}],"author":[{"embeddable":true,"href":"https:\/\/www.revistacomercio.com.br\/index.php\/wp-json\/wp\/v2\/users\/1"}],"replies":[{"embeddable":true,"href":"https:\/\/www.revistacomercio.com.br\/index.php\/wp-json\/wp\/v2\/comments?post=1418"}],"version-history":[{"count":0,"href":"https:\/\/www.revistacomercio.com.br\/index.php\/wp-json\/wp\/v2\/posts\/1418\/revisions"}],"wp:featuredmedia":[{"embeddable":true,"href":"https:\/\/www.revistacomercio.com.br\/index.php\/wp-json\/wp\/v2\/media\/1419"}],"wp:attachment":[{"href":"https:\/\/www.revistacomercio.com.br\/index.php\/wp-json\/wp\/v2\/media?parent=1418"}],"wp:term":[{"taxonomy":"category","embeddable":true,"href":"https:\/\/www.revistacomercio.com.br\/index.php\/wp-json\/wp\/v2\/categories?post=1418"},{"taxonomy":"post_tag","embeddable":true,"href":"https:\/\/www.revistacomercio.com.br\/index.php\/wp-json\/wp\/v2\/tags?post=1418"}],"curies":[{"name":"wp","href":"https:\/\/api.w.org\/{rel}","templated":true}]}}