{"id":1414,"date":"2026-03-15T12:07:48","date_gmt":"2026-03-15T12:07:48","guid":{"rendered":"https:\/\/www.revistacomercio.com.br\/index.php\/2026\/03\/15\/datafolha-71-apoiam-fim-da-escala-6x1-no-brasil\/"},"modified":"2026-03-15T12:07:48","modified_gmt":"2026-03-15T12:07:48","slug":"datafolha-71-apoiam-fim-da-escala-6x1-no-brasil","status":"publish","type":"post","link":"https:\/\/www.revistacomercio.com.br\/index.php\/2026\/03\/15\/datafolha-71-apoiam-fim-da-escala-6x1-no-brasil\/","title":{"rendered":"Datafolha: 71% apoiam fim da escala 6\u00d71 no Brasil"},"content":{"rendered":"<p> <br \/>\n<\/p>\n<div id=\"post-2114549\">\n<h3 class=\"post-description\"><\/h3>\n<p>Apoio cresceu em rela\u00e7\u00e3o a 2024; debate inclui redu\u00e7\u00e3o da jornada<\/p>\n<p>                <!--\/meta--><\/p>\n<div class=\"context\" wp_automatic_readability=\"70\">\n<div class=\"post_image\"><span class=\"image_fonte\">LEANDRO CHEMALLE\/THENEWS2\/ESTAD\u00c3O CONTE\u00daDO<\/span><picture><source media=\"(max-width: 799px)\" srcset=\"https:\/\/jpimg.com.br\/uploads\/2024\/11\/escala61-311x207.png\"><source media=\"(min-width: 800px)\" srcset=\"https:\/\/jpimg.com.br\/uploads\/2024\/11\/escala61-676x450.png\"><img decoding=\"async\" class=\"img-responsive type:primaryImage\" src=\"https:\/\/jpimg.com.br\/uploads\/2024\/11\/escala61-676x450.png\" alt=\"Manifesta\u00e7\u00e3o pelo fim da escala de trabalho 6X1 na Avenida Paulista\" id=\"zoom-img\"><br \/>\n                                        <\/source><\/source><\/picture><span class=\"image_credits\">SP &#8211; ESCALA 6X1\/PEC\/SP\/MANIFESTO &#8211; GERAL &#8211; Manifesta\u00e7\u00e3o pelo fim da escala de trabalho 6X1 na Avenida Paulista, regi\u00e3o central de S\u00e3o Paulo, nesta sexta-feira, 15 de novembro, feriado da Proclama\u00e7\u00e3o da Rep\u00fablica. Com o avan\u00e7o da discuss\u00e3o sobre a Proposta de Emenda Constitucional (PEC) pelo fim da escala de trabalho 6 \u00d71, movimentos sociais convocaram atos em todo o Pa\u00eds para este feriado. Com a press\u00e3o social, aumentou o n\u00famero de parlamentares que assinaram a PEC. 15\/11\/2024 &#8211; Foto: LEANDRO CHEMALLE\/THENEWS2\/ESTAD\u00c3O CONTE\u00daDO<br \/><\/span><\/div>\n<p><?xml encoding=\"UTF-8\"????><\/p>\n<p data-start=\"122\" data-end=\"242\"><span class=\"BZ_Pyq_fadeIn\">Pesquisa <\/span><span class=\"BZ_Pyq_fadeIn\">do <\/span><span class=\"hover:entity-accent entity-underline inline cursor-pointer align-baseline\"><span class=\"whitespace-normal\">Datafolha<\/span><\/span> <span class=\"BZ_Pyq_fadeIn\">mostra <\/span><span class=\"BZ_Pyq_fadeIn\">que <\/span><span class=\"BZ_Pyq_fadeIn\">71% <\/span><span class=\"BZ_Pyq_fadeIn\">dos <\/span><span class=\"BZ_Pyq_fadeIn\">brasileiros <\/span><span class=\"BZ_Pyq_fadeIn\">apoiam <\/span><span class=\"BZ_Pyq_fadeIn\">o <\/span><span class=\"BZ_Pyq_fadeIn\">fim <\/span><span class=\"BZ_Pyq_fadeIn\">da <\/span><span class=\"BZ_Pyq_fadeIn\">escala <\/span><span class=\"BZ_Pyq_fadeIn\">6\u00d71 <\/span><span class=\"BZ_Pyq_fadeIn\">de <\/span><span class=\"BZ_Pyq_fadeIn\">trabalho.<\/span><\/p>\n<p data-start=\"244\" data-end=\"313\"><span class=\"BZ_Pyq_fadeIn\">Outros <\/span><span class=\"BZ_Pyq_fadeIn\">27% <\/span><span class=\"BZ_Pyq_fadeIn\">disseram <\/span><span class=\"BZ_Pyq_fadeIn\">ser <\/span><span class=\"BZ_Pyq_fadeIn\">contra <\/span><span class=\"BZ_Pyq_fadeIn\">a <\/span><span class=\"BZ_Pyq_fadeIn\">mudan\u00e7a <\/span><span class=\"BZ_Pyq_fadeIn\">e <\/span><span class=\"BZ_Pyq_fadeIn\">3% <\/span><span class=\"BZ_Pyq_fadeIn\">n\u00e3o <\/span><span class=\"BZ_Pyq_fadeIn\">souberam <\/span><span class=\"BZ_Pyq_fadeIn\">responder.<\/span><\/p>\n<p data-start=\"315\" data-end=\"450\"><span class=\"BZ_Pyq_fadeIn\">O <\/span><span class=\"BZ_Pyq_fadeIn\">apoio <\/span><span class=\"BZ_Pyq_fadeIn\">aumentou <\/span><span class=\"BZ_Pyq_fadeIn\">em <\/span><span class=\"BZ_Pyq_fadeIn\">rela\u00e7\u00e3o <\/span><span class=\"BZ_Pyq_fadeIn\">ao <\/span><span class=\"BZ_Pyq_fadeIn\">levantamento <\/span><span class=\"BZ_Pyq_fadeIn\">feito <\/span><span class=\"BZ_Pyq_fadeIn\">em <\/span><span class=\"BZ_Pyq_fadeIn\">2024. <\/span><span class=\"BZ_Pyq_fadeIn\">Na <\/span><span class=\"BZ_Pyq_fadeIn\">\u00e9poca, <\/span><span class=\"BZ_Pyq_fadeIn\">64% <\/span><span class=\"BZ_Pyq_fadeIn\">eram <\/span><span class=\"BZ_Pyq_fadeIn\">favor\u00e1veis <\/span><span class=\"BZ_Pyq_fadeIn\">ao <\/span><span class=\"BZ_Pyq_fadeIn\">fim <\/span><span class=\"BZ_Pyq_fadeIn\">da <\/span><span class=\"BZ_Pyq_fadeIn\">escala <\/span><span class=\"BZ_Pyq_fadeIn\">e <\/span><span class=\"BZ_Pyq_fadeIn\">33% <\/span><span class=\"BZ_Pyq_fadeIn\">se <\/span><span class=\"BZ_Pyq_fadeIn\">posicionavam <\/span><span class=\"BZ_Pyq_fadeIn\">contra.<\/span><\/p>\n<p data-start=\"452\" data-end=\"628\"><span class=\"BZ_Pyq_fadeIn\">A <\/span><span class=\"BZ_Pyq_fadeIn\">pesquisa <\/span><span class=\"BZ_Pyq_fadeIn\">foi <\/span><span class=\"BZ_Pyq_fadeIn\">realizada <\/span><span class=\"BZ_Pyq_fadeIn\">entre <\/span><span class=\"BZ_Pyq_fadeIn\">os <\/span><span class=\"BZ_Pyq_fadeIn\">dias <\/span><span class=\"BZ_Pyq_fadeIn\">3 <\/span><span class=\"BZ_Pyq_fadeIn\">e <\/span><span class=\"BZ_Pyq_fadeIn\">5 <\/span><span class=\"BZ_Pyq_fadeIn\">de <\/span><span class=\"BZ_Pyq_fadeIn\">mar\u00e7o. <\/span><span class=\"BZ_Pyq_fadeIn\">Foram <\/span><span class=\"BZ_Pyq_fadeIn\">ouvidas <\/span><span class=\"BZ_Pyq_fadeIn\">2.004 <\/span><span class=\"BZ_Pyq_fadeIn\">pessoas <\/span><span class=\"BZ_Pyq_fadeIn\">com <\/span><span class=\"BZ_Pyq_fadeIn\">16 <\/span><span class=\"BZ_Pyq_fadeIn\">anos <\/span><span class=\"BZ_Pyq_fadeIn\">ou <\/span><span class=\"BZ_Pyq_fadeIn\">mais <\/span><span class=\"BZ_Pyq_fadeIn\">em <\/span><span class=\"BZ_Pyq_fadeIn\">137 <\/span><span class=\"BZ_Pyq_fadeIn\">munic\u00edpios <\/span><span class=\"BZ_Pyq_fadeIn\">do <\/span><span class=\"BZ_Pyq_fadeIn\">pa\u00eds. <\/span><span class=\"BZ_Pyq_fadeIn\">A <\/span><span class=\"BZ_Pyq_fadeIn\">margem <\/span><span class=\"BZ_Pyq_fadeIn\">de <\/span><span class=\"BZ_Pyq_fadeIn\">erro <\/span><span class=\"BZ_Pyq_fadeIn\">\u00e9 <\/span><span class=\"BZ_Pyq_fadeIn\">de <\/span><span class=\"BZ_Pyq_fadeIn\">dois <\/span><span class=\"BZ_Pyq_fadeIn\">pontos <\/span><span class=\"BZ_Pyq_fadeIn\">percentuais.<\/span><\/p>\n<p data-start=\"630\" data-end=\"811\"><span class=\"BZ_Pyq_fadeIn\">O <\/span><span class=\"BZ_Pyq_fadeIn\">governo <\/span><span class=\"BZ_Pyq_fadeIn\">do <\/span><span class=\"BZ_Pyq_fadeIn\">presidente <\/span><span class=\"hover:entity-accent entity-underline inline cursor-pointer align-baseline\"><span class=\"whitespace-normal\">Luiz In\u00e1cio Lula da Silva<\/span><\/span> <span class=\"BZ_Pyq_fadeIn\">tem <\/span><span class=\"BZ_Pyq_fadeIn\">discutido <\/span><span class=\"BZ_Pyq_fadeIn\">mudan\u00e7as <\/span><span class=\"BZ_Pyq_fadeIn\">na <\/span><span class=\"BZ_Pyq_fadeIn\">jornada <\/span><span class=\"BZ_Pyq_fadeIn\">de <\/span><span class=\"BZ_Pyq_fadeIn\">trabalho. <\/span><span class=\"BZ_Pyq_fadeIn\">A <\/span><span class=\"BZ_Pyq_fadeIn\">proposta <\/span><span class=\"BZ_Pyq_fadeIn\">em <\/span><span class=\"BZ_Pyq_fadeIn\">debate <\/span><span class=\"BZ_Pyq_fadeIn\">prev\u00ea <\/span><span class=\"BZ_Pyq_fadeIn\">reduzir <\/span><span class=\"BZ_Pyq_fadeIn\">o <\/span><span class=\"BZ_Pyq_fadeIn\">limite <\/span><span class=\"BZ_Pyq_fadeIn\">semanal <\/span><span class=\"BZ_Pyq_fadeIn\">de <\/span><span class=\"BZ_Pyq_fadeIn\">44 <\/span><span class=\"BZ_Pyq_fadeIn\">para <\/span><span class=\"BZ_Pyq_fadeIn\">40 <\/span><span class=\"BZ_Pyq_fadeIn\">horas.<\/span><\/p>\n<p data-start=\"813\" data-end=\"938\"><span class=\"BZ_Pyq_fadeIn\">Tamb\u00e9m <\/span><span class=\"BZ_Pyq_fadeIn\">est\u00e1 <\/span><span class=\"BZ_Pyq_fadeIn\">em <\/span><span class=\"BZ_Pyq_fadeIn\">an\u00e1lise <\/span><span class=\"BZ_Pyq_fadeIn\">uma <\/span><span class=\"BZ_Pyq_fadeIn\">proposta <\/span><span class=\"BZ_Pyq_fadeIn\">da <\/span><span class=\"BZ_Pyq_fadeIn\">deputada <\/span><span class=\"hover:entity-accent entity-underline inline cursor-pointer align-baseline\"><span class=\"whitespace-normal\">Erika Hilton<\/span><\/span> <span class=\"BZ_Pyq_fadeIn\">que <\/span><span class=\"BZ_Pyq_fadeIn\">prev\u00ea <\/span><span class=\"BZ_Pyq_fadeIn\">jornada <\/span><span class=\"BZ_Pyq_fadeIn\">de <\/span><span class=\"BZ_Pyq_fadeIn\">36 <\/span><span class=\"BZ_Pyq_fadeIn\">horas <\/span><span class=\"BZ_Pyq_fadeIn\">semanais.<\/span><\/p>\n<p data-start=\"940\" data-end=\"1070\"><span class=\"BZ_Pyq_fadeIn\">Segundo <\/span><span class=\"BZ_Pyq_fadeIn\">a <\/span><span class=\"BZ_Pyq_fadeIn\">pesquisa, <\/span><span class=\"BZ_Pyq_fadeIn\">53% <\/span><span class=\"BZ_Pyq_fadeIn\">dos <\/span><span class=\"BZ_Pyq_fadeIn\">brasileiros <\/span><span class=\"BZ_Pyq_fadeIn\">economicamente <\/span><span class=\"BZ_Pyq_fadeIn\">ativos <\/span><span class=\"BZ_Pyq_fadeIn\">trabalham <\/span><span class=\"BZ_Pyq_fadeIn\">at\u00e9 <\/span><span class=\"BZ_Pyq_fadeIn\">cinco <\/span><span class=\"BZ_Pyq_fadeIn\">dias <\/span><span class=\"BZ_Pyq_fadeIn\">por <\/span><span class=\"BZ_Pyq_fadeIn\">semana. <\/span><span class=\"BZ_Pyq_fadeIn\">Outros <\/span><span class=\"BZ_Pyq_fadeIn\">47% <\/span><span class=\"BZ_Pyq_fadeIn\">est\u00e3o <\/span><span class=\"BZ_Pyq_fadeIn\">na <\/span><span class=\"BZ_Pyq_fadeIn\">escala <\/span><span class=\"BZ_Pyq_fadeIn\">6\u00d71.<\/span><\/p>\n<p data-start=\"1072\" data-end=\"1239\"><span class=\"BZ_Pyq_fadeIn\">Em <\/span><span class=\"BZ_Pyq_fadeIn\">rela\u00e7\u00e3o <\/span><span class=\"BZ_Pyq_fadeIn\">\u00e0 <\/span><span class=\"BZ_Pyq_fadeIn\">carga <\/span><span class=\"BZ_Pyq_fadeIn\">di\u00e1ria, <\/span><span class=\"BZ_Pyq_fadeIn\">66% <\/span><span class=\"BZ_Pyq_fadeIn\">disseram <\/span><span class=\"BZ_Pyq_fadeIn\">trabalhar <\/span><span class=\"BZ_Pyq_fadeIn\">at\u00e9 <\/span><span class=\"BZ_Pyq_fadeIn\">oito <\/span><span class=\"BZ_Pyq_fadeIn\">horas <\/span><span class=\"BZ_Pyq_fadeIn\">por <\/span><span class=\"BZ_Pyq_fadeIn\">dia. <\/span><span class=\"BZ_Pyq_fadeIn\">Outros <\/span><span class=\"BZ_Pyq_fadeIn\">28% <\/span><span class=\"BZ_Pyq_fadeIn\">trabalham <\/span><span class=\"BZ_Pyq_fadeIn\">entre <\/span><span class=\"BZ_Pyq_fadeIn\">oito <\/span><span class=\"BZ_Pyq_fadeIn\">e <\/span><span class=\"BZ_Pyq_fadeIn\">12 <\/span><span class=\"BZ_Pyq_fadeIn\">horas. <\/span><span class=\"BZ_Pyq_fadeIn\">Cerca <\/span><span class=\"BZ_Pyq_fadeIn\">de <\/span><span class=\"BZ_Pyq_fadeIn\">5% <\/span><span class=\"BZ_Pyq_fadeIn\">afirmaram <\/span><span class=\"BZ_Pyq_fadeIn\">trabalhar <\/span><span class=\"BZ_Pyq_fadeIn\">mais <\/span><span class=\"BZ_Pyq_fadeIn\">de <\/span><span class=\"BZ_Pyq_fadeIn\">12 <\/span><span class=\"BZ_Pyq_fadeIn\">horas.<\/span><\/p>\n<p data-start=\"1241\" data-end=\"1335\"><span class=\"BZ_Pyq_fadeIn\">A <\/span><span class=\"BZ_Pyq_fadeIn\">redu\u00e7\u00e3o <\/span><span class=\"BZ_Pyq_fadeIn\">da <\/span><span class=\"BZ_Pyq_fadeIn\">jornada <\/span><span class=\"BZ_Pyq_fadeIn\">\u00e9 <\/span><span class=\"BZ_Pyq_fadeIn\">vista <\/span><span class=\"BZ_Pyq_fadeIn\">como <\/span><span class=\"BZ_Pyq_fadeIn\">positiva <\/span><span class=\"BZ_Pyq_fadeIn\">para <\/span><span class=\"BZ_Pyq_fadeIn\">a <\/span><span class=\"BZ_Pyq_fadeIn\">qualidade <\/span><span class=\"BZ_Pyq_fadeIn\">de <\/span><span class=\"BZ_Pyq_fadeIn\">vida <\/span><span class=\"BZ_Pyq_fadeIn\">por <\/span><span class=\"BZ_Pyq_fadeIn\">76% <\/span><span class=\"BZ_Pyq_fadeIn\">dos <\/span><span class=\"BZ_Pyq_fadeIn\">entrevistados.<\/span><\/p>\n<p data-start=\"1337\" data-end=\"1498\"><span class=\"BZ_Pyq_fadeIn\">Entre <\/span><span class=\"BZ_Pyq_fadeIn\">aut\u00f4nomos <\/span><span class=\"BZ_Pyq_fadeIn\">e <\/span><span class=\"BZ_Pyq_fadeIn\">empres\u00e1rios, <\/span><span class=\"BZ_Pyq_fadeIn\">h\u00e1 <\/span><span class=\"BZ_Pyq_fadeIn\">maior <\/span><span class=\"BZ_Pyq_fadeIn\">resist\u00eancia <\/span><span class=\"BZ_Pyq_fadeIn\">ao <\/span><span class=\"BZ_Pyq_fadeIn\">fim <\/span><span class=\"BZ_Pyq_fadeIn\">da <\/span><span class=\"BZ_Pyq_fadeIn\">escala <\/span><span class=\"BZ_Pyq_fadeIn\">6\u00d71. <\/span><span class=\"BZ_Pyq_fadeIn\">J\u00e1 <\/span><span class=\"BZ_Pyq_fadeIn\">entre <\/span><span class=\"BZ_Pyq_fadeIn\">funcion\u00e1rios <\/span><span class=\"BZ_Pyq_fadeIn\">p\u00fablicos <\/span><span class=\"BZ_Pyq_fadeIn\">e <\/span><span class=\"BZ_Pyq_fadeIn\">trabalhadores <\/span><span class=\"BZ_Pyq_fadeIn\">assalariados, <\/span><span class=\"BZ_Pyq_fadeIn\">a <\/span><span class=\"BZ_Pyq_fadeIn\">mudan\u00e7a <\/span><span class=\"BZ_Pyq_fadeIn\">tem <\/span><span class=\"BZ_Pyq_fadeIn\">maior <\/span><span class=\"BZ_Pyq_fadeIn\">apoio.<\/span><\/p>\n<p data-start=\"1500\" data-end=\"1703\" data-is-last-node=\"\" data-is-only-node=\"\"><span class=\"BZ_Pyq_fadeIn\">O <\/span><span class=\"BZ_Pyq_fadeIn\">deputado <\/span><span class=\"hover:entity-accent entity-underline inline cursor-pointer align-baseline\"><span class=\"whitespace-normal\">Joaquim Passarinho<\/span><\/span> <span class=\"BZ_Pyq_fadeIn\">afirmou <\/span><span class=\"BZ_Pyq_fadeIn\">que <\/span><span class=\"BZ_Pyq_fadeIn\">a <\/span><span class=\"BZ_Pyq_fadeIn\">ado\u00e7\u00e3o <\/span><span class=\"BZ_Pyq_fadeIn\">de <\/span><span class=\"BZ_Pyq_fadeIn\">uma <\/span><span class=\"BZ_Pyq_fadeIn\">jornada <\/span><span class=\"BZ_Pyq_fadeIn\">\u00fanica <\/span><span class=\"BZ_Pyq_fadeIn\">pode <\/span><span class=\"BZ_Pyq_fadeIn\">afetar <\/span><span class=\"BZ_Pyq_fadeIn\">pequenos <\/span><span class=\"BZ_Pyq_fadeIn\">neg\u00f3cios, <\/span><span class=\"BZ_Pyq_fadeIn\">especialmente <\/span><span class=\"BZ_Pyq_fadeIn\">em <\/span><span class=\"BZ_Pyq_fadeIn\">setores <\/span><span class=\"BZ_Pyq_fadeIn\">de <\/span><span class=\"BZ_Pyq_fadeIn\">com\u00e9rcio <\/span><span class=\"BZ_Pyq_fadeIn\">e <\/span><span class=\"BZ_Pyq_fadeIn\">servi\u00e7os <\/span><span class=\"BZ_Pyq_fadeIn\">que <\/span><span class=\"BZ_Pyq_fadeIn\">operam <\/span><span class=\"BZ_Pyq_fadeIn\">com <\/span><span class=\"BZ_Pyq_fadeIn\">margens <\/span><span class=\"BZ_Pyq_fadeIn\">reduzidas.<\/span><\/p>\n<p data-start=\"1500\" data-end=\"1703\" data-is-last-node=\"\" data-is-only-node=\"\">Assista \u00e0 reportagem completa:<\/p>\n<p data-start=\"1500\" data-end=\"1703\" data-is-last-node=\"\" data-is-only-node=\"\">*Com informa\u00e7\u00f5es de Dan\u00fabia Braga<\/p>\n<\/p><\/div>\n<p>                <!--\/meta-->\n            <\/div>\n<p><script async src=\"https:\/\/connect.facebook.net\/pt_BR\/all.js#xfbml=1\"><\/script><br \/>\n<br \/><br \/>\n<br \/><a href=\"https:\/\/jovempan.com.br\/noticias\/economia\/datafolha-71-apoiam-fim-da-escala-6x1-no-brasil.html\">Fonte: Jovem Pan <\/a><\/p>\n","protected":false},"excerpt":{"rendered":"<p>Apoio cresceu em rela\u00e7\u00e3o a 2024; debate inclui redu\u00e7\u00e3o da jornada LEANDRO CHEMALLE\/THENEWS2\/ESTAD\u00c3O CONTE\u00daDO SP &#8211; ESCALA 6X1\/PEC\/SP\/MANIFESTO &#8211; GERAL &#8211; Manifesta\u00e7\u00e3o pelo fim da escala de trabalho 6X1 na Avenida Paulista, regi\u00e3o central de S\u00e3o Paulo, nesta sexta-feira, 15 de novembro, feriado da Proclama\u00e7\u00e3o da Rep\u00fablica. Com o avan\u00e7o da discuss\u00e3o sobre a Proposta [&hellip;]<\/p>\n","protected":false},"author":1,"featured_media":1415,"comment_status":"open","ping_status":"open","sticky":false,"template":"","format":"standard","meta":{"fifu_image_url":"https:\/\/jpimg.com.br\/uploads\/2024\/11\/escala61.png","fifu_image_alt":"","footnotes":""},"categories":[1],"tags":[],"class_list":{"0":"post-1414","1":"post","2":"type-post","3":"status-publish","4":"format-standard","5":"has-post-thumbnail","7":"category-noticias"},"_links":{"self":[{"href":"https:\/\/www.revistacomercio.com.br\/index.php\/wp-json\/wp\/v2\/posts\/1414","targetHints":{"allow":["GET"]}}],"collection":[{"href":"https:\/\/www.revistacomercio.com.br\/index.php\/wp-json\/wp\/v2\/posts"}],"about":[{"href":"https:\/\/www.revistacomercio.com.br\/index.php\/wp-json\/wp\/v2\/types\/post"}],"author":[{"embeddable":true,"href":"https:\/\/www.revistacomercio.com.br\/index.php\/wp-json\/wp\/v2\/users\/1"}],"replies":[{"embeddable":true,"href":"https:\/\/www.revistacomercio.com.br\/index.php\/wp-json\/wp\/v2\/comments?post=1414"}],"version-history":[{"count":0,"href":"https:\/\/www.revistacomercio.com.br\/index.php\/wp-json\/wp\/v2\/posts\/1414\/revisions"}],"wp:featuredmedia":[{"embeddable":true,"href":"https:\/\/www.revistacomercio.com.br\/index.php\/wp-json\/wp\/v2\/media\/1415"}],"wp:attachment":[{"href":"https:\/\/www.revistacomercio.com.br\/index.php\/wp-json\/wp\/v2\/media?parent=1414"}],"wp:term":[{"taxonomy":"category","embeddable":true,"href":"https:\/\/www.revistacomercio.com.br\/index.php\/wp-json\/wp\/v2\/categories?post=1414"},{"taxonomy":"post_tag","embeddable":true,"href":"https:\/\/www.revistacomercio.com.br\/index.php\/wp-json\/wp\/v2\/tags?post=1414"}],"curies":[{"name":"wp","href":"https:\/\/api.w.org\/{rel}","templated":true}]}}