{"id":1412,"date":"2026-03-15T11:52:55","date_gmt":"2026-03-15T11:52:55","guid":{"rendered":"https:\/\/www.revistacomercio.com.br\/index.php\/2026\/03\/15\/mercado-aguarda-decisao-sobre-taxa-juros-em-meio-a-guerra-no-oriente-medio\/"},"modified":"2026-03-15T11:52:55","modified_gmt":"2026-03-15T11:52:55","slug":"mercado-aguarda-decisao-sobre-taxa-juros-em-meio-a-guerra-no-oriente-medio","status":"publish","type":"post","link":"https:\/\/www.revistacomercio.com.br\/index.php\/2026\/03\/15\/mercado-aguarda-decisao-sobre-taxa-juros-em-meio-a-guerra-no-oriente-medio\/","title":{"rendered":"Mercado aguarda decis\u00e3o sobre taxa juros em meio \u00e0 guerra no Oriente M\u00e9dio"},"content":{"rendered":"<p> <br \/>\n<\/p>\n<div id=\"post-2114551\">\n<h3 class=\"post-description\"><\/h3>\n<p>Alta do petr\u00f3leo e do d\u00f3lar amplia incerteza antes de reuni\u00e3o do Copom<\/p>\n<p>                <!--\/meta--><\/p>\n<div class=\"context\" wp_automatic_readability=\"70\">\n<div class=\"post_image\"><span class=\"image_fonte\">F\u00c1TIMA MEIRA\/ENQUADRAR\/ESTAD\u00c3O CONTE\u00daDO<\/span><picture><source media=\"(max-width: 799px)\" srcset=\"https:\/\/jpimg.com.br\/uploads\/2025\/01\/enq20250129065-1-345x204.jpg\"><source media=\"(min-width: 800px)\" srcset=\"https:\/\/jpimg.com.br\/uploads\/2025\/01\/enq20250129065-1-750x444.jpg\"><img decoding=\"async\" class=\"img-responsive type:primaryImage\" src=\"https:\/\/jpimg.com.br\/uploads\/2025\/01\/enq20250129065-1-750x444.jpg\" alt=\"BC\" id=\"zoom-img\"><br \/>\n                                        <\/source><\/source><\/picture><span class=\"image_credits\">DF &#8211; BC\/COPOM\/JUROS\/REUNI\u00c3O &#8211; ECONOMIA &#8211; Fachada do edif\u00edcio-sede do Banco Central em Bras\u00edlia, nesta quarta-feira, 29, onde ocorre a primeira reuni\u00e3o do    Comit\u00ea de Pol\u00edtica Monet\u00e1ria (Copom) sob a gest\u00e3o de Gabriel Gal\u00edpolo.   29\/01\/2025 <br \/><\/span><\/div>\n<p><?xml encoding=\"UTF-8\"????><\/p>\n<p>A semana come\u00e7a com expectativa pelas decis\u00f5es sobre juros no Brasil e nos Estados Unidos em meio \u00e0s incertezas provocadas pela guerra no Oriente M\u00e9dio.<\/p>\n<p>O conflito alterou par\u00e2metros que vinham sendo considerados pelo mercado financeiro.<\/p>\n<p>Na reuni\u00e3o anterior, o Comit\u00ea de Pol\u00edtica Monet\u00e1ria sinalizou o in\u00edcio de cortes na taxa Selic agora em mar\u00e7o. A expectativa \u00e9 que o colegiado n\u00e3o reverta o cen\u00e1rio projetado pelo mercado.<\/p>\n<p>A guerra elevou o pre\u00e7o do petr\u00f3leo e pressionou o d\u00f3lar. Tamb\u00e9m houve aumento dos combust\u00edveis.<\/p>\n<p>A Petrobras reajustou apenas o diesel, que tem menor peso no \u00edndice de infla\u00e7\u00e3o. No varejo, no entanto, os aumentos tamb\u00e9m atingiram a gasolina.<\/p>\n<p>A alta do diesel pode impactar o custo do frete e o transporte de mercadorias. O combust\u00edvel tamb\u00e9m \u00e9 usado em maquin\u00e1rios agr\u00edcolas e em outros setores da economia.<\/p>\n<p>Ao mesmo tempo, persistem d\u00favidas sobre o cen\u00e1rio fiscal.<\/p>\n<p>Dados econ\u00f4micos do in\u00edcio do ano vieram acima das previs\u00f5es. Ap\u00f3s quedas em dezembro, ind\u00fastria, com\u00e9rcio e servi\u00e7os registraram crescimento em janeiro.<\/p>\n<p>As mudan\u00e7as no cen\u00e1rio aumentam as incertezas sobre a decis\u00e3o do Copom, marcada para quarta-feira. Caso ocorra corte na taxa b\u00e1sica, a expectativa predominante \u00e9 de redu\u00e7\u00e3o de 0,25 ponto percentual.<\/p>\n<p>Veja a an\u00e1lise completa:<\/p>\n<p>*Com informa\u00e7\u00f5es de Denise Campos de Toledo<\/p>\n<\/p><\/div>\n<p>                <!--\/meta-->\n            <\/div>\n<p><script async src=\"https:\/\/connect.facebook.net\/pt_BR\/all.js#xfbml=1\"><\/script><br \/>\n<br \/><br \/>\n<br \/><a href=\"https:\/\/jovempan.com.br\/noticias\/economia\/mercado-aguarda-decisao-sobre-taxa-juros-em-meio-a-guerra-no-oriente-medio.html\">Fonte: Jovem Pan <\/a><\/p>\n","protected":false},"excerpt":{"rendered":"<p>Alta do petr\u00f3leo e do d\u00f3lar amplia incerteza antes de reuni\u00e3o do Copom F\u00c1TIMA MEIRA\/ENQUADRAR\/ESTAD\u00c3O CONTE\u00daDO DF &#8211; BC\/COPOM\/JUROS\/REUNI\u00c3O &#8211; ECONOMIA &#8211; Fachada do edif\u00edcio-sede do Banco Central em Bras\u00edlia, nesta quarta-feira, 29, onde ocorre a primeira reuni\u00e3o do Comit\u00ea de Pol\u00edtica Monet\u00e1ria (Copom) sob a gest\u00e3o de Gabriel Gal\u00edpolo. 29\/01\/2025 A semana come\u00e7a com [&hellip;]<\/p>\n","protected":false},"author":1,"featured_media":1413,"comment_status":"open","ping_status":"open","sticky":false,"template":"","format":"standard","meta":{"fifu_image_url":"https:\/\/jpimg.com.br\/uploads\/2025\/01\/enq20250129065-1.jpg","fifu_image_alt":"","footnotes":""},"categories":[1],"tags":[],"class_list":{"0":"post-1412","1":"post","2":"type-post","3":"status-publish","4":"format-standard","5":"has-post-thumbnail","7":"category-noticias"},"_links":{"self":[{"href":"https:\/\/www.revistacomercio.com.br\/index.php\/wp-json\/wp\/v2\/posts\/1412","targetHints":{"allow":["GET"]}}],"collection":[{"href":"https:\/\/www.revistacomercio.com.br\/index.php\/wp-json\/wp\/v2\/posts"}],"about":[{"href":"https:\/\/www.revistacomercio.com.br\/index.php\/wp-json\/wp\/v2\/types\/post"}],"author":[{"embeddable":true,"href":"https:\/\/www.revistacomercio.com.br\/index.php\/wp-json\/wp\/v2\/users\/1"}],"replies":[{"embeddable":true,"href":"https:\/\/www.revistacomercio.com.br\/index.php\/wp-json\/wp\/v2\/comments?post=1412"}],"version-history":[{"count":0,"href":"https:\/\/www.revistacomercio.com.br\/index.php\/wp-json\/wp\/v2\/posts\/1412\/revisions"}],"wp:featuredmedia":[{"embeddable":true,"href":"https:\/\/www.revistacomercio.com.br\/index.php\/wp-json\/wp\/v2\/media\/1413"}],"wp:attachment":[{"href":"https:\/\/www.revistacomercio.com.br\/index.php\/wp-json\/wp\/v2\/media?parent=1412"}],"wp:term":[{"taxonomy":"category","embeddable":true,"href":"https:\/\/www.revistacomercio.com.br\/index.php\/wp-json\/wp\/v2\/categories?post=1412"},{"taxonomy":"post_tag","embeddable":true,"href":"https:\/\/www.revistacomercio.com.br\/index.php\/wp-json\/wp\/v2\/tags?post=1412"}],"curies":[{"name":"wp","href":"https:\/\/api.w.org\/{rel}","templated":true}]}}