{"id":1410,"date":"2026-03-14T18:50:19","date_gmt":"2026-03-14T18:50:19","guid":{"rendered":"https:\/\/www.revistacomercio.com.br\/index.php\/2026\/03\/14\/anp-diz-que-semana-terminou-com-diesel-comercializado-a-r-680\/"},"modified":"2026-03-14T18:50:19","modified_gmt":"2026-03-14T18:50:19","slug":"anp-diz-que-semana-terminou-com-diesel-comercializado-a-r-680","status":"publish","type":"post","link":"https:\/\/www.revistacomercio.com.br\/index.php\/2026\/03\/14\/anp-diz-que-semana-terminou-com-diesel-comercializado-a-r-680\/","title":{"rendered":"ANP diz que semana terminou com diesel comercializado a R$ 6,80"},"content":{"rendered":"<p> <br \/>\n<\/p>\n<div wp_automatic_readability=\"118.4661598823\">\n<div class=\"post_image\"><span class=\"image_fonte\">Marcelo Camargo \/ Ag\u00eancia Brasil<\/span><picture><source media=\"(max-width: 799px)\" srcset=\"https:\/\/jpimg.com.br\/uploads\/2025\/01\/gasolina-311x207.jpg\"><source media=\"(min-width: 800px)\" srcset=\"https:\/\/jpimg.com.br\/uploads\/2025\/01\/gasolina-676x450.jpg\"><img decoding=\"async\" class=\"img-responsive type:primaryImage\" src=\"https:\/\/jpimg.com.br\/uploads\/2025\/01\/gasolina-676x450.jpg\" alt=\"GASOLINA-COMBUST\u00cdVEL\" id=\"zoom-img\"><br \/>\n                                        <\/source><\/source><\/picture><span class=\"image_credits\">O estudo n\u00e3o contempla as medidas do governo para mitigar o aumento do pre\u00e7o, bem como o an\u00fancio da Petrobras de alta no valor do combust\u00edvel nas refinarias<br \/><\/span><\/div>\n<p><?xml encoding=\"UTF-8\"???><\/p>\n<p>O pre\u00e7o do <strong>litro do diesel<\/strong> comercializado nos postos do pa\u00eds <strong>alcan\u00e7ou R$ 6,80 e encerrou a semana em alta<\/strong>, segundo balan\u00e7o da Ag\u00eancia Nacional do Petr\u00f3leo, G\u00e1s Natural e Biocombust\u00edveis (ANP). O levantamento considera o per\u00edodo de 8 de mar\u00e7o a este s\u00e1bado, 14 de mar\u00e7o.<\/p>\n<p>Em rela\u00e7\u00e3o ao levantamento anterior, que contemplou a semana terminada em 7 de mar\u00e7o, houve um <strong>aumento de 11,9%<\/strong> \u2014 o pre\u00e7o do litro apurado pela ANP era de R$ 6,08.<\/p>\n<p>Nesse mesmo per\u00edodo, o pre\u00e7o do litro do <strong>diesel S-10 subiu de R$ 6,15 para R$ 6,89<\/strong>, o que representa uma <strong>alta de 12%<\/strong>.<\/p>\n<p>O levantamento da ANP tamb\u00e9m mostrou que o <strong>valor do litro da gasolina passou de R$ 6,30 para R$ 6,46<\/strong> da semana encerrada em 7 de mar\u00e7o para a do dia 14.<\/p>\n<p><a href=\"https:\/\/jovempan.com.br\/noticias\/economia\/lula-zera-impostos-sobre-o-diesel.html\"><strong>O levantamento da ANP n\u00e3o contempla as medidas anunciadas pelo governo para tentar reduzir o pre\u00e7o do diesel<\/strong><\/a>, pressionado pela alta do petr\u00f3leo por causa da guerra no Ir\u00e3. Tamb\u00e9m n\u00e3o incorpora o <strong><a href=\"https:\/\/jovempan.com.br\/noticias\/economia\/petrobras-anuncia-aumento-de-precos-para-o-diesel.html\">an\u00fancio da Petrobras<\/a><\/strong>, que aumentou o pre\u00e7o do combust\u00edvel nas refinarias.<\/p>\n<p>A partir deste s\u00e1bado, <strong>o pre\u00e7o do diesel praticado nas refinarias est\u00e1 11,6% mais caro<\/strong> e passou a custar R$ 3,65 por litro, um aumento de R$ 0,38 por litro.<\/p>\n<p><strong>Os efeitos do reajuste da Petrobras devem ser mitigados pelas medidas do governo<\/strong> para tentar conter o impacto no pre\u00e7o do diesel da escalada da cota\u00e7\u00e3o do petr\u00f3leo no mercado internacional, segundo a presidente da Petrobras, Magda Chambriard.<\/p>\n<p>Na quinta-feira (12), o presidente Lula assinou tr\u00eas atos. Foram dois decretos e uma Medida Provis\u00f3ria:<\/p>\n<ul>\n<li>O primeiro decreto zera as al\u00edquotas do PIS e Cofins na importa\u00e7\u00e3o e na comercializa\u00e7\u00e3o do diesel;<\/li>\n<li>O segundo estabelece \u201cmedidas de transpar\u00eancia e fiscaliza\u00e7\u00e3o para o combate \u00e0 especula\u00e7\u00e3o e a pre\u00e7os abusivos no Brasil\u201d, segundo a Secretaria de Comunica\u00e7\u00e3o Social da Presid\u00eancia;<\/li>\n<li>A MP institui subven\u00e7\u00e3o ao \u00f3leo diesel para produtores e importadores, a ser operada pela ANP, condicionada \u00e0 comprova\u00e7\u00e3o de repasse ao consumidor.<\/li>\n<\/ul>\n<p>De acordo com a presidente da Petrobras, <strong>o reajuste de R$ 0,38 por litro do diesel chegar\u00e1 \u00e0 bomba como R$ 0,06<\/strong>.<\/p>\n<p>A Petrobras informou que, para a estatal, o efeito combinado do ajuste de pre\u00e7os para as distribuidoras e o potencial benef\u00edcio do programa de subven\u00e7\u00e3o \u00e0 comercializa\u00e7\u00e3o do \u00f3leo \u00e9 equivalente a R$ 0,70 por litro. Seus efeitos para o consumidor s\u00e3o mitigados pelas medidas anunciadas na quinta-feira. <strong>A subven\u00e7\u00e3o prev\u00ea o pagamento de R$ 0,32 por litro \u00e0s empresas benefici\u00e1rias<\/strong>.<\/p>\n<p>\u201cO reajuste est\u00e1 em conson\u00e2ncia com nossa estrat\u00e9gia de pre\u00e7os. A ades\u00e3o \u00e0 MP (medida provis\u00f3ria do governo para tentar conter a alta dos pre\u00e7os) gera um valor recebido para a Petrobras de R$ 0,70. O governo desonera com a MP R$ 0,32\u201d, afirmou.<\/p>\n<h2><strong>Outros levantamentos<\/strong><\/h2>\n<p>O aumento do pre\u00e7o dos combust\u00edveis j\u00e1 vinha sendo apontado por outros levantamentos, mesmo antes de qualquer decis\u00e3o de reajuste da Petrobras.<\/p>\n<p>A Federa\u00e7\u00e3o Nacional do Com\u00e9rcio de Combust\u00edveis e de Lubrificantes (Fecombust\u00edveis), por exemplo, que representa cerca de 45 mil postos de combust\u00edveis no pa\u00eds, disse, na semana passada, que <strong>as distribuidoras estavam \u201celevando os pre\u00e7os de fornecimento aos postos de combust\u00edveis, possivelmente em raz\u00e3o do aumento dos custos de aquisi\u00e7\u00e3o nas etapas de refino<\/strong> (especialmente junto \u00e0s refinarias privadas) e de importa\u00e7\u00e3o\u201d.<\/p>\n<p>Segundo um levantamento da ValeCard, empresa especializada em meios de pagamento, solu\u00e7\u00f5es de mobilidade e benef\u00edcios corporativos, <strong>o pre\u00e7o m\u00e9dio do \u00f3leo diesel S-10 registrou alta de 3,45%, do fim de fevereiro at\u00e9 o dia 11<\/strong>. No mesmo per\u00edodo, <strong>a gasolina apresentou leve aumento de 0,74%<\/strong>.<\/p>\n<p>*Estad\u00e3o Conte\u00fado<\/p>\n<\/p><\/div>\n<p><script async src=\"https:\/\/connect.facebook.net\/pt_BR\/all.js#xfbml=1\"><\/script><br \/>\n<br \/><br \/>\n<br \/><a href=\"https:\/\/jovempan.com.br\/noticias\/economia\/anp-diz-que-semana-terminou-com-diesel-comercializado-a-r-680.html\">Fonte: Jovem Pan <\/a><\/p>\n","protected":false},"excerpt":{"rendered":"<p>Marcelo Camargo \/ Ag\u00eancia Brasil O estudo n\u00e3o contempla as medidas do governo para mitigar o aumento do pre\u00e7o, bem como o an\u00fancio da Petrobras de alta no valor do combust\u00edvel nas refinarias O pre\u00e7o do litro do diesel comercializado nos postos do pa\u00eds alcan\u00e7ou R$ 6,80 e encerrou a semana em alta, segundo balan\u00e7o [&hellip;]<\/p>\n","protected":false},"author":1,"featured_media":1411,"comment_status":"open","ping_status":"open","sticky":false,"template":"","format":"standard","meta":{"fifu_image_url":"https:\/\/jpimg.com.br\/uploads\/2025\/01\/gasolina.jpg","fifu_image_alt":"","footnotes":""},"categories":[1],"tags":[],"class_list":{"0":"post-1410","1":"post","2":"type-post","3":"status-publish","4":"format-standard","5":"has-post-thumbnail","7":"category-noticias"},"_links":{"self":[{"href":"https:\/\/www.revistacomercio.com.br\/index.php\/wp-json\/wp\/v2\/posts\/1410","targetHints":{"allow":["GET"]}}],"collection":[{"href":"https:\/\/www.revistacomercio.com.br\/index.php\/wp-json\/wp\/v2\/posts"}],"about":[{"href":"https:\/\/www.revistacomercio.com.br\/index.php\/wp-json\/wp\/v2\/types\/post"}],"author":[{"embeddable":true,"href":"https:\/\/www.revistacomercio.com.br\/index.php\/wp-json\/wp\/v2\/users\/1"}],"replies":[{"embeddable":true,"href":"https:\/\/www.revistacomercio.com.br\/index.php\/wp-json\/wp\/v2\/comments?post=1410"}],"version-history":[{"count":0,"href":"https:\/\/www.revistacomercio.com.br\/index.php\/wp-json\/wp\/v2\/posts\/1410\/revisions"}],"wp:featuredmedia":[{"embeddable":true,"href":"https:\/\/www.revistacomercio.com.br\/index.php\/wp-json\/wp\/v2\/media\/1411"}],"wp:attachment":[{"href":"https:\/\/www.revistacomercio.com.br\/index.php\/wp-json\/wp\/v2\/media?parent=1410"}],"wp:term":[{"taxonomy":"category","embeddable":true,"href":"https:\/\/www.revistacomercio.com.br\/index.php\/wp-json\/wp\/v2\/categories?post=1410"},{"taxonomy":"post_tag","embeddable":true,"href":"https:\/\/www.revistacomercio.com.br\/index.php\/wp-json\/wp\/v2\/tags?post=1410"}],"curies":[{"name":"wp","href":"https:\/\/api.w.org\/{rel}","templated":true}]}}