{"id":1402,"date":"2026-03-13T20:03:57","date_gmt":"2026-03-13T20:03:57","guid":{"rendered":"https:\/\/www.revistacomercio.com.br\/index.php\/2026\/03\/13\/justica-de-sp-aceita-pedido-de-recuperacao-extrajudicial-da-raizen\/"},"modified":"2026-03-13T20:03:57","modified_gmt":"2026-03-13T20:03:57","slug":"justica-de-sp-aceita-pedido-de-recuperacao-extrajudicial-da-raizen","status":"publish","type":"post","link":"https:\/\/www.revistacomercio.com.br\/index.php\/2026\/03\/13\/justica-de-sp-aceita-pedido-de-recuperacao-extrajudicial-da-raizen\/","title":{"rendered":"Justi\u00e7a de SP aceita pedido de recupera\u00e7\u00e3o extrajudicial da Ra\u00edzen"},"content":{"rendered":"<p> <br \/>\n<\/p>\n<div wp_automatic_readability=\"73.650416171225\">\n<div class=\"post_image\"><span class=\"image_fonte\">Divulga\u00e7\u00e3o<\/span><picture><source media=\"(max-width: 799px)\" srcset=\"https:\/\/jpimg.com.br\/uploads\/2026\/03\/n6pqlfyqozcfzlrfzru7cb4hqi-311x207.png\"><source media=\"(min-width: 800px)\" srcset=\"https:\/\/jpimg.com.br\/uploads\/2026\/03\/n6pqlfyqozcfzlrfzru7cb4hqi-675x450.png\"><img decoding=\"async\" class=\"img-responsive type:primaryImage\" src=\"https:\/\/jpimg.com.br\/uploads\/2026\/03\/n6pqlfyqozcfzlrfzru7cb4hqi-675x450.png\" alt=\"Ra\u00edzen\" id=\"zoom-img\"><br \/>\n                                        <\/source><\/source><\/picture><\/div>\n<p><?xml encoding=\"UTF-8\"???><\/p>\n<p>O juiz Paulo Furtado de Oliveira Filho, da 2\u00aa Vara de Fal\u00eancias e Recupera\u00e7\u00f5es Judiciais do Tribunal de Justi\u00e7a de S\u00e3o Paulo, aceitou o processamento do pedido de homologa\u00e7\u00e3o do plano de recupera\u00e7\u00e3o extrajudicial apresentado pela <strong>Ra\u00edzen<\/strong>, dando in\u00edcio formal ao procedimento de renegocia\u00e7\u00e3o de d\u00edvidas da companhia. A decis\u00e3o determina a comunica\u00e7\u00e3o aos credores e abre prazo para eventuais impugna\u00e7\u00f5es ao plano apresentado.<\/p>\n<p>Na decis\u00e3o, o magistrado reconhece que a documenta\u00e7\u00e3o apresentada atende aos requisitos previstos na legisla\u00e7\u00e3o e<strong> afirma que o plano pode seguir para an\u00e1lise no \u00e2mbito do processo<\/strong>. Segundo o despacho, as empresas apresentaram os documentos exigidos pela lei e comprovaram as condi\u00e7\u00f5es necess\u00e1rias para o processamento do pedido.<\/p>\n<p>Com isso, os <strong>credores ter\u00e3o 30 dias para contestar ou impugnar o plano.<\/strong> O edital eletr\u00f4nico de intima\u00e7\u00e3o prev\u00ea que os credores possam \u201capresentar impugna\u00e7\u00e3o ao plano\u201d dentro desse prazo, conforme estabelecido na Lei de Recupera\u00e7\u00e3o e Fal\u00eancias. A <strong>decis\u00e3o tamb\u00e9m determina que as empresas comuniquem formalmente todos os credores sujeitos ao plano,<\/strong> informando sobre a distribui\u00e7\u00e3o do pedido, as condi\u00e7\u00f5es da proposta e o prazo para eventual contesta\u00e7\u00e3o.<\/p>\n<p>Outro ponto relevante \u00e9 a<strong> suspens\u00e3o da exigibilidade de cr\u00e9ditos abrangidos pela recupera\u00e7\u00e3o<\/strong>. Conforme a decis\u00e3o, ficam vedadas compensa\u00e7\u00f5es e medidas de constri\u00e7\u00e3o patrimonial relacionadas aos cr\u00e9ditos inclu\u00eddos no plano, preservando a negocia\u00e7\u00e3o com credores durante o processo. Al\u00e9m disso, o juiz fixou prazo de 90 dias para que as empresas apresentem aos autos documenta\u00e7\u00e3o que comprove a ades\u00e3o de credores necess\u00e1ria para validar o plano de recupera\u00e7\u00e3o extrajudicial.<\/p>\n<p>A <strong>decis\u00e3o tamb\u00e9m leva em conta o car\u00e1ter internacional da opera\u00e7\u00e3o,<\/strong> permitindo a indica\u00e7\u00e3o de representante estrangeiro para implementa\u00e7\u00e3o do plano fora do Brasil, diante da presen\u00e7a de credores internacionais e da execu\u00e7\u00e3o de parte das obriga\u00e7\u00f5es no exterior.<\/p>\n<p>Em fato relevante divulgado na quarta-feira (11), a Ra\u00edzen informou que protocolou o pedido de recupera\u00e7\u00e3o extrajudicial para renegociar cerca de R$ 65,1 bilh\u00f5es em d\u00edvidas financeiras quirograf\u00e1rias. Segundo a companhia, o plano foi estruturado de forma consensual com seus principais credores e j\u00e1 conta com ades\u00e3o de detentores de mais de 47% desses cr\u00e9ditos.<\/p>\n<p>*Estad\u00e3o Conte\u00fado<\/p>\n<\/p><\/div>\n<p><script async src=\"https:\/\/connect.facebook.net\/pt_BR\/all.js#xfbml=1\"><\/script><br \/>\n<br \/><br \/>\n<br \/><a href=\"https:\/\/jovempan.com.br\/noticias\/economia\/justica-de-sp-aceita-pedido-de-recuperacao-extrajudicial-da-raizen.html\">Fonte: Jovem Pan <\/a><\/p>\n","protected":false},"excerpt":{"rendered":"<p>Divulga\u00e7\u00e3o O juiz Paulo Furtado de Oliveira Filho, da 2\u00aa Vara de Fal\u00eancias e Recupera\u00e7\u00f5es Judiciais do Tribunal de Justi\u00e7a de S\u00e3o Paulo, aceitou o processamento do pedido de homologa\u00e7\u00e3o do plano de recupera\u00e7\u00e3o extrajudicial apresentado pela Ra\u00edzen, dando in\u00edcio formal ao procedimento de renegocia\u00e7\u00e3o de d\u00edvidas da companhia. A decis\u00e3o determina a comunica\u00e7\u00e3o aos [&hellip;]<\/p>\n","protected":false},"author":1,"featured_media":1403,"comment_status":"open","ping_status":"open","sticky":false,"template":"","format":"standard","meta":{"fifu_image_url":"https:\/\/jpimg.com.br\/uploads\/2026\/03\/n6pqlfyqozcfzlrfzru7cb4hqi-1024x683.png","fifu_image_alt":"","footnotes":""},"categories":[1],"tags":[],"class_list":{"0":"post-1402","1":"post","2":"type-post","3":"status-publish","4":"format-standard","5":"has-post-thumbnail","7":"category-noticias"},"_links":{"self":[{"href":"https:\/\/www.revistacomercio.com.br\/index.php\/wp-json\/wp\/v2\/posts\/1402","targetHints":{"allow":["GET"]}}],"collection":[{"href":"https:\/\/www.revistacomercio.com.br\/index.php\/wp-json\/wp\/v2\/posts"}],"about":[{"href":"https:\/\/www.revistacomercio.com.br\/index.php\/wp-json\/wp\/v2\/types\/post"}],"author":[{"embeddable":true,"href":"https:\/\/www.revistacomercio.com.br\/index.php\/wp-json\/wp\/v2\/users\/1"}],"replies":[{"embeddable":true,"href":"https:\/\/www.revistacomercio.com.br\/index.php\/wp-json\/wp\/v2\/comments?post=1402"}],"version-history":[{"count":0,"href":"https:\/\/www.revistacomercio.com.br\/index.php\/wp-json\/wp\/v2\/posts\/1402\/revisions"}],"wp:featuredmedia":[{"embeddable":true,"href":"https:\/\/www.revistacomercio.com.br\/index.php\/wp-json\/wp\/v2\/media\/1403"}],"wp:attachment":[{"href":"https:\/\/www.revistacomercio.com.br\/index.php\/wp-json\/wp\/v2\/media?parent=1402"}],"wp:term":[{"taxonomy":"category","embeddable":true,"href":"https:\/\/www.revistacomercio.com.br\/index.php\/wp-json\/wp\/v2\/categories?post=1402"},{"taxonomy":"post_tag","embeddable":true,"href":"https:\/\/www.revistacomercio.com.br\/index.php\/wp-json\/wp\/v2\/tags?post=1402"}],"curies":[{"name":"wp","href":"https:\/\/api.w.org\/{rel}","templated":true}]}}