{"id":1400,"date":"2026-03-13T15:18:56","date_gmt":"2026-03-13T15:18:56","guid":{"rendered":"https:\/\/www.revistacomercio.com.br\/index.php\/2026\/03\/13\/petrobras-anuncia-aumento-de-precos-para-o-diesel\/"},"modified":"2026-03-13T15:18:56","modified_gmt":"2026-03-13T15:18:56","slug":"petrobras-anuncia-aumento-de-precos-para-o-diesel","status":"publish","type":"post","link":"https:\/\/www.revistacomercio.com.br\/index.php\/2026\/03\/13\/petrobras-anuncia-aumento-de-precos-para-o-diesel\/","title":{"rendered":"Petrobras anuncia aumento de pre\u00e7os para o diesel"},"content":{"rendered":"<p> <br \/>\n<\/p>\n<div id=\"post-2114148\">\n<h3 class=\"post-description\"><\/h3>\n<p>O ajuste \u00e9 equivalente a R$ 0,32 por litro no diesel B, que \u00e9 comercializado nos postos<\/p>\n<p>                <!--\/meta--><\/p>\n<div class=\"context\" wp_automatic_readability=\"39\">\n<div class=\"post_image\"><span class=\"image_fonte\">Divulga\u00e7\u00e3o\/Brasil BioFuels<\/span><picture><source media=\"(max-width: 799px)\" srcset=\"https:\/\/jpimg.com.br\/uploads\/2022\/11\/09-345x193.jpg\"><source media=\"(min-width: 800px)\" srcset=\"https:\/\/jpimg.com.br\/uploads\/2022\/11\/09-750x420.jpg\"><img decoding=\"async\" class=\"img-responsive type:primaryImage\" src=\"https:\/\/jpimg.com.br\/uploads\/2022\/11\/09-750x420.jpg\" alt=\"diesel\" id=\"zoom-img\"><br \/>\n                                        <\/source><\/source><\/picture><span class=\"image_credits\">\u00d3leo de palma utilizado para a produ\u00e7\u00e3o de biodiesel em usina da BBF<br \/><\/span><\/div>\n<p><?xml encoding=\"UTF-8\"????><\/p>\n<p>A Petrobras anunciou nesta sexta-feira (13) um aumento nos pre\u00e7os de venda do diesel para as distribuidoras. O valor passa agora a ser de R$ 0,38 por litro. Esse reajuste se aplica ao diesel A, que \u00e9 misturado ao biodiesel. O ajuste \u00e9 equivalente a R$ 0,32 por litro no diesel B, que \u00e9 comercializado nos postos.<\/p>\n<p><em>*Em atualiza\u00e7\u00e3o<\/em><\/p>\n<\/p><\/div>\n<p>                <!--\/meta-->\n            <\/div>\n<p><script async src=\"https:\/\/connect.facebook.net\/pt_BR\/all.js#xfbml=1\"><\/script><br \/>\n<br \/><br \/>\n<br \/><a href=\"https:\/\/jovempan.com.br\/noticias\/economia\/petrobras-anuncia-aumento-de-precos-para-o-diesel.html\">Fonte: Jovem Pan <\/a><\/p>\n","protected":false},"excerpt":{"rendered":"<p>O ajuste \u00e9 equivalente a R$ 0,32 por litro no diesel B, que \u00e9 comercializado nos postos Divulga\u00e7\u00e3o\/Brasil BioFuels \u00d3leo de palma utilizado para a produ\u00e7\u00e3o de biodiesel em usina da BBF A Petrobras anunciou nesta sexta-feira (13) um aumento nos pre\u00e7os de venda do diesel para as distribuidoras. O valor passa agora a ser [&hellip;]<\/p>\n","protected":false},"author":1,"featured_media":1401,"comment_status":"open","ping_status":"open","sticky":false,"template":"","format":"standard","meta":{"fifu_image_url":"https:\/\/jpimg.com.br\/uploads\/2022\/11\/09.jpg","fifu_image_alt":"","footnotes":""},"categories":[1],"tags":[],"class_list":{"0":"post-1400","1":"post","2":"type-post","3":"status-publish","4":"format-standard","5":"has-post-thumbnail","7":"category-noticias"},"_links":{"self":[{"href":"https:\/\/www.revistacomercio.com.br\/index.php\/wp-json\/wp\/v2\/posts\/1400","targetHints":{"allow":["GET"]}}],"collection":[{"href":"https:\/\/www.revistacomercio.com.br\/index.php\/wp-json\/wp\/v2\/posts"}],"about":[{"href":"https:\/\/www.revistacomercio.com.br\/index.php\/wp-json\/wp\/v2\/types\/post"}],"author":[{"embeddable":true,"href":"https:\/\/www.revistacomercio.com.br\/index.php\/wp-json\/wp\/v2\/users\/1"}],"replies":[{"embeddable":true,"href":"https:\/\/www.revistacomercio.com.br\/index.php\/wp-json\/wp\/v2\/comments?post=1400"}],"version-history":[{"count":0,"href":"https:\/\/www.revistacomercio.com.br\/index.php\/wp-json\/wp\/v2\/posts\/1400\/revisions"}],"wp:featuredmedia":[{"embeddable":true,"href":"https:\/\/www.revistacomercio.com.br\/index.php\/wp-json\/wp\/v2\/media\/1401"}],"wp:attachment":[{"href":"https:\/\/www.revistacomercio.com.br\/index.php\/wp-json\/wp\/v2\/media?parent=1400"}],"wp:term":[{"taxonomy":"category","embeddable":true,"href":"https:\/\/www.revistacomercio.com.br\/index.php\/wp-json\/wp\/v2\/categories?post=1400"},{"taxonomy":"post_tag","embeddable":true,"href":"https:\/\/www.revistacomercio.com.br\/index.php\/wp-json\/wp\/v2\/tags?post=1400"}],"curies":[{"name":"wp","href":"https:\/\/api.w.org\/{rel}","templated":true}]}}