{"id":1396,"date":"2026-03-13T03:12:35","date_gmt":"2026-03-13T03:12:35","guid":{"rendered":"https:\/\/www.revistacomercio.com.br\/index.php\/2026\/03\/13\/stone-faz-demissao-em-massa-e-desliga-cerca-de-400-funcionarios\/"},"modified":"2026-03-13T03:12:35","modified_gmt":"2026-03-13T03:12:35","slug":"stone-faz-demissao-em-massa-e-desliga-cerca-de-400-funcionarios","status":"publish","type":"post","link":"https:\/\/www.revistacomercio.com.br\/index.php\/2026\/03\/13\/stone-faz-demissao-em-massa-e-desliga-cerca-de-400-funcionarios\/","title":{"rendered":"Stone faz demiss\u00e3o em massa e desliga cerca de 400 funcion\u00e1rios"},"content":{"rendered":"<p> <br \/>\n<\/p>\n<p>Com cerca de 14 mil trabalhadores, a empresa de maquininhas de cart\u00f5es reduziu a sua for\u00e7a de trabalho em aproximadamente 3%<\/p>\n<div wp_automatic_readability=\"95.181146025878\">\n<div class=\"post_image\"><span class=\"image_fonte\">Divulga\u00e7\u00e3o<\/span><picture><source media=\"(max-width: 799px)\" srcset=\"https:\/\/jpimg.com.br\/uploads\/2019\/03\/maquininha-de-cartao-stone.png\"><source media=\"(min-width: 800px)\" srcset=\"https:\/\/jpimg.com.br\/uploads\/2019\/03\/maquininha-de-cartao-stone.png\"><img decoding=\"async\" class=\"img-responsive type:primaryImage\" src=\"https:\/\/jpimg.com.br\/uploads\/2019\/03\/maquininha-de-cartao-stone.png\" alt=\"Maquininha de cart\u00e3o Stone\" id=\"zoom-img\"><br \/>\n                                        <\/source><\/source><\/picture><span class=\"image_credits\">As demiss\u00f5es na Stone foram apresentadas como uma reestrutura\u00e7\u00e3o em busca de maior efici\u00eancia<br \/><\/span><\/div>\n<p><?xml encoding=\"UTF-8\"???><\/p>\n<p>A Stone promoveu uma <strong>rodada de demiss\u00f5es que afetou principalmente o setor de tecnologia<\/strong> da empresa de maquininhas. As informa\u00e7\u00f5es s\u00e3o do <em>Broadcast<\/em>, sistema de not\u00edcias em tempo real do <em>Grupo Estado<\/em>. Segundo pessoas a par do assunto, <strong>os desligamentos atingiram cerca de 3% da for\u00e7a de trabalho da fintech<\/strong>, que tem aproximadamente 14 mil funcion\u00e1rios. <strong>As estimativas indicam que de 300 a 400 pessoas foram desligadas<\/strong>.<\/p>\n<p>O diretor-executivo do grupo, Mateus Scherer, que assumiu o cargo no come\u00e7o deste m\u00eas, <strong>comunicou os cortes em uma mensagem disparada internamente<\/strong>. De acordo com relatos de profissionais, a redu\u00e7\u00e3o do quadro de trabalhadores foi apresentada como uma <strong>reestrutura\u00e7\u00e3o em busca de maior efici\u00eancia<\/strong>.<\/p>\n<p>A empresa teria indicado que o<strong> avan\u00e7o em iniciativas de intelig\u00eancia artificial tamb\u00e9m teria contribu\u00eddo para a decis\u00e3o<\/strong>, conforme uma pessoa com conhecimento do processo, que pediu anonimato.<\/p>\n<p>Em nota, <strong>a Stone afirma ter feito um \u201cajuste pontual\u201d na estrutura<\/strong> como parte de um processo cont\u00ednuo de simplifica\u00e7\u00e3o e ganho de efici\u00eancia. As <strong>opera\u00e7\u00f5es seguem normalmente<\/strong>, sem impacto para clientes ou parceiros, de acordo com o comunicado.<\/p>\n<p><strong>O Sindicato dos Trabalhadores em Tecnologia da Informa\u00e7\u00e3o do Estado de S\u00e3o Paulo (SINDPD-SP) repudiou, em nota, as demiss\u00f5es em massa<\/strong> promovidas pela Stone. A organiza\u00e7\u00e3o cita <strong>entendimento do Supremo Tribunal Federal (STF)<\/strong> de que <strong>desligamentos desse tipo devem ser precedidos de negocia\u00e7\u00f5es com a ordem sindical representativa da categoria<\/strong>.<\/p>\n<p>\u201cAo ignorar esse princ\u00edpio e realizar cortes em massa durante o per\u00edodo de negocia\u00e7\u00e3o do acordo coletivo, a Stone afronta n\u00e3o apenas os trabalhadores atingidos, mas tamb\u00e9m o pr\u00f3prio sistema de rela\u00e7\u00f5es de trabalho previsto na Constitui\u00e7\u00e3o\u201d, argumentou o sindicato.<\/p>\n<p><strong>O sindicato acrescentou que acionar\u00e1 a Justi\u00e7a do Trabalho<\/strong> <strong>e pedir\u00e1 reintegra\u00e7\u00e3o dos trabalhadores dispensados<\/strong>, diante do que chama de \u201cevidente pr\u00e1tica antissindical\u201d.<\/p>\n<h2><strong>Sob press\u00e3o<\/strong><\/h2>\n<p>Na ter\u00e7a-feira da semana passada, <strong>a a\u00e7\u00e3o da Stone chegou a despencar quase 20% nas m\u00ednimas do preg\u00e3o<\/strong>, no dia seguinte \u00e0<strong> divulga\u00e7\u00e3o do balan\u00e7o do quarto trimestre<\/strong>.<\/p>\n<p><strong>A companhia enfrentou uma desacelera\u00e7\u00e3o no valor transacionado<\/strong> (TPV, na sigla em ingl\u00eas) na adquir\u00eancia, que cresceu 5,3% no comparativo anual, a R$ 151 bilh\u00f5es, depois de ter avan\u00e7ado quase 9% nos tr\u00eas meses anteriores. <strong>O movimento foi atribu\u00eddo ao cen\u00e1rio macroecon\u00f4mico \u201cdesafiador\u201d e a dificuldades internas<\/strong>, como problemas no processo de integra\u00e7\u00e3o de novos clientes.<\/p>\n<p><strong>Investidores tamb\u00e9m esperavam mais clareza sobre a distribui\u00e7\u00e3o aos acionistas<\/strong> dos proventos oriundos da venda da Linx para a Totvs, conclu\u00edda no final de fevereiro.<\/p>\n<p>A Stone <strong>obteve R$ 3,08 bilh\u00f5es<\/strong> com a opera\u00e7\u00e3o, mas disse que definir\u00e1 apenas em abril se distribuir\u00e1 os recursos via dividendo ou recompra de a\u00e7\u00f5es.<\/p>\n<p><em>*Estad\u00e3o Conte\u00fado<\/em><\/p>\n<\/p><\/div>\n<p><script async src=\"https:\/\/connect.facebook.net\/pt_BR\/all.js#xfbml=1\"><\/script><br \/>\n<br \/><br \/>\n<br \/><a href=\"https:\/\/jovempan.com.br\/noticias\/economia\/stone-faz-demissao-em-massa-e-desliga-cerca-de-400-funcionarios.html\">Fonte: Jovem Pan <\/a><\/p>\n","protected":false},"excerpt":{"rendered":"<p>Com cerca de 14 mil trabalhadores, a empresa de maquininhas de cart\u00f5es reduziu a sua for\u00e7a de trabalho em aproximadamente 3% Divulga\u00e7\u00e3o As demiss\u00f5es na Stone foram apresentadas como uma reestrutura\u00e7\u00e3o em busca de maior efici\u00eancia A Stone promoveu uma rodada de demiss\u00f5es que afetou principalmente o setor de tecnologia da empresa de maquininhas. As [&hellip;]<\/p>\n","protected":false},"author":1,"featured_media":1397,"comment_status":"open","ping_status":"open","sticky":false,"template":"","format":"standard","meta":{"fifu_image_url":"https:\/\/jpimg.com.br\/uploads\/2019\/03\/maquininha-de-cartao-stone.png","fifu_image_alt":"","footnotes":""},"categories":[1],"tags":[],"class_list":{"0":"post-1396","1":"post","2":"type-post","3":"status-publish","4":"format-standard","5":"has-post-thumbnail","7":"category-noticias"},"_links":{"self":[{"href":"https:\/\/www.revistacomercio.com.br\/index.php\/wp-json\/wp\/v2\/posts\/1396","targetHints":{"allow":["GET"]}}],"collection":[{"href":"https:\/\/www.revistacomercio.com.br\/index.php\/wp-json\/wp\/v2\/posts"}],"about":[{"href":"https:\/\/www.revistacomercio.com.br\/index.php\/wp-json\/wp\/v2\/types\/post"}],"author":[{"embeddable":true,"href":"https:\/\/www.revistacomercio.com.br\/index.php\/wp-json\/wp\/v2\/users\/1"}],"replies":[{"embeddable":true,"href":"https:\/\/www.revistacomercio.com.br\/index.php\/wp-json\/wp\/v2\/comments?post=1396"}],"version-history":[{"count":0,"href":"https:\/\/www.revistacomercio.com.br\/index.php\/wp-json\/wp\/v2\/posts\/1396\/revisions"}],"wp:featuredmedia":[{"embeddable":true,"href":"https:\/\/www.revistacomercio.com.br\/index.php\/wp-json\/wp\/v2\/media\/1397"}],"wp:attachment":[{"href":"https:\/\/www.revistacomercio.com.br\/index.php\/wp-json\/wp\/v2\/media?parent=1396"}],"wp:term":[{"taxonomy":"category","embeddable":true,"href":"https:\/\/www.revistacomercio.com.br\/index.php\/wp-json\/wp\/v2\/categories?post=1396"},{"taxonomy":"post_tag","embeddable":true,"href":"https:\/\/www.revistacomercio.com.br\/index.php\/wp-json\/wp\/v2\/tags?post=1396"}],"curies":[{"name":"wp","href":"https:\/\/api.w.org\/{rel}","templated":true}]}}