{"id":1394,"date":"2026-03-13T02:49:56","date_gmt":"2026-03-13T02:49:56","guid":{"rendered":"https:\/\/www.revistacomercio.com.br\/index.php\/2026\/03\/13\/cna-pede-ao-governo-federal-ampliacao-da-mistura-de-biodiesel-no-diesel\/"},"modified":"2026-03-13T02:49:56","modified_gmt":"2026-03-13T02:49:56","slug":"cna-pede-ao-governo-federal-ampliacao-da-mistura-de-biodiesel-no-diesel","status":"publish","type":"post","link":"https:\/\/www.revistacomercio.com.br\/index.php\/2026\/03\/13\/cna-pede-ao-governo-federal-ampliacao-da-mistura-de-biodiesel-no-diesel\/","title":{"rendered":"CNA pede ao governo federal amplia\u00e7\u00e3o da mistura de biodiesel no diesel"},"content":{"rendered":"<p> <br \/>\n<\/p>\n<p>A Confedera\u00e7\u00e3o da Agricultura e Pecu\u00e1ria do Brasil espera que o aumento do percentual para 17% seja acatado<\/p>\n<div wp_automatic_readability=\"101.83716075157\">\n<div class=\"post_image\"><span class=\"image_fonte\">ALOISIO MAURICIO\/FOTOARENA\/ESTAD\u00c3O CONTE\u00daDO<\/span><picture><source media=\"(max-width: 799px)\" srcset=\"https:\/\/jpimg.com.br\/uploads\/2025\/01\/fta20250129002-294x207.jpg\"><source media=\"(min-width: 800px)\" srcset=\"https:\/\/jpimg.com.br\/uploads\/2025\/01\/fta20250129002-638x450.jpg\"><img decoding=\"async\" class=\"img-responsive type:primaryImage\" src=\"https:\/\/jpimg.com.br\/uploads\/2025\/01\/fta20250129002-638x450.jpg\" alt=\"Gasolina e diesel devem ter reajustes nos pre\u00e7os a partir do m\u00eas de fevereiro, em raz\u00e3o da defasagem de pre\u00e7os e do reajuste do ICMS\" id=\"zoom-img\"><br \/>\n                                        <\/source><\/source><\/picture><span class=\"image_credits\">O diretor t\u00e9cnico da CNA afirmou que o diesel \u00e9 um &#8220;insumo essencial para o setor agropecu\u00e1rio&#8221;<br \/><\/span><\/div>\n<p><?xml encoding=\"UTF-8\"???><\/p>\n<p>O diretor t\u00e9cnico da Confedera\u00e7\u00e3o da Agricultura e Pecu\u00e1ria do Brasil (CNA), Bruno Lucchi, comunicou nesta quinta-feira (12) que a organiza\u00e7\u00e3o <strong>solicitou ao governo federal a amplia\u00e7\u00e3o da mistura do biodiesel no diesel de 15% para 17%<\/strong>. O representante da institui\u00e7\u00e3o disse esperar que o reajuste seja acatado para o setor produtivo seguir trabalhando <strong>\u201csem aumentos exorbitantes no custo de produ\u00e7\u00e3o\u201d<\/strong>.<\/p>\n<p>Lucchi disse que a CNA encaminhou um of\u00edcio, na ter\u00e7a-feira (10), ao ministro da Fazenda, <strong>Fernando Haddad<\/strong>. No documento, segundo o diretor t\u00e9cnico, a confedera\u00e7\u00e3o pediu a <strong>\u201credu\u00e7\u00e3o imediata e tempor\u00e1ria dos tributos que incidem sobre o diesel\u201d<\/strong> <strong>e<\/strong> <strong>\u201cmaior rigor\u201d nas fiscaliza\u00e7\u00f5es da Ag\u00eancia Nacional de Petr\u00f3leo, G\u00e1s Natural e Biocombust\u00edveis (ANP)<\/strong>. O argumento \u00e9 de que os <strong>pre\u00e7os do combust\u00edvel impactam o setor produtivo<\/strong>.<\/p>\n<p>\u201cO diesel \u00e9 um <strong>insumo essencial<\/strong> para o setor agropecu\u00e1rio, principalmente nesse momento em que estamos colhendo a primeira safra e plantando a segunda\u201d, disse Lucchi.<\/p>\n<h2><strong>Lula adota medidas para frear a\u00a0alta dos pre\u00e7os dos combust\u00edveis<\/strong><\/h2>\n<p><strong><a href=\"https:\/\/jovempan.com.br\/noticias\/economia\/lula-zera-impostos-sobre-o-diesel.html\">Mais cedo, o presidente Luiz In\u00e1cio Lula da Silva anunciou que iria zerar os impostos sobre o diesel<\/a><\/strong>. Assim, as al\u00edquotas de importa\u00e7\u00e3o e comercializa\u00e7\u00e3o (<strong>PIS e Cofins<\/strong>) <strong>foram eliminadas<\/strong>. Em edi\u00e7\u00e3o extra do Di\u00e1rio Oficial da Uni\u00e3o (DOU), a decis\u00e3o foi publicada por meio de uma Medida Provis\u00f3ria (MP) e de tr\u00eas decretos.<\/p>\n<p>As a\u00e7\u00f5es se deram em <strong>resposta aos conflitos no Oriente M\u00e9dio e \u00e0s tens\u00f5es em torno do Estreito de Ormuz<\/strong>, local por onde se <strong>passa grande parte do petr\u00f3leo do mundo<\/strong>. O Ir\u00e3 anunciou por diversas vezes que <strong>deve manter a passagem fechada<\/strong> durante o conflito com Israel e os Estados Unidos.<\/p>\n<p>Dessa forma, foi estabelecido que <strong>ser\u00e1 pago um aux\u00edlio de R$ 0,32 por litro aos produtores e importadores de diesel<\/strong>. Segundo o governo federal, a medida <strong>deve gerar al\u00edvio de R$ 0,64 por litro nas bombas<\/strong>, j\u00e1 que o <strong>PIS e Cofins somados geravam custo de R$ 0,32<\/strong>.<\/p>\n<p>Tamb\u00e9m foi determinada a <strong>aplica\u00e7\u00e3o de imposto de 12% sobre a exporta\u00e7\u00e3o de petr\u00f3leo e 50% sobre diesel<\/strong>. O objetivo do Planalto com a a\u00e7\u00e3o \u00e9 <strong>aumentar o refino interno do combust\u00edvel e garantir o abastecimento da popula\u00e7\u00e3o<\/strong>.<\/p>\n<p>Outra defini\u00e7\u00e3o da decis\u00e3o do governo federal foi <strong>municiar a ANP com novos instrumentos de fiscaliza\u00e7\u00e3o<\/strong> <strong>para impedir a ado\u00e7\u00e3o de medidas abusivas de mercado e pre\u00e7os desproporcionais aos consumidores<\/strong>. As multas por descumprimento come\u00e7ar\u00e3o em R$ 50 mil e podem chegar a R$ 500 milh\u00f5es.<\/p>\n<p>Em evento onde anunciou as medidas, <strong>Lula ainda pediu que governadores estudem a redu\u00e7\u00e3o do Imposto sobre Circula\u00e7\u00e3o de Mercadorias e Servi\u00e7os (ICMS) sobre combust\u00edveis<\/strong>. \u201cVamos fazer tudo o que for poss\u00edvel e esperar da boa vontade dos governadores, que podem reduzir o ICMS, naquilo que for poss\u00edvel cada Estado fazer, para que isso n\u00e3o chegue no bolso do motorista e do caminhoneiro, e para que isso n\u00e3o chegue nos alimentos\u201d, declarou o petista.<\/p>\n<p>De acordo com a CNA, os<strong> tributos federais representam cerca de 10,5% do valor<\/strong> do diesel comercializado. J\u00e1 os <strong>estaduais acrescentam, em m\u00e9dia, 38,4%<\/strong> ao pre\u00e7o final do combust\u00edvel.<\/p>\n<p><em>*Com informa\u00e7\u00f5es de Estad\u00e3o Conte\u00fado<\/em><\/p>\n<\/p><\/div>\n<p><script async src=\"https:\/\/connect.facebook.net\/pt_BR\/all.js#xfbml=1\"><\/script><br \/>\n<br \/><br \/>\n<br \/><a href=\"https:\/\/jovempan.com.br\/noticias\/economia\/cna-pede-ao-governo-federal-ampliacao-da-mistura-de-biodiesel-no-diesel.html\">Fonte: Jovem Pan <\/a><\/p>\n","protected":false},"excerpt":{"rendered":"<p>A Confedera\u00e7\u00e3o da Agricultura e Pecu\u00e1ria do Brasil espera que o aumento do percentual para 17% seja acatado ALOISIO MAURICIO\/FOTOARENA\/ESTAD\u00c3O CONTE\u00daDO O diretor t\u00e9cnico da CNA afirmou que o diesel \u00e9 um &#8220;insumo essencial para o setor agropecu\u00e1rio&#8221; O diretor t\u00e9cnico da Confedera\u00e7\u00e3o da Agricultura e Pecu\u00e1ria do Brasil (CNA), Bruno Lucchi, comunicou nesta quinta-feira [&hellip;]<\/p>\n","protected":false},"author":1,"featured_media":1395,"comment_status":"open","ping_status":"open","sticky":false,"template":"","format":"standard","meta":{"fifu_image_url":"https:\/\/jpimg.com.br\/uploads\/2025\/01\/fta20250129002.jpg","fifu_image_alt":"","footnotes":""},"categories":[1],"tags":[],"class_list":{"0":"post-1394","1":"post","2":"type-post","3":"status-publish","4":"format-standard","5":"has-post-thumbnail","7":"category-noticias"},"_links":{"self":[{"href":"https:\/\/www.revistacomercio.com.br\/index.php\/wp-json\/wp\/v2\/posts\/1394","targetHints":{"allow":["GET"]}}],"collection":[{"href":"https:\/\/www.revistacomercio.com.br\/index.php\/wp-json\/wp\/v2\/posts"}],"about":[{"href":"https:\/\/www.revistacomercio.com.br\/index.php\/wp-json\/wp\/v2\/types\/post"}],"author":[{"embeddable":true,"href":"https:\/\/www.revistacomercio.com.br\/index.php\/wp-json\/wp\/v2\/users\/1"}],"replies":[{"embeddable":true,"href":"https:\/\/www.revistacomercio.com.br\/index.php\/wp-json\/wp\/v2\/comments?post=1394"}],"version-history":[{"count":0,"href":"https:\/\/www.revistacomercio.com.br\/index.php\/wp-json\/wp\/v2\/posts\/1394\/revisions"}],"wp:featuredmedia":[{"embeddable":true,"href":"https:\/\/www.revistacomercio.com.br\/index.php\/wp-json\/wp\/v2\/media\/1395"}],"wp:attachment":[{"href":"https:\/\/www.revistacomercio.com.br\/index.php\/wp-json\/wp\/v2\/media?parent=1394"}],"wp:term":[{"taxonomy":"category","embeddable":true,"href":"https:\/\/www.revistacomercio.com.br\/index.php\/wp-json\/wp\/v2\/categories?post=1394"},{"taxonomy":"post_tag","embeddable":true,"href":"https:\/\/www.revistacomercio.com.br\/index.php\/wp-json\/wp\/v2\/tags?post=1394"}],"curies":[{"name":"wp","href":"https:\/\/api.w.org\/{rel}","templated":true}]}}