{"id":1388,"date":"2026-03-12T15:47:53","date_gmt":"2026-03-12T15:47:53","guid":{"rendered":"https:\/\/www.revistacomercio.com.br\/index.php\/2026\/03\/12\/lula-zera-impostos-sobre-o-diesel-e-taxara-exportacao-de-petroleo\/"},"modified":"2026-03-12T15:47:53","modified_gmt":"2026-03-12T15:47:53","slug":"lula-zera-impostos-sobre-o-diesel-e-taxara-exportacao-de-petroleo","status":"publish","type":"post","link":"https:\/\/www.revistacomercio.com.br\/index.php\/2026\/03\/12\/lula-zera-impostos-sobre-o-diesel-e-taxara-exportacao-de-petroleo\/","title":{"rendered":"Lula zera impostos sobre o diesel e taxar\u00e1 exporta\u00e7\u00e3o de petr\u00f3leo"},"content":{"rendered":"<p> <br \/>\n<\/p>\n<div id=\"post-2113722\">\n<h3 class=\"post-description\"><\/h3>\n<p>Medida vem em meio aos conflitos no Oriente M\u00e9dio e ao risco de aumento dos pre\u00e7os nos combust\u00edveis<\/p>\n<p>                <!--\/meta--><\/p>\n<div class=\"context\" wp_automatic_readability=\"37\">\n<div class=\"post_image\"><span class=\"image_fonte\">Divulga\u00e7\u00e3o\/Ricardo Stuckert\/PR<\/span><picture><source media=\"(max-width: 799px)\" srcset=\"https:\/\/jpimg.com.br\/uploads\/2026\/03\/presidente-lula-345x207.jpg\"><source media=\"(min-width: 800px)\" srcset=\"https:\/\/jpimg.com.br\/uploads\/2026\/03\/presidente-lula-750x450.jpg\"><img decoding=\"async\" class=\"img-responsive type:primaryImage\" src=\"https:\/\/jpimg.com.br\/uploads\/2026\/03\/presidente-lula-750x450.jpg\" alt=\"Presidente Lula\" id=\"zoom-img\"><br \/>\n                                        <\/source><\/source><\/picture><span class=\"image_credits\">Presidente Lula<br \/><\/span><\/div>\n<p><?xml encoding=\"UTF-8\"????><\/p>\n<p>O presidente Lula anunciou em coletiva que reduzir\u00e1 os impostos sobre o diesel nesta quinta-feira (12). PIS e Cofins, os dois \u00fanicos impostos federais sobre o combust\u00edvel, foram eliminados, segundo o Planalto.<\/p>\n<p><em>*Em atualiza\u00e7\u00e3o<\/em><\/p>\n<\/p><\/div>\n<p>                <!--\/meta-->\n            <\/div>\n<p><script async src=\"https:\/\/connect.facebook.net\/pt_BR\/all.js#xfbml=1\"><\/script><br \/>\n<br \/><br \/>\n<br \/><a href=\"https:\/\/jovempan.com.br\/noticias\/economia\/lula-zera-impostos-sobre-o-diesel.html\">Fonte: Jovem Pan <\/a><\/p>\n","protected":false},"excerpt":{"rendered":"<p>Medida vem em meio aos conflitos no Oriente M\u00e9dio e ao risco de aumento dos pre\u00e7os nos combust\u00edveis Divulga\u00e7\u00e3o\/Ricardo Stuckert\/PR Presidente Lula O presidente Lula anunciou em coletiva que reduzir\u00e1 os impostos sobre o diesel nesta quinta-feira (12). PIS e Cofins, os dois \u00fanicos impostos federais sobre o combust\u00edvel, foram eliminados, segundo o Planalto. *Em [&hellip;]<\/p>\n","protected":false},"author":1,"featured_media":1389,"comment_status":"open","ping_status":"open","sticky":false,"template":"","format":"standard","meta":{"fifu_image_url":"https:\/\/jpimg.com.br\/uploads\/2026\/03\/presidente-lula.jpg","fifu_image_alt":"","footnotes":""},"categories":[1],"tags":[],"class_list":{"0":"post-1388","1":"post","2":"type-post","3":"status-publish","4":"format-standard","5":"has-post-thumbnail","7":"category-noticias"},"_links":{"self":[{"href":"https:\/\/www.revistacomercio.com.br\/index.php\/wp-json\/wp\/v2\/posts\/1388","targetHints":{"allow":["GET"]}}],"collection":[{"href":"https:\/\/www.revistacomercio.com.br\/index.php\/wp-json\/wp\/v2\/posts"}],"about":[{"href":"https:\/\/www.revistacomercio.com.br\/index.php\/wp-json\/wp\/v2\/types\/post"}],"author":[{"embeddable":true,"href":"https:\/\/www.revistacomercio.com.br\/index.php\/wp-json\/wp\/v2\/users\/1"}],"replies":[{"embeddable":true,"href":"https:\/\/www.revistacomercio.com.br\/index.php\/wp-json\/wp\/v2\/comments?post=1388"}],"version-history":[{"count":0,"href":"https:\/\/www.revistacomercio.com.br\/index.php\/wp-json\/wp\/v2\/posts\/1388\/revisions"}],"wp:featuredmedia":[{"embeddable":true,"href":"https:\/\/www.revistacomercio.com.br\/index.php\/wp-json\/wp\/v2\/media\/1389"}],"wp:attachment":[{"href":"https:\/\/www.revistacomercio.com.br\/index.php\/wp-json\/wp\/v2\/media?parent=1388"}],"wp:term":[{"taxonomy":"category","embeddable":true,"href":"https:\/\/www.revistacomercio.com.br\/index.php\/wp-json\/wp\/v2\/categories?post=1388"},{"taxonomy":"post_tag","embeddable":true,"href":"https:\/\/www.revistacomercio.com.br\/index.php\/wp-json\/wp\/v2\/tags?post=1388"}],"curies":[{"name":"wp","href":"https:\/\/api.w.org\/{rel}","templated":true}]}}