{"id":1386,"date":"2026-03-12T12:49:43","date_gmt":"2026-03-12T12:49:43","guid":{"rendered":"https:\/\/www.revistacomercio.com.br\/index.php\/2026\/03\/12\/ipca-registra-alta-de-070-em-fevereiro-impulsionado-por-educacao\/"},"modified":"2026-03-12T12:49:43","modified_gmt":"2026-03-12T12:49:43","slug":"ipca-registra-alta-de-070-em-fevereiro-impulsionado-por-educacao","status":"publish","type":"post","link":"https:\/\/www.revistacomercio.com.br\/index.php\/2026\/03\/12\/ipca-registra-alta-de-070-em-fevereiro-impulsionado-por-educacao\/","title":{"rendered":"IPCA registra alta de 0,70% em fevereiro, impulsionado por educa\u00e7\u00e3o"},"content":{"rendered":"<p> <br \/>\n<\/p>\n<p>Taxa superou os 0,33% de janeiro e acumula 3,81% em 12 meses; alta nas passagens a\u00e9reas tamb\u00e9m pressionou o \u00edndice<\/p>\n<div wp_automatic_readability=\"114.15760671288\">\n<div class=\"post_image\"><span class=\"image_fonte\">Divulga\u00e7\u00e3o\/Secretaria da Educa\u00e7\u00e3o do Estado de S\u00e3o Paulo<\/span><picture><source media=\"(max-width: 799px)\" srcset=\"https:\/\/jpimg.com.br\/uploads\/2025\/09\/whatsapp-image-2025-09-15-at-15.42.48-311x207.jpeg\"><source media=\"(min-width: 800px)\" srcset=\"https:\/\/jpimg.com.br\/uploads\/2025\/09\/whatsapp-image-2025-09-15-at-15.42.48-675x450.jpeg\"><img decoding=\"async\" class=\"img-responsive type:primaryImage\" src=\"https:\/\/jpimg.com.br\/uploads\/2025\/09\/whatsapp-image-2025-09-15-at-15.42.48-675x450.jpeg\" alt=\"Sala de aula\" id=\"zoom-img\"><br \/>\n                                        <\/source><\/source><\/picture><span class=\"image_credits\">IPCA registra alta de 0,70% em fevereiro, impulsionado por educa\u00e7\u00e3o<br \/><\/span><\/div>\n<p><?xml encoding=\"UTF-8\"???><\/p>\n<p>O \u00cdndice Nacional de Pre\u00e7os ao Consumidor Amplo (IPCA), considerado a infla\u00e7\u00e3o oficial do pa\u00eds, registrou <strong>alta de 0,70% em fevereiro<\/strong>, acelerando em rela\u00e7\u00e3o aos 0,33% observados em janeiro. O avan\u00e7o do indicador foi puxado, principalmente, pelos <strong>reajustes de in\u00edcio de ano no setor de educa\u00e7\u00e3o<\/strong>, segundo os dados divulgados nesta quinta-feira (12) pelo Instituto Brasileiro de Geografia e Estat\u00edstica (IBGE).<\/p>\n<p>Com o resultado, a infla\u00e7\u00e3o oficial do pa\u00eds passa a acumular <strong>1,03%<\/strong> <strong>no ano<\/strong>. No acumulado dos \u00faltimos <strong>12 meses<\/strong>, a taxa recuou para <strong>3,81%<\/strong>, abaixo dos 4,44% registrados nos 12 meses imediatamente anteriores.<\/p>\n<p>O grupo <strong>Educa\u00e7\u00e3o<\/strong> teve a <strong>maior alta do m\u00eas<\/strong> (5,21%) e gerou o principal impacto no IPCA (0,31 ponto percentual), respondendo sozinho por <strong>44% de toda a infla\u00e7\u00e3o de fevereiro<\/strong>. O comportamento reflete as atualiza\u00e7\u00f5es <strong>dos cursos regulares<\/strong> (6,20%), com os maiores <strong>encarecimentos registrados no ensino m\u00e9dio<\/strong> (8,19%), <strong>ensino fundamental<\/strong> (8,11%) e na <strong>pr\u00e9-escola<\/strong> (7,48%).<\/p>\n<p>A segunda maior press\u00e3o no bolso dos consumidores veio do grupo <strong>Transportes<\/strong>, com alta de <strong>0,74%<\/strong>. O setor foi fortemente impactado pelo salto de <strong>11,40% nas passagens a\u00e9reas<\/strong>, al\u00e9m de aumentos no <strong>seguro volunt\u00e1rio de ve\u00edculos<\/strong> (5,62%) e dos <strong>reajustes nas tarifas de \u00f4nibus urbano<\/strong> (1,14%) em capitais como S\u00e3o Paulo, Fortaleza e Recife.<\/p>\n<p>Juntos, os grupos de Educa\u00e7\u00e3o e Transportes representaram cerca de <strong>66% da infla\u00e7\u00e3o total de fevereiro<\/strong>.<\/p>\n<h2>Alimenta\u00e7\u00e3o e Habita\u00e7\u00e3o<\/h2>\n<p>O grupo de <strong>Alimenta\u00e7\u00e3o e bebidas<\/strong> teve leve acelera\u00e7\u00e3o, passando de 0,23% em janeiro para <strong>0,26%<\/strong> em fevereiro. O consumo no domic\u00edlio foi marcado pelas <strong>altas expressivas do a\u00e7a\u00ed<\/strong> (25,29%) e do <strong>feij\u00e3o-carioca<\/strong> (11,73%), que anularam as <strong>quedas de itens importantes como frutas<\/strong> (-2,78%), <strong>\u00f3leo de soja<\/strong> (-2,62%) e <strong>arroz<\/strong> (-2,36%).<\/p>\n<p>O grupo <strong>Habita\u00e7\u00e3o subiu 0,30%<\/strong>, revertendo o \u00edndice negativo do m\u00eas anterior. O aumento foi puxado pela <strong>taxa de \u00e1gua<\/strong> e <strong>esgoto<\/strong> (0,84%), influenciada por reajustes em munic\u00edpios como Belo Horizonte, Porto Alegre e S\u00e3o Paulo. A <strong>energia el\u00e9trica variou 0,33%<\/strong>, mantendo a vig\u00eancia da bandeira tarif\u00e1ria verde.<\/p>\n<h2>Desempenho regional<\/h2>\n<p>No recorte por regi\u00f5es, a <strong>maior infla\u00e7\u00e3o do pa\u00eds foi registrada em Fortaleza<\/strong> (0,98%), impulsionada pelos <strong>cursos regulares<\/strong> e pela <strong>alta da gasolina<\/strong>. Na ponta oposta, a <strong>menor varia\u00e7\u00e3o ocorreu em Rio Branco<\/strong> (0,07%), beneficiada pelo <strong>recuo nas contas de energia el\u00e9trica<\/strong> e na <strong>venda de autom\u00f3veis novos<\/strong>.<\/p>\n<\/p><\/div>\n<p><script async src=\"https:\/\/connect.facebook.net\/pt_BR\/all.js#xfbml=1\"><\/script><br \/>\n<br \/><br \/>\n<br \/><a href=\"https:\/\/jovempan.com.br\/noticias\/economia\/ipca-registra-alta-de-070-em-fevereiro-impulsionado-por-educacao.html\">Fonte: Jovem Pan <\/a><\/p>\n","protected":false},"excerpt":{"rendered":"<p>Taxa superou os 0,33% de janeiro e acumula 3,81% em 12 meses; alta nas passagens a\u00e9reas tamb\u00e9m pressionou o \u00edndice Divulga\u00e7\u00e3o\/Secretaria da Educa\u00e7\u00e3o do Estado de S\u00e3o Paulo IPCA registra alta de 0,70% em fevereiro, impulsionado por educa\u00e7\u00e3o O \u00cdndice Nacional de Pre\u00e7os ao Consumidor Amplo (IPCA), considerado a infla\u00e7\u00e3o oficial do pa\u00eds, registrou alta [&hellip;]<\/p>\n","protected":false},"author":1,"featured_media":1387,"comment_status":"open","ping_status":"open","sticky":false,"template":"","format":"standard","meta":{"fifu_image_url":"https:\/\/jpimg.com.br\/uploads\/2025\/09\/whatsapp-image-2025-09-15-at-15.42.48-1024x682.jpeg","fifu_image_alt":"","footnotes":""},"categories":[1],"tags":[],"class_list":{"0":"post-1386","1":"post","2":"type-post","3":"status-publish","4":"format-standard","5":"has-post-thumbnail","7":"category-noticias"},"_links":{"self":[{"href":"https:\/\/www.revistacomercio.com.br\/index.php\/wp-json\/wp\/v2\/posts\/1386","targetHints":{"allow":["GET"]}}],"collection":[{"href":"https:\/\/www.revistacomercio.com.br\/index.php\/wp-json\/wp\/v2\/posts"}],"about":[{"href":"https:\/\/www.revistacomercio.com.br\/index.php\/wp-json\/wp\/v2\/types\/post"}],"author":[{"embeddable":true,"href":"https:\/\/www.revistacomercio.com.br\/index.php\/wp-json\/wp\/v2\/users\/1"}],"replies":[{"embeddable":true,"href":"https:\/\/www.revistacomercio.com.br\/index.php\/wp-json\/wp\/v2\/comments?post=1386"}],"version-history":[{"count":0,"href":"https:\/\/www.revistacomercio.com.br\/index.php\/wp-json\/wp\/v2\/posts\/1386\/revisions"}],"wp:featuredmedia":[{"embeddable":true,"href":"https:\/\/www.revistacomercio.com.br\/index.php\/wp-json\/wp\/v2\/media\/1387"}],"wp:attachment":[{"href":"https:\/\/www.revistacomercio.com.br\/index.php\/wp-json\/wp\/v2\/media?parent=1386"}],"wp:term":[{"taxonomy":"category","embeddable":true,"href":"https:\/\/www.revistacomercio.com.br\/index.php\/wp-json\/wp\/v2\/categories?post=1386"},{"taxonomy":"post_tag","embeddable":true,"href":"https:\/\/www.revistacomercio.com.br\/index.php\/wp-json\/wp\/v2\/tags?post=1386"}],"curies":[{"name":"wp","href":"https:\/\/api.w.org\/{rel}","templated":true}]}}