{"id":1384,"date":"2026-03-12T02:21:30","date_gmt":"2026-03-12T02:21:30","guid":{"rendered":"https:\/\/www.revistacomercio.com.br\/index.php\/2026\/03\/12\/justica-de-sp-acata-pedido-do-pao-de-acucar-de-recuperacao-extrajudicial\/"},"modified":"2026-03-12T02:21:30","modified_gmt":"2026-03-12T02:21:30","slug":"justica-de-sp-acata-pedido-do-pao-de-acucar-de-recuperacao-extrajudicial","status":"publish","type":"post","link":"https:\/\/www.revistacomercio.com.br\/index.php\/2026\/03\/12\/justica-de-sp-acata-pedido-do-pao-de-acucar-de-recuperacao-extrajudicial\/","title":{"rendered":"Justi\u00e7a de SP acata pedido do P\u00e3o de A\u00e7\u00facar de recupera\u00e7\u00e3o extrajudicial"},"content":{"rendered":"<p> <br \/>\n<\/p>\n<div id=\"post-2113528\">\n<h3 class=\"post-description\"><\/h3>\n<p>Com a decis\u00e3o, o grupo poder\u00e1 renegociar R$ 4,5 bilh\u00f5es em d\u00edvidas diretamente com os credores<\/p>\n<p>                <!--\/meta--><\/p>\n<div class=\"context\" wp_automatic_readability=\"53.211953173136\">\n<div class=\"post_image\"><picture><source media=\"(max-width: 799px)\" srcset=\"https:\/\/jpimg.com.br\/uploads\/2020\/09\/pao-de-acucar.png\"><source media=\"(min-width: 800px)\" srcset=\"https:\/\/jpimg.com.br\/uploads\/2020\/09\/pao-de-acucar.png\"><img decoding=\"async\" class=\"img-responsive type:primaryImage\" src=\"https:\/\/jpimg.com.br\/uploads\/2020\/09\/pao-de-acucar.png\" alt=\"P\u00e3o de A\u00e7\u00facar\" id=\"zoom-img\"><br \/>\n                                        <\/source><\/source><\/picture><span class=\"image_credits\">O grupo \u00e9 dono da rede de supermercados P\u00e3o de A\u00e7\u00facar<br \/><\/span><\/div>\n<p><?xml encoding=\"UTF-8\"????><\/p>\n<p>A 3\u00aa Vara de Fal\u00eancias e Recupera\u00e7\u00f5es Judiciais da Comarca de S\u00e3o Paulo <strong>aceitou o pedido de recupera\u00e7\u00e3o extrajudicial apresentado pelo Grupo P\u00e3o de A\u00e7\u00facar<\/strong>, dono da rede de supermercados de mesmo nome. A empresa informou sobre a decis\u00e3o nesta quarta-feira (11) por meio de comunicado ao mercado.<\/p>\n<p><strong><a href=\"https:\/\/jovempan.com.br\/noticias\/economia\/pao-de-acucar-pede-recuperacao-extrajudicial-para-renegociar-r-45-bi-em-dividas.html\">Agora, o grupo poder\u00e1 renegociar R$ 4,5 bilh\u00f5es em d\u00edvidas diretamente com os credores, sem interven\u00e7\u00e3o judicial<\/a><\/strong>. Ficaram de fora do plano de recupera\u00e7\u00e3o as despesas correntes ou operacionais para preservar os pagamentos a trabalhadores, fornecedores, parceiros e clientes.<\/p>\n<p>Em fato relevante divulgado na ter\u00e7a-feira (10), o grupo informou que o <strong>planejamento de recupera\u00e7\u00e3o \u201ccria um ambiente seguro e est\u00e1vel para a continuidade, por 90 dias, das negocia\u00e7\u00f5es\u201d com os credores<\/strong>.<\/p>\n<p>\u201cO plano representa um passo importante para o objetivo da administra\u00e7\u00e3o de fortalecer o balan\u00e7o, melhorar o perfil do endividamento e posicionar a companhia para o futuro, ao mesmo tempo que preserva o relacionamento com fornecedores e protege sua opera\u00e7\u00e3o\u201d, acrescentou.<\/p>\n<p><strong>O acordo foi celebrado com os principais credores, titulares do equivalente a R$ 2,1 bilh\u00f5es do valor total da negocia\u00e7\u00e3o<\/strong>. O percentual \u00e9 superior ao qu\u00f3rum m\u00ednimo legal de um ter\u00e7o dos cr\u00e9ditos afetados.<\/p>\n<p><em>*Com informa\u00e7\u00f5es de Ag\u00eancia Brasil<\/em><\/p>\n<\/p><\/div>\n<p>                <!--\/meta-->\n            <\/div>\n<p><script async src=\"https:\/\/connect.facebook.net\/pt_BR\/all.js#xfbml=1\"><\/script><br \/>\n<br \/><br \/>\n<br \/><a href=\"https:\/\/jovempan.com.br\/noticias\/economia\/justica-de-sp-acata-pedido-do-pao-de-acucar-de-recuperacao-extrajudicial.html\">Fonte: Jovem Pan <\/a><\/p>\n","protected":false},"excerpt":{"rendered":"<p>Com a decis\u00e3o, o grupo poder\u00e1 renegociar R$ 4,5 bilh\u00f5es em d\u00edvidas diretamente com os credores O grupo \u00e9 dono da rede de supermercados P\u00e3o de A\u00e7\u00facar A 3\u00aa Vara de Fal\u00eancias e Recupera\u00e7\u00f5es Judiciais da Comarca de S\u00e3o Paulo aceitou o pedido de recupera\u00e7\u00e3o extrajudicial apresentado pelo Grupo P\u00e3o de A\u00e7\u00facar, dono da rede [&hellip;]<\/p>\n","protected":false},"author":1,"featured_media":1385,"comment_status":"open","ping_status":"open","sticky":false,"template":"","format":"standard","meta":{"fifu_image_url":"https:\/\/jpimg.com.br\/uploads\/2020\/09\/pao-de-acucar.png","fifu_image_alt":"","footnotes":""},"categories":[1],"tags":[],"class_list":{"0":"post-1384","1":"post","2":"type-post","3":"status-publish","4":"format-standard","5":"has-post-thumbnail","7":"category-noticias"},"_links":{"self":[{"href":"https:\/\/www.revistacomercio.com.br\/index.php\/wp-json\/wp\/v2\/posts\/1384","targetHints":{"allow":["GET"]}}],"collection":[{"href":"https:\/\/www.revistacomercio.com.br\/index.php\/wp-json\/wp\/v2\/posts"}],"about":[{"href":"https:\/\/www.revistacomercio.com.br\/index.php\/wp-json\/wp\/v2\/types\/post"}],"author":[{"embeddable":true,"href":"https:\/\/www.revistacomercio.com.br\/index.php\/wp-json\/wp\/v2\/users\/1"}],"replies":[{"embeddable":true,"href":"https:\/\/www.revistacomercio.com.br\/index.php\/wp-json\/wp\/v2\/comments?post=1384"}],"version-history":[{"count":0,"href":"https:\/\/www.revistacomercio.com.br\/index.php\/wp-json\/wp\/v2\/posts\/1384\/revisions"}],"wp:featuredmedia":[{"embeddable":true,"href":"https:\/\/www.revistacomercio.com.br\/index.php\/wp-json\/wp\/v2\/media\/1385"}],"wp:attachment":[{"href":"https:\/\/www.revistacomercio.com.br\/index.php\/wp-json\/wp\/v2\/media?parent=1384"}],"wp:term":[{"taxonomy":"category","embeddable":true,"href":"https:\/\/www.revistacomercio.com.br\/index.php\/wp-json\/wp\/v2\/categories?post=1384"},{"taxonomy":"post_tag","embeddable":true,"href":"https:\/\/www.revistacomercio.com.br\/index.php\/wp-json\/wp\/v2\/tags?post=1384"}],"curies":[{"name":"wp","href":"https:\/\/api.w.org\/{rel}","templated":true}]}}