{"id":1380,"date":"2026-03-11T22:46:37","date_gmt":"2026-03-11T22:46:37","guid":{"rendered":"https:\/\/www.revistacomercio.com.br\/index.php\/2026\/03\/11\/portugal-faz-alerta-sobre-ataque-cibernetico-global-mira-contas-do-whatsapp\/"},"modified":"2026-03-11T22:46:37","modified_gmt":"2026-03-11T22:46:37","slug":"portugal-faz-alerta-sobre-ataque-cibernetico-global-mira-contas-do-whatsapp","status":"publish","type":"post","link":"https:\/\/www.revistacomercio.com.br\/index.php\/2026\/03\/11\/portugal-faz-alerta-sobre-ataque-cibernetico-global-mira-contas-do-whatsapp\/","title":{"rendered":"Portugal faz alerta sobre ataque cibern\u00e9tico global: \u2018Mira contas do WhatsApp\u2019"},"content":{"rendered":"<p> <br \/>\n<\/p>\n<div id=\"post-2113477\">\n<h3 class=\"post-description\"\/>\n<p>Servi\u00e7o portugu\u00eas afirmou que os respons\u00e1veis possuem diversos m\u00e9todos de atua\u00e7\u00e3o para conseguir que os usu\u00e1rios compartilhem dados sens\u00edveis<\/p>\n<p>                <!--\/meta--><\/p>\n<div class=\"context\" wp_automatic_readability=\"51.117647058824\">\n<div class=\"post_image\"><span class=\"image_fonte\">Freepik<\/span><picture><source media=\"(max-width: 799px)\" srcset=\"https:\/\/jpimg.com.br\/uploads\/2025\/09\/2147985346-310x207.jpg\"><source media=\"(min-width: 800px)\" srcset=\"https:\/\/jpimg.com.br\/uploads\/2025\/09\/2147985346-675x450.jpg\"><img decoding=\"async\" class=\"img-responsive type:primaryImage\" src=\"https:\/\/jpimg.com.br\/uploads\/2025\/09\/2147985346-675x450.jpg\" alt=\"Hacker com m\u00e1scara na frente do laptop\" id=\"zoom-img\"\/><br \/>\n                                        <\/source><\/source><\/picture><span class=\"image_credits\">Ataque cibern\u00e9tico global, patrocinada por um Estado estrangeiro n\u00e3o identificado, mira Whatsapp de pol\u00edticos<br \/><\/span><\/div>\n<p><?xml encoding=\"UTF-8\"????><\/p>\n<p>O Servi\u00e7o de Informa\u00e7\u00f5es de Seguran\u00e7a (SIS) de Portugal alertou nesta quarta-feira (11) que <strong>est\u00e1 em andamento um ataque cibern\u00e9tico global, patrocinada por um Estado estrangeiro n\u00e3o identificado,<\/strong> segundo comunicado em seu site. A campanha teria como objetivo obter acesso \u00e0s contas de WhatsApp e Signal de governantes, diplomatas, militares e outros respons\u00e1veis com acesso \u00e0 informa\u00e7\u00e3o confidencial de Portugal e pa\u00edses aliados.<\/p>\n<p>O <strong>servi\u00e7o portugu\u00eas afirmou que os respons\u00e1veis possuem diversos m\u00e9todos de atua\u00e7\u00e3o<\/strong> para conseguir que os usu\u00e1rios compartilhem dados sens\u00edveis, como senhas, e acessam as conversas individuais, em grupo, pastas compartilhadas ou at\u00e9 mesmo lan\u00e7am novas campanhas de phishing para invadir outros contatos.<\/p>\n<p>Segundo o governo portugu\u00eas, o <strong>ataque n\u00e3o significa que o WhatsApp ou o Signal tenham sido comprometidos<\/strong> ou estejam vulner\u00e1veis, mas que os hackers exploram usu\u00e1rios \u201cmenos precavidos\u201d e que confiam nas ferramentas como meios seguros de comunica\u00e7\u00e3o. O alerta teve como objetivo preparar a popula\u00e7\u00e3o para identificar e responder aos ataques.<\/p>\n<p>*Estad\u00e3o Conte\u00fado<\/p>\n<\/p><\/div>\n<p>                <!--\/meta-->\n            <\/div>\n<p><script async src=\"https:\/\/connect.facebook.net\/pt_BR\/all.js#xfbml=1\"><\/script><br \/>\n<br \/><br \/>\n<br \/><a href=\"https:\/\/jovempan.com.br\/noticias\/tecnologia\/portugal-faz-alerta-sobre-ataque-cibernetico-global-mira-contas-do-whatsapp.html\">Source link <\/a><\/p>\n","protected":false},"excerpt":{"rendered":"<p>Servi\u00e7o portugu\u00eas afirmou que os respons\u00e1veis possuem diversos m\u00e9todos de atua\u00e7\u00e3o para conseguir que os usu\u00e1rios compartilhem dados sens\u00edveis Freepik Ataque cibern\u00e9tico global, patrocinada por um Estado estrangeiro n\u00e3o identificado, mira Whatsapp de pol\u00edticos O Servi\u00e7o de Informa\u00e7\u00f5es de Seguran\u00e7a (SIS) de Portugal alertou nesta quarta-feira (11) que est\u00e1 em andamento um ataque cibern\u00e9tico global, [&hellip;]<\/p>\n","protected":false},"author":1,"featured_media":1381,"comment_status":"open","ping_status":"open","sticky":false,"template":"","format":"standard","meta":{"fifu_image_url":"https:\/\/jpimg.com.br\/uploads\/2025\/09\/2147985346.jpg","fifu_image_alt":"","footnotes":""},"categories":[14],"tags":[],"class_list":{"0":"post-1380","1":"post","2":"type-post","3":"status-publish","4":"format-standard","5":"has-post-thumbnail","7":"category-tecnologia-e-inovacao"},"_links":{"self":[{"href":"https:\/\/www.revistacomercio.com.br\/index.php\/wp-json\/wp\/v2\/posts\/1380","targetHints":{"allow":["GET"]}}],"collection":[{"href":"https:\/\/www.revistacomercio.com.br\/index.php\/wp-json\/wp\/v2\/posts"}],"about":[{"href":"https:\/\/www.revistacomercio.com.br\/index.php\/wp-json\/wp\/v2\/types\/post"}],"author":[{"embeddable":true,"href":"https:\/\/www.revistacomercio.com.br\/index.php\/wp-json\/wp\/v2\/users\/1"}],"replies":[{"embeddable":true,"href":"https:\/\/www.revistacomercio.com.br\/index.php\/wp-json\/wp\/v2\/comments?post=1380"}],"version-history":[{"count":0,"href":"https:\/\/www.revistacomercio.com.br\/index.php\/wp-json\/wp\/v2\/posts\/1380\/revisions"}],"wp:featuredmedia":[{"embeddable":true,"href":"https:\/\/www.revistacomercio.com.br\/index.php\/wp-json\/wp\/v2\/media\/1381"}],"wp:attachment":[{"href":"https:\/\/www.revistacomercio.com.br\/index.php\/wp-json\/wp\/v2\/media?parent=1380"}],"wp:term":[{"taxonomy":"category","embeddable":true,"href":"https:\/\/www.revistacomercio.com.br\/index.php\/wp-json\/wp\/v2\/categories?post=1380"},{"taxonomy":"post_tag","embeddable":true,"href":"https:\/\/www.revistacomercio.com.br\/index.php\/wp-json\/wp\/v2\/tags?post=1380"}],"curies":[{"name":"wp","href":"https:\/\/api.w.org\/{rel}","templated":true}]}}