{"id":1378,"date":"2026-03-11T21:16:29","date_gmt":"2026-03-11T21:16:29","guid":{"rendered":"https:\/\/www.revistacomercio.com.br\/index.php\/2026\/03\/11\/governo-de-sp-lanca-portal-para-tirar-duvidas-sobre-isencao-de-ipva-para-motos\/"},"modified":"2026-03-11T21:16:29","modified_gmt":"2026-03-11T21:16:29","slug":"governo-de-sp-lanca-portal-para-tirar-duvidas-sobre-isencao-de-ipva-para-motos","status":"publish","type":"post","link":"https:\/\/www.revistacomercio.com.br\/index.php\/2026\/03\/11\/governo-de-sp-lanca-portal-para-tirar-duvidas-sobre-isencao-de-ipva-para-motos\/","title":{"rendered":"Governo de SP lan\u00e7a portal para tirar d\u00favidas sobre isen\u00e7\u00e3o de IPVA para motos"},"content":{"rendered":"<p> <br \/>\n<\/p>\n<div id=\"post-2113402\">\n<h3 class=\"post-description\"><\/h3>\n<p>A medida vale para ve\u00edculos com o licenciamento e registro em dia<\/p>\n<p>                <!--\/meta--><\/p>\n<div class=\"context\" wp_automatic_readability=\"37.430910951894\">\n<div class=\"post_image\"><span class=\"image_fonte\">ITACI BATISTA\/ESTAD\u00c3O CONTE\u00daDO<\/span><picture><source media=\"(max-width: 799px)\" srcset=\"https:\/\/jpimg.com.br\/uploads\/2025\/03\/dsc2698.163201-313x207.jpg\"><source media=\"(min-width: 800px)\" srcset=\"https:\/\/jpimg.com.br\/uploads\/2025\/03\/dsc2698.163201-680x450.jpg\"><img decoding=\"async\" class=\"img-responsive type:primaryImage\" src=\"https:\/\/jpimg.com.br\/uploads\/2025\/03\/dsc2698.163201-680x450.jpg\" alt=\"moto\" id=\"zoom-img\"><br \/>\n                                        <\/source><\/source><\/picture><span class=\"image_credits\">O propriet\u00e1rio do ve\u00edculo deve ser uma pessoa f\u00edsica<br \/><\/span><\/div>\n<p><?xml encoding=\"UTF-8\"????><\/p>\n<p>O<strong> governo do estado de S\u00e3o Paulo lan\u00e7ou<\/strong> um portal nesta ter\u00e7a-feira (11<strong>) para tirar d\u00favidas sobre a isen\u00e7\u00e3o do IPVA<\/strong> para motocicletas de at\u00e9 180 cilindradas.<\/p>\n<p>O <a href=\"https:\/\/www.duasrodaszeroipva.sp.gov.br\/#como-funciona\"><strong>Duas Roda Zero IPVA<\/strong><\/a> <strong>apresenta as condi\u00e7\u00f5es para o benef\u00edcio<\/strong>. A medida vale para ve\u00edculos com o licenciamento e registro em dia. Segundo o governo, a <strong>expectativa \u00e9 que mais de 4,3 milh\u00f5es de motociclistas sejam beneficiados,<\/strong> um n\u00famero que representa 76% da frota do estado.<\/p>\n<p>O propriet\u00e1rio do ve\u00edculo deve ser uma pessoa f\u00edsica.<strong> A medida foi aprovada em 24 de dezembro de 2025<\/strong>. Caso o propriet\u00e1rio tenha pago o IPVA antecipadamente, mas tenha direito \u00e0 isen\u00e7\u00e3o no ano pago, a restitui\u00e7\u00e3o acontecer\u00e1 automaticamente pelo sistema.<\/p>\n<\/p><\/div>\n<p>                <!--\/meta-->\n            <\/div>\n<p><script async src=\"https:\/\/connect.facebook.net\/pt_BR\/all.js#xfbml=1\"><\/script><br \/>\n<br \/><br \/>\n<br \/><a href=\"https:\/\/jovempan.com.br\/noticias\/economia\/governo-de-sp-lanca-portal-para-tirar-duvidas-sobre-isencao-de-ipva-para-motos.html\">Fonte: Jovem Pan <\/a><\/p>\n","protected":false},"excerpt":{"rendered":"<p>A medida vale para ve\u00edculos com o licenciamento e registro em dia ITACI BATISTA\/ESTAD\u00c3O CONTE\u00daDO O propriet\u00e1rio do ve\u00edculo deve ser uma pessoa f\u00edsica O governo do estado de S\u00e3o Paulo lan\u00e7ou um portal nesta ter\u00e7a-feira (11) para tirar d\u00favidas sobre a isen\u00e7\u00e3o do IPVA para motocicletas de at\u00e9 180 cilindradas. O Duas Roda Zero [&hellip;]<\/p>\n","protected":false},"author":1,"featured_media":1379,"comment_status":"open","ping_status":"open","sticky":false,"template":"","format":"standard","meta":{"fifu_image_url":"https:\/\/jpimg.com.br\/uploads\/2025\/03\/dsc2698.163201.jpg","fifu_image_alt":"","footnotes":""},"categories":[1],"tags":[],"class_list":{"0":"post-1378","1":"post","2":"type-post","3":"status-publish","4":"format-standard","5":"has-post-thumbnail","7":"category-noticias"},"_links":{"self":[{"href":"https:\/\/www.revistacomercio.com.br\/index.php\/wp-json\/wp\/v2\/posts\/1378","targetHints":{"allow":["GET"]}}],"collection":[{"href":"https:\/\/www.revistacomercio.com.br\/index.php\/wp-json\/wp\/v2\/posts"}],"about":[{"href":"https:\/\/www.revistacomercio.com.br\/index.php\/wp-json\/wp\/v2\/types\/post"}],"author":[{"embeddable":true,"href":"https:\/\/www.revistacomercio.com.br\/index.php\/wp-json\/wp\/v2\/users\/1"}],"replies":[{"embeddable":true,"href":"https:\/\/www.revistacomercio.com.br\/index.php\/wp-json\/wp\/v2\/comments?post=1378"}],"version-history":[{"count":0,"href":"https:\/\/www.revistacomercio.com.br\/index.php\/wp-json\/wp\/v2\/posts\/1378\/revisions"}],"wp:featuredmedia":[{"embeddable":true,"href":"https:\/\/www.revistacomercio.com.br\/index.php\/wp-json\/wp\/v2\/media\/1379"}],"wp:attachment":[{"href":"https:\/\/www.revistacomercio.com.br\/index.php\/wp-json\/wp\/v2\/media?parent=1378"}],"wp:term":[{"taxonomy":"category","embeddable":true,"href":"https:\/\/www.revistacomercio.com.br\/index.php\/wp-json\/wp\/v2\/categories?post=1378"},{"taxonomy":"post_tag","embeddable":true,"href":"https:\/\/www.revistacomercio.com.br\/index.php\/wp-json\/wp\/v2\/tags?post=1378"}],"curies":[{"name":"wp","href":"https:\/\/api.w.org\/{rel}","templated":true}]}}