{"id":1376,"date":"2026-03-11T12:43:10","date_gmt":"2026-03-11T12:43:10","guid":{"rendered":"https:\/\/www.revistacomercio.com.br\/index.php\/2026\/03\/11\/raizen-confirma-pedido-de-recuperacao-extrajudicial-por-dividas-de-r-651-bilhoes\/"},"modified":"2026-03-11T12:43:10","modified_gmt":"2026-03-11T12:43:10","slug":"raizen-confirma-pedido-de-recuperacao-extrajudicial-por-dividas-de-r-651-bilhoes","status":"publish","type":"post","link":"https:\/\/www.revistacomercio.com.br\/index.php\/2026\/03\/11\/raizen-confirma-pedido-de-recuperacao-extrajudicial-por-dividas-de-r-651-bilhoes\/","title":{"rendered":"Ra\u00edzen confirma pedido de recupera\u00e7\u00e3o extrajudicial por d\u00edvidas de R$ 65,1 bilh\u00f5es"},"content":{"rendered":"<p> <br \/>\n<\/p>\n<p>Segundo a empresa, o plano conta com ades\u00e3o expressa dos credores signat\u00e1rios titulares de mais de 47% das d\u00edvidas financeiras<\/p>\n<div wp_automatic_readability=\"91\">\n<p><?xml encoding=\"UTF-8\"???><\/p>\n<p><strong>A Ra\u00edzen confirmou nesta quarta-feira, 11, que protocolou seu pedido de recupera\u00e7\u00e3o extrajudicial<\/strong> na Comarca da Capital de S\u00e3o Paulo para renegociar cerca de R$ 65,1 bilh\u00f5es em d\u00edvidas. A informa\u00e7\u00e3o foi antecipada pelo Broadcast, sistema de not\u00edcias em tempo real do Grupo Estado.<\/p>\n<p>Em fato relevante enviado \u00e0 Comiss\u00e3o de Valores Mobili\u00e1rios (CVM),<strong> a empresa afirma que a recupera\u00e7\u00e3o extrajudicial foi consensualmente estruturada com seus principais credores financeiros<\/strong> quirograf\u00e1rios, com o objetivo de assegurar um ambiente jur\u00eddico est\u00e1vel, protegido e adequado para a negocia\u00e7\u00e3o e implementa\u00e7\u00e3o da reestrutura\u00e7\u00e3o das d\u00edvidas financeiras quirograf\u00e1rias no montante aproximado de R$ 65,1 bilh\u00f5es, bem como de outros cr\u00e9ditos intercompany.<\/p>\n<p>Segundo a empresa, o<strong> plano conta com ades\u00e3o expressa dos credores signat\u00e1rios titulares de mais de 47% das d\u00edvidas<\/strong> financeiras quirograf\u00e1rias, porcentual suficiente para o ajuizamento da recupera\u00e7\u00e3o extrajudicial e que demonstra apoio relevante aos esfor\u00e7os para viabilizar a reestrutura\u00e7\u00e3o das obriga\u00e7\u00f5es financeiras do Grupo Ra\u00edzen.<\/p>\n<p>A companhia lembra que, nos termos da legisla\u00e7\u00e3o aplic\u00e1vel, o Grupo Ra\u00edzen disp\u00f5e do prazo de 90 dias, a contar do processamento da recupera\u00e7\u00e3o extrajudicial, para obter o porcentual m\u00ednimo necess\u00e1rio \u00e0 homologa\u00e7\u00e3o de seu plano de recupera\u00e7\u00e3o extrajudicial, assegurando, assim, a vincula\u00e7\u00e3o de 100% dos Cr\u00e9ditos Sujeitos aos novos termos e condi\u00e7\u00f5es de pagamento a serem definidos no Plano.<\/p>\n<p>\u201cO plano poder\u00e1 envolver a capitaliza\u00e7\u00e3o do Grupo Ra\u00edzen pelos seus acionistas; a convers\u00e3o de parte dos Cr\u00e9ditos Sujeitos em participa\u00e7\u00e3o acion\u00e1ria na companhia; a substitui\u00e7\u00e3o de parte dos Cr\u00e9ditos Sujeitos por novas d\u00edvidas; reorganiza\u00e7\u00f5es societ\u00e1rias, destinadas \u00e0 segrega\u00e7\u00e3o de parcela dos neg\u00f3cios atualmente conduzidos pelo Grupo Ra\u00edzen; e venda de ativos do Grupo Ra\u00edzen\u201d, informa.<\/p>\n<p><strong>A Ra\u00edzen esclarece que a recupera\u00e7\u00e3o extrajudicial possui escopo limitado, estritamente financeiro,<\/strong> e n\u00e3o abranger\u00e1 as d\u00edvidas e obriga\u00e7\u00f5es do Grupo Ra\u00edzen com seus clientes, fornecedores, revendedores e outros parceiros de neg\u00f3cios, essenciais para a sua opera\u00e7\u00e3o e continuidade de suas atividades, as quais permanecem vigentes e continuar\u00e3o sendo cumpridas normalmente nos termos dos respectivos contratos.<\/p>\n<p>\u201cAs opera\u00e7\u00f5es do Grupo Ra\u00edzen seguem sendo conduzidas normalmente, no atendimento a clientes, na rela\u00e7\u00e3o com fornecedores e na execu\u00e7\u00e3o de seus planos de neg\u00f3cios\u201d, afirma.<\/p>\n<p><em>*Estad\u00e3o Conte\u00fado<\/em><\/p>\n<\/p><\/div>\n<p><script async src=\"https:\/\/connect.facebook.net\/pt_BR\/all.js#xfbml=1\"><\/script><br \/>\n<br \/><br \/>\n<br \/><a href=\"https:\/\/jovempan.com.br\/noticias\/economia\/raizen-confirma-pedido-de-recuperacao-extrajudicial-por-dividas-de-r-651-bilhoes.html\">Fonte: Jovem Pan <\/a><\/p>\n","protected":false},"excerpt":{"rendered":"<p>Segundo a empresa, o plano conta com ades\u00e3o expressa dos credores signat\u00e1rios titulares de mais de 47% das d\u00edvidas financeiras A Ra\u00edzen confirmou nesta quarta-feira, 11, que protocolou seu pedido de recupera\u00e7\u00e3o extrajudicial na Comarca da Capital de S\u00e3o Paulo para renegociar cerca de R$ 65,1 bilh\u00f5es em d\u00edvidas. A informa\u00e7\u00e3o foi antecipada pelo Broadcast, [&hellip;]<\/p>\n","protected":false},"author":1,"featured_media":1377,"comment_status":"open","ping_status":"open","sticky":false,"template":"","format":"standard","meta":{"fifu_image_url":"http:\/\/jpimg.com.br\/uploads\/2018\/04\/logo-jovempan-black.png","fifu_image_alt":"","footnotes":""},"categories":[1],"tags":[],"class_list":{"0":"post-1376","1":"post","2":"type-post","3":"status-publish","4":"format-standard","5":"has-post-thumbnail","7":"category-noticias"},"_links":{"self":[{"href":"https:\/\/www.revistacomercio.com.br\/index.php\/wp-json\/wp\/v2\/posts\/1376","targetHints":{"allow":["GET"]}}],"collection":[{"href":"https:\/\/www.revistacomercio.com.br\/index.php\/wp-json\/wp\/v2\/posts"}],"about":[{"href":"https:\/\/www.revistacomercio.com.br\/index.php\/wp-json\/wp\/v2\/types\/post"}],"author":[{"embeddable":true,"href":"https:\/\/www.revistacomercio.com.br\/index.php\/wp-json\/wp\/v2\/users\/1"}],"replies":[{"embeddable":true,"href":"https:\/\/www.revistacomercio.com.br\/index.php\/wp-json\/wp\/v2\/comments?post=1376"}],"version-history":[{"count":0,"href":"https:\/\/www.revistacomercio.com.br\/index.php\/wp-json\/wp\/v2\/posts\/1376\/revisions"}],"wp:featuredmedia":[{"embeddable":true,"href":"https:\/\/www.revistacomercio.com.br\/index.php\/wp-json\/wp\/v2\/media\/1377"}],"wp:attachment":[{"href":"https:\/\/www.revistacomercio.com.br\/index.php\/wp-json\/wp\/v2\/media?parent=1376"}],"wp:term":[{"taxonomy":"category","embeddable":true,"href":"https:\/\/www.revistacomercio.com.br\/index.php\/wp-json\/wp\/v2\/categories?post=1376"},{"taxonomy":"post_tag","embeddable":true,"href":"https:\/\/www.revistacomercio.com.br\/index.php\/wp-json\/wp\/v2\/tags?post=1376"}],"curies":[{"name":"wp","href":"https:\/\/api.w.org\/{rel}","templated":true}]}}