{"id":1370,"date":"2026-03-10T12:44:50","date_gmt":"2026-03-10T12:44:50","guid":{"rendered":"https:\/\/www.revistacomercio.com.br\/index.php\/2026\/03\/10\/pao-de-acucar-pede-recuperacao-extrajudicial-para-renegociar-r-45-bi-em-dividas\/"},"modified":"2026-03-10T12:44:50","modified_gmt":"2026-03-10T12:44:50","slug":"pao-de-acucar-pede-recuperacao-extrajudicial-para-renegociar-r-45-bi-em-dividas","status":"publish","type":"post","link":"https:\/\/www.revistacomercio.com.br\/index.php\/2026\/03\/10\/pao-de-acucar-pede-recuperacao-extrajudicial-para-renegociar-r-45-bi-em-dividas\/","title":{"rendered":"P\u00e3o de A\u00e7\u00facar pede recupera\u00e7\u00e3o extrajudicial para renegociar R$ 4,5 bi em d\u00edvidas"},"content":{"rendered":"<p> <br \/>\n<\/p>\n<p>Segundo o presidente da companhia, Alexandre Santoro, o\u00a0plano j\u00e1 tem ades\u00e3o de 46% dos credores e envolve d\u00e9bitos financeiros sem garantia e n\u00e3o operacionais<\/p>\n<div wp_automatic_readability=\"91.778770182068\">\n<div class=\"post_image\"><picture><source media=\"(max-width: 799px)\" srcset=\"https:\/\/jpimg.com.br\/uploads\/2020\/09\/pao-de-acucar.png\"><source media=\"(min-width: 800px)\" srcset=\"https:\/\/jpimg.com.br\/uploads\/2020\/09\/pao-de-acucar.png\"><img decoding=\"async\" class=\"img-responsive type:primaryImage\" src=\"https:\/\/jpimg.com.br\/uploads\/2020\/09\/pao-de-acucar.png\" alt=\"P\u00e3o de A\u00e7\u00facar\" id=\"zoom-img\"><br \/>\n                                        <\/source><\/source><\/picture><span class=\"image_credits\">Com o protocolo do pedido, a empresa ter\u00e1 um per\u00edodo de 90 dias para avan\u00e7ar nas negocia\u00e7\u00f5es com os credores, durante o qual as obriga\u00e7\u00f5es com os credores afetados ficam suspensas.<br \/><\/span><\/div>\n<p><?xml encoding=\"UTF-8\"???><\/p>\n<p>O<strong> Grupo P\u00e3o de A\u00e7\u00facar (GPA)<\/strong> protocolou pedido de recupera\u00e7\u00e3o extrajudicial para<strong> renegociar cerca de R$ 4,5 bilh\u00f5es em d\u00edvidas<\/strong> n\u00e3o operacionais. O presidente da companhia, Alexandre Santoro, disse em entrevista ao Broadcast, sistema de not\u00edcias em tempo real do Grupo Estado, que a medida conta com ades\u00e3o de 46% dos credores.<\/p>\n<p>Segundo o fato relevante divulgado nesta ter\u00e7a-feira (10), o plano abrange obriga\u00e7\u00f5es financeiras <strong>\u201csem garantia\u201d que n\u00e3o constituem compromissos correntes ou operacionais da companhia.<\/strong><\/p>\n<p>Com apenas dois meses de casa, o CEO afirmou que o objetivo \u00e9 <strong>reorganizar o perfil de endividamento da companhia sem afetar a opera\u00e7\u00e3o do neg\u00f3cio<\/strong>. \u201cEssa medida \u00e9 o in\u00edcio de um processo de reestrutura\u00e7\u00e3o das nossas d\u00edvidas n\u00e3o operacionais. Ela n\u00e3o envolve pagamento a fornecedor, aluguel de loja ou sal\u00e1rio de colaborador. A opera\u00e7\u00e3o segue funcionando normalmente\u201d, disse.<\/p>\n<p>O executivo acrescentou que a decis\u00e3o foi aprovada por unanimidade pelo conselho de administra\u00e7\u00e3o, que re\u00fane acionistas que representam cerca de 70% das a\u00e7\u00f5es da companhia. \u201cApesar do curto tempo que estou na companhia, essa agenda est\u00e1 alinhada \u00e0 minha experi\u00eancia e ao mandato de ajudar os acionistas a resolver alguns problemas estruturais\u201d, afirmou.<\/p>\n<p>O diretor financeiro do GPA, Pedro Albuquerque, que assumiu o cargo na semana passada, afirmou que<strong> parte do passivo inclui vencimentos de curto prazo<\/strong>. Segundo ele, cerca de R$ 500 milh\u00f5es vencem em maio, enquanto entre R$ 1,2 bilh\u00e3o e R$ 1,3 bilh\u00e3o t\u00eam vencimento previsto para julho.<\/p>\n<p>Albuquerque ressaltou que o processo n\u00e3o inclui passivos trabalhistas ou tribut\u00e1rios. Segundo ele, essas obriga\u00e7\u00f5es seguem sendo tratadas separadamente pela companhia e n\u00e3o fazem parte do per\u00edmetro da recupera\u00e7\u00e3o extrajudicial. O executivo tamb\u00e9m afirmou que a medida n\u00e3o tem rela\u00e7\u00e3o com discuss\u00f5es antigas envolvendo a opera\u00e7\u00e3o do Assa\u00ed.<\/p>\n<p>Com o protocolo do pedido,<strong> a empresa ter\u00e1 um per\u00edodo de 90 dias para avan\u00e7ar nas negocia\u00e7\u00f5es com os credores<\/strong>, durante o qual as obriga\u00e7\u00f5es com os credores afetados ficam suspensas.<\/p>\n<p>\u201cTemos esse prazo para concluir a negocia\u00e7\u00e3o e chegar \u00e0s condi\u00e7\u00f5es definitivas da reestrutura\u00e7\u00e3o\u201d, disse o CFO. Para a homologa\u00e7\u00e3o do acordo, \u00e9 necess\u00e1rio o apoio de 50% mais um dos credores.<\/p>\n<p>No \u00faltimo balan\u00e7o, o GPA divulgou que a d\u00edvida l\u00edquida, incluindo receb\u00edveis de cart\u00e3o de cr\u00e9dito n\u00e3o antecipados, somou R$ 2 bilh\u00f5es ao final de 2025, aumento de R$ 729 milh\u00f5es em rela\u00e7\u00e3o ao registrado no fim de 2024.<\/p>\n<p>*Estad\u00e3o Conte\u00fado<\/p>\n<p>\u00a0<\/p>\n<\/p><\/div>\n<p><script async src=\"https:\/\/connect.facebook.net\/pt_BR\/all.js#xfbml=1\"><\/script><br \/>\n<br \/><br \/>\n<br \/><a href=\"https:\/\/jovempan.com.br\/noticias\/economia\/pao-de-acucar-pede-recuperacao-extrajudicial-para-renegociar-r-45-bi-em-dividas.html\">Fonte: Jovem Pan <\/a><\/p>\n","protected":false},"excerpt":{"rendered":"<p>Segundo o presidente da companhia, Alexandre Santoro, o\u00a0plano j\u00e1 tem ades\u00e3o de 46% dos credores e envolve d\u00e9bitos financeiros sem garantia e n\u00e3o operacionais Com o protocolo do pedido, a empresa ter\u00e1 um per\u00edodo de 90 dias para avan\u00e7ar nas negocia\u00e7\u00f5es com os credores, durante o qual as obriga\u00e7\u00f5es com os credores afetados ficam suspensas. [&hellip;]<\/p>\n","protected":false},"author":1,"featured_media":1371,"comment_status":"open","ping_status":"open","sticky":false,"template":"","format":"standard","meta":{"fifu_image_url":"https:\/\/jpimg.com.br\/uploads\/2020\/09\/pao-de-acucar.png","fifu_image_alt":"","footnotes":""},"categories":[1],"tags":[],"class_list":{"0":"post-1370","1":"post","2":"type-post","3":"status-publish","4":"format-standard","5":"has-post-thumbnail","7":"category-noticias"},"_links":{"self":[{"href":"https:\/\/www.revistacomercio.com.br\/index.php\/wp-json\/wp\/v2\/posts\/1370","targetHints":{"allow":["GET"]}}],"collection":[{"href":"https:\/\/www.revistacomercio.com.br\/index.php\/wp-json\/wp\/v2\/posts"}],"about":[{"href":"https:\/\/www.revistacomercio.com.br\/index.php\/wp-json\/wp\/v2\/types\/post"}],"author":[{"embeddable":true,"href":"https:\/\/www.revistacomercio.com.br\/index.php\/wp-json\/wp\/v2\/users\/1"}],"replies":[{"embeddable":true,"href":"https:\/\/www.revistacomercio.com.br\/index.php\/wp-json\/wp\/v2\/comments?post=1370"}],"version-history":[{"count":0,"href":"https:\/\/www.revistacomercio.com.br\/index.php\/wp-json\/wp\/v2\/posts\/1370\/revisions"}],"wp:featuredmedia":[{"embeddable":true,"href":"https:\/\/www.revistacomercio.com.br\/index.php\/wp-json\/wp\/v2\/media\/1371"}],"wp:attachment":[{"href":"https:\/\/www.revistacomercio.com.br\/index.php\/wp-json\/wp\/v2\/media?parent=1370"}],"wp:term":[{"taxonomy":"category","embeddable":true,"href":"https:\/\/www.revistacomercio.com.br\/index.php\/wp-json\/wp\/v2\/categories?post=1370"},{"taxonomy":"post_tag","embeddable":true,"href":"https:\/\/www.revistacomercio.com.br\/index.php\/wp-json\/wp\/v2\/tags?post=1370"}],"curies":[{"name":"wp","href":"https:\/\/api.w.org\/{rel}","templated":true}]}}