{"id":1368,"date":"2026-03-09T22:52:08","date_gmt":"2026-03-09T22:52:08","guid":{"rendered":"https:\/\/www.revistacomercio.com.br\/index.php\/2026\/03\/09\/trump-anuncia-eliminacao-de-sancoes-ao-petroleo-em-plena-guerra-com-ira\/"},"modified":"2026-03-09T22:52:08","modified_gmt":"2026-03-09T22:52:08","slug":"trump-anuncia-eliminacao-de-sancoes-ao-petroleo-em-plena-guerra-com-ira","status":"publish","type":"post","link":"https:\/\/www.revistacomercio.com.br\/index.php\/2026\/03\/09\/trump-anuncia-eliminacao-de-sancoes-ao-petroleo-em-plena-guerra-com-ira\/","title":{"rendered":"Trump anuncia elimina\u00e7\u00e3o de san\u00e7\u00f5es ao petr\u00f3leo em plena guerra com Ir\u00e3"},"content":{"rendered":"<p> <br \/>\n<\/p>\n<div id=\"post-2112714\">\n<h3 class=\"post-description\"><\/h3>\n<p>Desde o come\u00e7o da guerra em 28 de fevereiro o pre\u00e7o do petr\u00f3leo subiu e chegou \u00e0 US$ 100 por barril, atingindo o maior n\u00edvel desde fevereiro de 2022<\/p>\n<p>                <!--\/meta--><\/p>\n<div class=\"context\" wp_automatic_readability=\"67\">\n<div class=\"post_image\"><span class=\"image_fonte\">Joe Raedle\/Getty Images via AFP<\/span><picture><source media=\"(max-width: 799px)\" srcset=\"https:\/\/jpimg.com.br\/uploads\/2024\/08\/063_1220175219-311x207.jpg\"><source media=\"(min-width: 800px)\" srcset=\"https:\/\/jpimg.com.br\/uploads\/2024\/08\/063_1220175219-676x450.jpg\"><img decoding=\"async\" class=\"img-responsive type:primaryImage\" src=\"https:\/\/jpimg.com.br\/uploads\/2024\/08\/063_1220175219-676x450.jpg\" alt=\"Petroleo\" id=\"zoom-img\"><br \/>\n                                        <\/source><\/source><\/picture><span class=\"image_credits\">Petr\u00f3leo teve sua maior cota\u00e7\u00e3o desde 2022 com a guerra no ir\u00e3 <br \/><\/span><\/div>\n<p><?xml encoding=\"UTF-8\"????><\/p>\n<p>O presidente dos Estados Unidos, Donald Trump, informou nesta segunda-feira (9) que ir\u00e1 eliminar algumas san\u00e7\u00f5es ao petr\u00f3leo em plena guerra com Ir\u00e3. Desde o come\u00e7o da guerra em 28 de fevereiro o pre\u00e7o do petr\u00f3leo subiu e chegou \u00e0 US$ 100 por barril, atingindo o maior n\u00edvel desde fevereiro de 2022. \u201cVamos abrir m\u00e3o de certas san\u00e7\u00f5es relacionadas ao petr\u00f3leo para reduzir pre\u00e7os\u201d, disse Trump.<\/p>\n<p>\u201cN\u00f3s temos san\u00e7\u00f5es contra alguns pa\u00edses, e vamos retirar essas san\u00e7\u00f5es\u201d, acrescentou o mandat\u00e1rio norte-americano.\u00a0 Ele ressaltou que a medida deve ser mantida at\u00e9 a situa\u00e7\u00e3o no Estrito de Ormuz normalizar.<\/p>\n<p>A declara\u00e7\u00e3o vem ap\u00f3s o republicado dizer que a guerra com Ir\u00e3 estava \u201cpraticamente encerrada\u201d. A fala ocasionou em impacto imediato no pre\u00e7o do petr\u00f3leo, que caiu nas negocia\u00e7\u00f5es eletr\u00f4nicas ap\u00f3s o fechamento.<\/p>\n<p>Por volta das 19h45 GMT (16h45 no hor\u00e1rio de Bras\u00edlia), o pre\u00e7o do barril de Brent, refer\u00eancia internacional, ca\u00eda 5,20%, para 87,87 d\u00f3lares, em rela\u00e7\u00e3o ao pre\u00e7o de fechamento, alguns minutos antes. O West Texas Intermediate (WTI) perdia 7,47%, para 84,11 d\u00f3lares. Os pre\u00e7os dispararam nos \u00faltimos dez dias, diante das dificuldades de abastecimento a partir do Oriente M\u00e9dio devido ao conflito.<\/p>\n<p><em>*Em atualiza\u00e7\u00e3o\u00a0<\/em><\/p>\n<\/p><\/div>\n<p>                <!--\/meta-->\n            <\/div>\n<p><script async src=\"https:\/\/connect.facebook.net\/pt_BR\/all.js#xfbml=1\"><\/script><br \/>\n<br \/><br \/>\n<br \/><a href=\"https:\/\/jovempan.com.br\/noticias\/economia\/trump-anuncia-eliminacao-de-sancoes-ao-petroleo-em-plena-guerra-com-ira.html\">Fonte: Jovem Pan <\/a><\/p>\n","protected":false},"excerpt":{"rendered":"<p>Desde o come\u00e7o da guerra em 28 de fevereiro o pre\u00e7o do petr\u00f3leo subiu e chegou \u00e0 US$ 100 por barril, atingindo o maior n\u00edvel desde fevereiro de 2022 Joe Raedle\/Getty Images via AFP Petr\u00f3leo teve sua maior cota\u00e7\u00e3o desde 2022 com a guerra no ir\u00e3 O presidente dos Estados Unidos, Donald Trump, informou nesta [&hellip;]<\/p>\n","protected":false},"author":1,"featured_media":1369,"comment_status":"open","ping_status":"open","sticky":false,"template":"","format":"standard","meta":{"fifu_image_url":"https:\/\/jpimg.com.br\/uploads\/2024\/08\/063_1220175219.jpg","fifu_image_alt":"","footnotes":""},"categories":[1],"tags":[],"class_list":{"0":"post-1368","1":"post","2":"type-post","3":"status-publish","4":"format-standard","5":"has-post-thumbnail","7":"category-noticias"},"_links":{"self":[{"href":"https:\/\/www.revistacomercio.com.br\/index.php\/wp-json\/wp\/v2\/posts\/1368","targetHints":{"allow":["GET"]}}],"collection":[{"href":"https:\/\/www.revistacomercio.com.br\/index.php\/wp-json\/wp\/v2\/posts"}],"about":[{"href":"https:\/\/www.revistacomercio.com.br\/index.php\/wp-json\/wp\/v2\/types\/post"}],"author":[{"embeddable":true,"href":"https:\/\/www.revistacomercio.com.br\/index.php\/wp-json\/wp\/v2\/users\/1"}],"replies":[{"embeddable":true,"href":"https:\/\/www.revistacomercio.com.br\/index.php\/wp-json\/wp\/v2\/comments?post=1368"}],"version-history":[{"count":0,"href":"https:\/\/www.revistacomercio.com.br\/index.php\/wp-json\/wp\/v2\/posts\/1368\/revisions"}],"wp:featuredmedia":[{"embeddable":true,"href":"https:\/\/www.revistacomercio.com.br\/index.php\/wp-json\/wp\/v2\/media\/1369"}],"wp:attachment":[{"href":"https:\/\/www.revistacomercio.com.br\/index.php\/wp-json\/wp\/v2\/media?parent=1368"}],"wp:term":[{"taxonomy":"category","embeddable":true,"href":"https:\/\/www.revistacomercio.com.br\/index.php\/wp-json\/wp\/v2\/categories?post=1368"},{"taxonomy":"post_tag","embeddable":true,"href":"https:\/\/www.revistacomercio.com.br\/index.php\/wp-json\/wp\/v2\/tags?post=1368"}],"curies":[{"name":"wp","href":"https:\/\/api.w.org\/{rel}","templated":true}]}}