{"id":1366,"date":"2026-03-09T13:15:35","date_gmt":"2026-03-09T13:15:35","guid":{"rendered":"https:\/\/www.revistacomercio.com.br\/index.php\/2026\/03\/09\/boletim-focus-mercado-aumenta-previsao-para-a-taxa-de-juros-em-2026\/"},"modified":"2026-03-09T13:15:35","modified_gmt":"2026-03-09T13:15:35","slug":"boletim-focus-mercado-aumenta-previsao-para-a-taxa-de-juros-em-2026","status":"publish","type":"post","link":"https:\/\/www.revistacomercio.com.br\/index.php\/2026\/03\/09\/boletim-focus-mercado-aumenta-previsao-para-a-taxa-de-juros-em-2026\/","title":{"rendered":"Boletim Focus: mercado aumenta previs\u00e3o para a taxa de juros em 2026"},"content":{"rendered":"<p> <br \/>\n<\/p>\n<p>Estimativas para o crescimento da economia e para a infla\u00e7\u00e3o ficaram est\u00e1veis; documento do Banco Central tamb\u00e9m aponta d\u00f3lar a R$ 5,41<\/p>\n<div wp_automatic_readability=\"123.11667723526\">\n<div class=\"post_image\"><span class=\"image_fonte\">Marcos Santos \/ USP <\/span><picture><source media=\"(max-width: 799px)\" srcset=\"https:\/\/jpimg.com.br\/uploads\/2018\/05\/fies_aumento-850x567.jpg\"><source media=\"(min-width: 800px)\" srcset=\"https:\/\/jpimg.com.br\/uploads\/2018\/05\/fies_aumento-850x567.jpg\"><img decoding=\"async\" class=\"img-responsive type:primaryImage\" src=\"https:\/\/jpimg.com.br\/uploads\/2018\/05\/fies_aumento-850x567.jpg\" alt=\"Ap\u00f3s seis anos de quedas sucessivas, o Comit\u00ea de Pol\u00edtica Monet\u00e1ria do Banco Central elevou a taxa b\u00e1sica de juros para 2,75% em mar\u00e7o de 2021; entenda o motivo\" id=\"zoom-img\"><br \/>\n                                        <\/source><\/source><\/picture><span class=\"image_credits\">Boletim Focus: mercado aumenta previs\u00e3o para a taxa de juros em 2026<br \/><\/span><\/div>\n<p><?xml encoding=\"UTF-8\"???><\/p>\n<p>O mercado financeiro aumentou a <strong>previs\u00e3o para a taxa b\u00e1sica de juros<\/strong>, a Selic, para o fim de 2026. A estimativa passou de <strong>12%<\/strong> para <strong>12,13%<\/strong> ao ano. A informa\u00e7\u00e3o faz parte do Boletim Focus, divulgado nesta segunda-feira (9) pelo Banco Central (BC).<\/p>\n<p>Por outro lado, as <strong>previs\u00f5es para a infla\u00e7\u00e3o<\/strong> (IPCA), para o <strong>crescimento da economia<\/strong> (PIB) e para o <strong>pre\u00e7o do d\u00f3lar<\/strong> <strong>sofreram poucas mudan\u00e7as<\/strong>.<\/p>\n<p>A expectativa para a taxa Selic no fim de 2026 subiu de 12% para <strong>12,13%<\/strong>. Para 2027, a estimativa continuou em <strong>10,50%<\/strong> pela 56\u00aa semana seguida. J\u00e1 para 2028 e 2029, o mercado espera taxas de <strong>10%<\/strong> e <strong>9,50%<\/strong>, respectivamente.<\/p>\n<p>Em janeiro, o Banco Central manteve a Selic em 15% ao ano pela quinta vez seguida. No entanto, o \u00f3rg\u00e3o indicou que <strong>pode come\u00e7ar a baixar os juros<\/strong> na pr\u00f3xima reuni\u00e3o, marcada para mar\u00e7o, desde que os pre\u00e7os continuem controlados e a infla\u00e7\u00e3o caia em dire\u00e7\u00e3o \u00e0 meta.<\/p>\n<h2>IPCA<\/h2>\n<p>A previs\u00e3o para a infla\u00e7\u00e3o oficial do pa\u00eds em 2026 ficou <strong>parada em 3,91%<\/strong>. Esse valor est\u00e1 <strong>um pouco acima da meta ideal perseguida pelo governo<\/strong>, que \u00e9 de 3%. Para 2027, a estimativa subiu muito pouco: de 3,79% para 3,80%. Para 2028 e 2029, seguiu em 3,50%.<\/p>\n<p>Vale lembrar que o Brasil encerrou 2025 com uma infla\u00e7\u00e3o de 4,26%, segundo o IBGE. Esse n\u00famero foi melhor do que o esperado pelos economistas. A partir de 2025, a regra da infla\u00e7\u00e3o mudou e passou a ser cont\u00ednua: o centro da meta \u00e9 de 3%, podendo variar at\u00e9 4,5% ou cair at\u00e9 1,5%. Se os pre\u00e7os ficarem fora dessa faixa por seis meses seguidos, considera-se que o Banco Central perdeu o controle da meta.<\/p>\n<h2>Crescimento do PIB<\/h2>\n<p>A previs\u00e3o do mercado para o crescimento do Produto Interno Bruto (PIB) em 2026 <strong>continuou em 1,82%<\/strong>.<\/p>\n<p>Recentemente, o pr\u00f3prio Banco Central ficou mais otimista e <strong>elevou sua estimativa de crescimento do pa\u00eds para este ano<\/strong>, passando de 2% para 2,3%. Essa melhora aconteceu, principalmente, pelo <strong>bom resultado do agroneg\u00f3cio no primeiro semestre<\/strong> e pelo <strong>desempenho da economia acima do esperado no fim do ano passado<\/strong>.<\/p>\n<p>Para o longo prazo, a previs\u00e3o do relat\u00f3rio Focus \u00e9 de um crescimento de 1,80% em 2027, e de 2% para os anos de 2028 e 2029.<\/p>\n<h2>D\u00f3lar<\/h2>\n<p>A estimativa para o valor do d\u00f3lar no fim de 2026 <strong>caiu levemente<\/strong>, passando de R$ 5,42 para R$ 5,41.<\/p>\n<p>Para os anos seguintes (2027, 2028 e 2029), a previs\u00e3o do mercado <strong>estacionou em R$ 5,50<\/strong>.<\/p>\n<p>O d\u00f3lar encerrou o ano de 2025 custando R$ 5,48, o que representou uma <strong>queda de 11,18%<\/strong> em rela\u00e7\u00e3o ao real. O dinheiro brasileiro se fortaleceu nos \u00faltimos meses devido ao <strong>enfraquecimento do d\u00f3lar no mundo todo<\/strong> e tamb\u00e9m porque a taxa de juros alta no Brasil (15% ao ano) acabou <strong>atraindo muito dinheiro de investidores estrangeiros<\/strong>.<\/p>\n<p>No Boletim Focus, a proje\u00e7\u00e3o anual do d\u00f3lar \u00e9 calculada com base na m\u00e9dia da cota\u00e7\u00e3o durante todo o m\u00eas de dezembro, e n\u00e3o no valor exato do \u00faltimo dia do ano.<\/p>\n<p><em>*Com informa\u00e7\u00f5es do Estad\u00e3o Conte\u00fado<\/em><\/p>\n<\/p><\/div>\n<p><script async src=\"https:\/\/connect.facebook.net\/pt_BR\/all.js#xfbml=1\"><\/script><br \/>\n<br \/><br \/>\n<br \/><a href=\"https:\/\/jovempan.com.br\/noticias\/economia\/boletim-focus-mercado-aumenta-previsao-para-a-taxa-de-juros-em-2026.html\">Fonte: Jovem Pan <\/a><\/p>\n","protected":false},"excerpt":{"rendered":"<p>Estimativas para o crescimento da economia e para a infla\u00e7\u00e3o ficaram est\u00e1veis; documento do Banco Central tamb\u00e9m aponta d\u00f3lar a R$ 5,41 Marcos Santos \/ USP Boletim Focus: mercado aumenta previs\u00e3o para a taxa de juros em 2026 O mercado financeiro aumentou a previs\u00e3o para a taxa b\u00e1sica de juros, a Selic, para o fim [&hellip;]<\/p>\n","protected":false},"author":1,"featured_media":1367,"comment_status":"open","ping_status":"open","sticky":false,"template":"","format":"standard","meta":{"fifu_image_url":"https:\/\/jpimg.com.br\/uploads\/2018\/05\/fies_aumento-850x567.jpg","fifu_image_alt":"","footnotes":""},"categories":[1],"tags":[],"class_list":{"0":"post-1366","1":"post","2":"type-post","3":"status-publish","4":"format-standard","5":"has-post-thumbnail","7":"category-noticias"},"_links":{"self":[{"href":"https:\/\/www.revistacomercio.com.br\/index.php\/wp-json\/wp\/v2\/posts\/1366","targetHints":{"allow":["GET"]}}],"collection":[{"href":"https:\/\/www.revistacomercio.com.br\/index.php\/wp-json\/wp\/v2\/posts"}],"about":[{"href":"https:\/\/www.revistacomercio.com.br\/index.php\/wp-json\/wp\/v2\/types\/post"}],"author":[{"embeddable":true,"href":"https:\/\/www.revistacomercio.com.br\/index.php\/wp-json\/wp\/v2\/users\/1"}],"replies":[{"embeddable":true,"href":"https:\/\/www.revistacomercio.com.br\/index.php\/wp-json\/wp\/v2\/comments?post=1366"}],"version-history":[{"count":0,"href":"https:\/\/www.revistacomercio.com.br\/index.php\/wp-json\/wp\/v2\/posts\/1366\/revisions"}],"wp:featuredmedia":[{"embeddable":true,"href":"https:\/\/www.revistacomercio.com.br\/index.php\/wp-json\/wp\/v2\/media\/1367"}],"wp:attachment":[{"href":"https:\/\/www.revistacomercio.com.br\/index.php\/wp-json\/wp\/v2\/media?parent=1366"}],"wp:term":[{"taxonomy":"category","embeddable":true,"href":"https:\/\/www.revistacomercio.com.br\/index.php\/wp-json\/wp\/v2\/categories?post=1366"},{"taxonomy":"post_tag","embeddable":true,"href":"https:\/\/www.revistacomercio.com.br\/index.php\/wp-json\/wp\/v2\/tags?post=1366"}],"curies":[{"name":"wp","href":"https:\/\/api.w.org\/{rel}","templated":true}]}}