{"id":1362,"date":"2026-03-08T22:10:26","date_gmt":"2026-03-08T22:10:26","guid":{"rendered":"https:\/\/www.revistacomercio.com.br\/index.php\/2026\/03\/08\/ex-de-vorcaro-contrata-assessoria-para-se-descolar-do-banqueiro\/"},"modified":"2026-03-08T22:10:26","modified_gmt":"2026-03-08T22:10:26","slug":"ex-de-vorcaro-contrata-assessoria-para-se-descolar-do-banqueiro","status":"publish","type":"post","link":"https:\/\/www.revistacomercio.com.br\/index.php\/2026\/03\/08\/ex-de-vorcaro-contrata-assessoria-para-se-descolar-do-banqueiro\/","title":{"rendered":"Ex de Vorcaro contrata assessoria para se descolar do banqueiro"},"content":{"rendered":"<p> <br \/>\n<\/p>\n<div wp_automatic_readability=\"149\">\n<div class=\"post_image\"><span class=\"image_fonte\">Reprodu\u00e7\u00e3o<\/span><picture><source media=\"(max-width: 799px)\" srcset=\"https:\/\/jpimg.com.br\/uploads\/2026\/03\/screenshot-2026-03-08-190257-345x155.png\"><source media=\"(min-width: 800px)\" srcset=\"https:\/\/jpimg.com.br\/uploads\/2026\/03\/screenshot-2026-03-08-190257.png\"><img decoding=\"async\" class=\"img-responsive type:primaryImage\" src=\"https:\/\/jpimg.com.br\/uploads\/2026\/03\/screenshot-2026-03-08-190257.png\" alt=\"ff\" id=\"zoom-img\"><br \/>\n                                        <\/source><\/source><\/picture><span class=\"image_credits\">Ex-namorada de Vorcaro contrata assessoria e advogado e age para se desvincular do banqueiro<br \/><\/span><\/div>\n<p><?xml encoding=\"UTF-8\"???><\/p>\n<p>A influenciadora Martha Graeff, ex-namorada de Daniel Vorcaro, contratou uma assessoria e um advogado e faz quest\u00e3o de se desvincular do banqueiro, de quem diz ter se separado h\u00e1 meses. Vorcaro foi preso pela segunda vez na \u00faltima quarta-feira, 4, e est\u00e1 preso na Penitenci\u00e1ria Federal em Bras\u00edlia.<\/p>\n<p>Vorcaro foi alvo da na terceira fase da Opera\u00e7\u00e3o Compliance Zero, que apura suspeitas de irregularidades na gest\u00e3o do banco. A Pol\u00edcia Federal diz que ele comanda uma organiza\u00e7\u00e3o criminosa, tinha \u2018bra\u00e7o armado\u2019 e s\u00f3 poderia ser neutralizado com pris\u00e3o.<\/p>\n<p>Martha Graeff n\u00e3o foi alvo da opera\u00e7\u00e3o e seu nome veio a p\u00fablico em raz\u00e3o de terem vindo a p\u00fablico trocas de mensagens entre eles presentes no telefone celular de Vorcaro, que foi periciado pela PF. Nos di\u00e1logos, em meio a mensagens de car\u00e1ter pessoal, Vorcaro fala de encontros com autoridades e cita pol\u00edticos e o ministro do STF Alexandre de Moraes.<\/p>\n<p>A nova assessoria contratada por Martha Graeff buscou a imprensa para informar que ela e Vorcaro j\u00e1 n\u00e3o est\u00e1 juntos \u201ch\u00e1 alguns meses\u201d. Al\u00e9m disso, enfatizou que o relacionamento entre eles teria se dado \u00e0 dist\u00e2ncia.<\/p>\n<p>\u201cMartha vive fora do Brasil h\u00e1 cerca de 20 anos, atualmente em Miami, e tamb\u00e9m n\u00e3o vai ao Brasil h\u00e1 alguns meses\u201d, diz a assessoria.<\/p>\n<p>Al\u00e9m disso, Martha Graeff destaca que n\u00e3o tinha qualquer rela\u00e7\u00e3o com os neg\u00f3cios de Vorcaro, agora sob investiga\u00e7\u00e3o.<\/p>\n<p>\u201cAs mensagens que v\u00eam sendo mencionadas publicamente referem-se a conversas privadas trocadas durante o per\u00edodo em que estavam em um relacionamento, em um contexto estritamente pessoal, como qualquer casal que compartilha aspectos do seu dia a dia. Martha nunca participou ou teve qualquer envolvimento com os neg\u00f3cios ou atividades profissionais de Daniel Vorcaro\u201d, diz uma nota da assessoria.<\/p>\n<p>Em outra nota, o advogado L\u00facio de Constantino diz que Martha Graeff \u201cresta consternada em face da grave viol\u00eancia que vem sofrendo, considerando a exposi\u00e7\u00e3o manifestamente ilegal e impressionantemente in\u00fatil de mensagens fragmentadas trocadas no sagrado ambiente restrito da intimidade de casal.\u201d Ele tamb\u00e9m fala em valer-se de medidas judiciais e extrajudiciais para salvaguardar os direitos da cliente.<\/p>\n<p>Como mostrou o Estad\u00e3o, Vorcaro fez uma festa de noivado de luxo em Roma, na It\u00e1lia, e planejou um festival milion\u00e1rio com Coldplay para celebrar o momento com Martha Graeff. O dono do Master chegou a planejar evento de R$ 200 milh\u00f5es com artistas internacionais em cen\u00e1rio de \u201cO Poderoso Chef\u00e3o\u201d.<\/p>\n<p>Al\u00e9m disso, Vorcaro e ex-namorada fizeram planos para carnaval no Rio com a filha de Trump. Mensagens obtidas pela Pol\u00edcia Federal mostram que Martha tem proximidade com Ivanka Trump: \u201cEla n\u00e3o para de mandar mensagem sobre o carnaval\u201d.<\/p>\n<p><strong>Leia a nota da assessoria de Martha Graeff:<\/strong><\/p>\n<p><em>\u201cMartha Graeff e Daniel Vorcaro n\u00e3o est\u00e3o mais juntos h\u00e1 alguns meses.<\/em><\/p>\n<p><em>O relacionamento entre eles foi \u00e0 dist\u00e2ncia. Martha vive fora do Brasil h\u00e1 cerca de 20 anos, atualmente em Miami, e tamb\u00e9m n\u00e3o vai ao Brasil h\u00e1 alguns meses.<\/em><\/p>\n<p><em>As mensagens que v\u00eam sendo mencionadas publicamente referem-se a conversas privadas trocadas durante o per\u00edodo em que estavam em um relacionamento, em um contexto estritamente pessoal, como qualquer casal que compartilha aspectos do seu dia a dia. Martha nunca participou ou teve qualquer envolvimento com os neg\u00f3cios ou atividades profissionais de Daniel Vorcaro.\u201d<\/em><\/p>\n<p><strong>Leia a nota do advogado de Martha Graeff:<\/strong><\/p>\n<p><em>\u201cSra. Martha Graeff, atrav\u00e9s de seu advogado, informa que resta consternada em face da grave viol\u00eancia que vem sofrendo, considerando a exposi\u00e7\u00e3o manifestamente ilegal e impressionantemente in\u00fatil de mensagens fragmentadas trocadas no sagrado ambiente restrito da intimidade de casal.<\/em><\/p>\n<p><em>Importa destacar que a Sra. Martha Graeff n\u00e3o mant\u00e9m relacionamento com o Sr. Daniel Vorcaro h\u00e1 meses, sendo imperioso ressaltar que ela jamais esteve envolvida em qualquer tipo de ilicitude penal.<\/em><\/p>\n<p><em>Entrementes, a referida publiciza\u00e7\u00e3o, eivada de manifesto desvio de finalidade, mostra-se n\u00e3o apenas in\u00f3cua a qualquer procedimento investigativo penal, mas subversiva aos valores morais e garantias constitucionais que asseguram a inviolabilidade da intimidade. Na realidade, tal difus\u00e3o serve mais \u00e0 desregrada vilipendia\u00e7\u00e3o da esfera privada feminina, que no contexto brasileiro ainda \u00e9 tema que merece prudente aten\u00e7\u00e3o, n\u00e3o havendo falar em recrea\u00e7\u00e3o com devassamento da vida privada de uma mulher.<\/em><\/p>\n<p><em>Dessarte, a presente serve para comunicar que a Sra. Martha Graeff adotar\u00e1, com a presteza necess\u00e1ria, todas as provid\u00eancias cab\u00edveis para a salvaguarda de seus direitos, n\u00e3o hesitando em valer-se das medidas judiciais e extrajudiciais pertinentes em face daqueles que venham atentar contra a sua integridade ou privacidade.\u201d<\/em><\/p>\n<p>*Estad\u00e3o Conte\u00fado<\/p>\n<\/p><\/div>\n<p><script async src=\"https:\/\/connect.facebook.net\/pt_BR\/all.js#xfbml=1\"><\/script><br \/>\n<br \/><br \/>\n<br \/><a href=\"https:\/\/jovempan.com.br\/noticias\/economia\/ex-de-vorcaro-contrata-assessoria-para-se-descolar-do-banqueiro.html\">Fonte: Jovem Pan <\/a><\/p>\n","protected":false},"excerpt":{"rendered":"<p>Reprodu\u00e7\u00e3o Ex-namorada de Vorcaro contrata assessoria e advogado e age para se desvincular do banqueiro A influenciadora Martha Graeff, ex-namorada de Daniel Vorcaro, contratou uma assessoria e um advogado e faz quest\u00e3o de se desvincular do banqueiro, de quem diz ter se separado h\u00e1 meses. Vorcaro foi preso pela segunda vez na \u00faltima quarta-feira, 4, [&hellip;]<\/p>\n","protected":false},"author":1,"featured_media":1363,"comment_status":"open","ping_status":"open","sticky":false,"template":"","format":"standard","meta":{"fifu_image_url":"https:\/\/jpimg.com.br\/uploads\/2026\/03\/screenshot-2026-03-08-190257.png","fifu_image_alt":"","footnotes":""},"categories":[1],"tags":[],"class_list":{"0":"post-1362","1":"post","2":"type-post","3":"status-publish","4":"format-standard","5":"has-post-thumbnail","7":"category-noticias"},"_links":{"self":[{"href":"https:\/\/www.revistacomercio.com.br\/index.php\/wp-json\/wp\/v2\/posts\/1362","targetHints":{"allow":["GET"]}}],"collection":[{"href":"https:\/\/www.revistacomercio.com.br\/index.php\/wp-json\/wp\/v2\/posts"}],"about":[{"href":"https:\/\/www.revistacomercio.com.br\/index.php\/wp-json\/wp\/v2\/types\/post"}],"author":[{"embeddable":true,"href":"https:\/\/www.revistacomercio.com.br\/index.php\/wp-json\/wp\/v2\/users\/1"}],"replies":[{"embeddable":true,"href":"https:\/\/www.revistacomercio.com.br\/index.php\/wp-json\/wp\/v2\/comments?post=1362"}],"version-history":[{"count":0,"href":"https:\/\/www.revistacomercio.com.br\/index.php\/wp-json\/wp\/v2\/posts\/1362\/revisions"}],"wp:featuredmedia":[{"embeddable":true,"href":"https:\/\/www.revistacomercio.com.br\/index.php\/wp-json\/wp\/v2\/media\/1363"}],"wp:attachment":[{"href":"https:\/\/www.revistacomercio.com.br\/index.php\/wp-json\/wp\/v2\/media?parent=1362"}],"wp:term":[{"taxonomy":"category","embeddable":true,"href":"https:\/\/www.revistacomercio.com.br\/index.php\/wp-json\/wp\/v2\/categories?post=1362"},{"taxonomy":"post_tag","embeddable":true,"href":"https:\/\/www.revistacomercio.com.br\/index.php\/wp-json\/wp\/v2\/tags?post=1362"}],"curies":[{"name":"wp","href":"https:\/\/api.w.org\/{rel}","templated":true}]}}