{"id":1356,"date":"2026-03-07T16:08:51","date_gmt":"2026-03-07T16:08:51","guid":{"rendered":"https:\/\/www.revistacomercio.com.br\/index.php\/2026\/03\/07\/defesa-de-vorcaro-pede-acesso-a-pericia-de-celulares-apreendidos\/"},"modified":"2026-03-07T16:08:51","modified_gmt":"2026-03-07T16:08:51","slug":"defesa-de-vorcaro-pede-acesso-a-pericia-de-celulares-apreendidos","status":"publish","type":"post","link":"https:\/\/www.revistacomercio.com.br\/index.php\/2026\/03\/07\/defesa-de-vorcaro-pede-acesso-a-pericia-de-celulares-apreendidos\/","title":{"rendered":"Defesa de Vorcaro pede acesso \u00e0 per\u00edcia de celulares apreendidos"},"content":{"rendered":"<p> <br \/>\n<\/p>\n<div wp_automatic_readability=\"86\">\n<div class=\"post_image\"><span class=\"image_fonte\">Reprodu\u00e7\u00e3o<\/span><picture><source media=\"(max-width: 799px)\" srcset=\"https:\/\/jpimg.com.br\/uploads\/2025\/11\/imagem-jvp-20-1-345x207.png\"><source media=\"(min-width: 800px)\" srcset=\"https:\/\/jpimg.com.br\/uploads\/2025\/11\/imagem-jvp-20-1-750x450.png\"><img decoding=\"async\" class=\"img-responsive type:primaryImage\" src=\"https:\/\/jpimg.com.br\/uploads\/2025\/11\/imagem-jvp-20-1-750x450.png\" alt=\"Daniel Vorcaro, do Banco Master\" id=\"zoom-img\"><br \/>\n                                        <\/source><\/source><\/picture><span class=\"image_credits\">Daniel Vorcaro, do Banco Master. <br \/><\/span><\/div>\n<p><?xml encoding=\"UTF-8\"???><\/p>\n<p>A defesa do banqueiro Daniel Vorcaro, dono do Banco Master, reiterou neste s\u00e1bado (7) ao Supremo Tribuna Federal (STF) um pedido de acesso \u00e0s per\u00edcias realizadas pela Pol\u00edcia Federal (PF) nos aparelhos eletr\u00f4nicos que foram apreendidos na investiga\u00e7\u00e3o da Opera\u00e7\u00e3o Compliance Zero, que apura fraudes no banco.<\/p>\n<p>Segundo os advogados, o acesso foi solicitado no dia 14 de fevereiro para verificar a integridade do material e avaliar se houve o manuseio precipitado ou tecnicamente inadequado.<\/p>\n<p>A defesa quer acesso aos dados brutos extra\u00eddos dos celulares e outros dispositivos de Vorcaro.<\/p>\n<p>\u201cO objetivo \u00e9 permitir a an\u00e1lise independente por assistente t\u00e9cnico da defesa, conforme previsto na legisla\u00e7\u00e3o processual, garantindo que a prova digital seja examinada com transpar\u00eancia, integridade e respeito ao devido processo legal\u201d, declarou a defesa.<\/p>\n<p>Os advogados tamb\u00e9m demonstraram preocupa\u00e7\u00e3o com o vazamento de conversas pessoais do banqueiro.<\/p>\n<p>\u201cA defesa reiterou mais uma vez sua preocupa\u00e7\u00e3o com vazamentos seletivos de conte\u00fados que estariam sob sigilo judicial e reafirmou seu compromisso de utilizar qualquer material obtido exclusivamente para fins processuais, preservando o sigilo das informa\u00e7\u00f5es\u201d, completaram os advogados.<\/p>\n<p>Na sexta-feira (6), o ministro Andr\u00e9 Mendon\u00e7a, relator do caso, determinou a abertura de um inqu\u00e9rito na Pol\u00edcia Federal (PF) para investigar o vazamento.<br \/>Relembre o caso<\/p>\n<p>Daniel Vorcaro foi preso novamente na quarta-feira (4) de manh\u00e3 pela Pol\u00edcia Federal, na terceira fase da Opera\u00e7\u00e3o Compliance Zero.<\/p>\n<p>No ano passado, o empres\u00e1rio tamb\u00e9m foi alvo de um mandado de pris\u00e3o da opera\u00e7\u00e3o, mas ganhou direito \u00e0 liberdade provis\u00f3ria, mediante uso de tornozeleira eletr\u00f4nica.<\/p>\n<p>A nova pris\u00e3o foi fundamentada em mensagens encontradas no celular do banqueiro, apreendido na primeira fase da opera\u00e7\u00e3o. Nas mensagens, Vorcaro amea\u00e7a jornalistas e pessoas que teriam contrariado seus interesses.<\/p>\n<p>A Compliance Zero apura fraudes bilion\u00e1rias no Banco Master, que causaram um rombo de at\u00e9 R$ 47 bilh\u00f5es ao Fundo Garantidor de Cr\u00e9ditos para o ressarcimento a investidores.<\/p>\n<p>*Ag\u00eancia Brasil<\/p>\n<\/p><\/div>\n<p><script async src=\"https:\/\/connect.facebook.net\/pt_BR\/all.js#xfbml=1\"><\/script><br \/>\n<br \/><br \/>\n<br \/><a href=\"https:\/\/jovempan.com.br\/noticias\/economia\/defesa-de-vorcaro-pede-acesso-a-pericia-de-celulares-apreendidos.html\">Fonte: Jovem Pan <\/a><\/p>\n","protected":false},"excerpt":{"rendered":"<p>Reprodu\u00e7\u00e3o Daniel Vorcaro, do Banco Master. A defesa do banqueiro Daniel Vorcaro, dono do Banco Master, reiterou neste s\u00e1bado (7) ao Supremo Tribuna Federal (STF) um pedido de acesso \u00e0s per\u00edcias realizadas pela Pol\u00edcia Federal (PF) nos aparelhos eletr\u00f4nicos que foram apreendidos na investiga\u00e7\u00e3o da Opera\u00e7\u00e3o Compliance Zero, que apura fraudes no banco. Segundo os [&hellip;]<\/p>\n","protected":false},"author":1,"featured_media":1357,"comment_status":"open","ping_status":"open","sticky":false,"template":"","format":"standard","meta":{"fifu_image_url":"https:\/\/jpimg.com.br\/uploads\/2025\/11\/imagem-jvp-20-1.png","fifu_image_alt":"","footnotes":""},"categories":[1],"tags":[],"class_list":{"0":"post-1356","1":"post","2":"type-post","3":"status-publish","4":"format-standard","5":"has-post-thumbnail","7":"category-noticias"},"_links":{"self":[{"href":"https:\/\/www.revistacomercio.com.br\/index.php\/wp-json\/wp\/v2\/posts\/1356","targetHints":{"allow":["GET"]}}],"collection":[{"href":"https:\/\/www.revistacomercio.com.br\/index.php\/wp-json\/wp\/v2\/posts"}],"about":[{"href":"https:\/\/www.revistacomercio.com.br\/index.php\/wp-json\/wp\/v2\/types\/post"}],"author":[{"embeddable":true,"href":"https:\/\/www.revistacomercio.com.br\/index.php\/wp-json\/wp\/v2\/users\/1"}],"replies":[{"embeddable":true,"href":"https:\/\/www.revistacomercio.com.br\/index.php\/wp-json\/wp\/v2\/comments?post=1356"}],"version-history":[{"count":0,"href":"https:\/\/www.revistacomercio.com.br\/index.php\/wp-json\/wp\/v2\/posts\/1356\/revisions"}],"wp:featuredmedia":[{"embeddable":true,"href":"https:\/\/www.revistacomercio.com.br\/index.php\/wp-json\/wp\/v2\/media\/1357"}],"wp:attachment":[{"href":"https:\/\/www.revistacomercio.com.br\/index.php\/wp-json\/wp\/v2\/media?parent=1356"}],"wp:term":[{"taxonomy":"category","embeddable":true,"href":"https:\/\/www.revistacomercio.com.br\/index.php\/wp-json\/wp\/v2\/categories?post=1356"},{"taxonomy":"post_tag","embeddable":true,"href":"https:\/\/www.revistacomercio.com.br\/index.php\/wp-json\/wp\/v2\/tags?post=1356"}],"curies":[{"name":"wp","href":"https:\/\/api.w.org\/{rel}","templated":true}]}}