{"id":1344,"date":"2026-03-06T18:14:44","date_gmt":"2026-03-06T18:14:44","guid":{"rendered":"https:\/\/www.revistacomercio.com.br\/index.php\/2026\/03\/06\/petrobras-diz-que-politica-de-preco-sera-a-mesma-em-queda-ou-alta-do-petroleo\/"},"modified":"2026-03-06T18:14:44","modified_gmt":"2026-03-06T18:14:44","slug":"petrobras-diz-que-politica-de-preco-sera-a-mesma-em-queda-ou-alta-do-petroleo","status":"publish","type":"post","link":"https:\/\/www.revistacomercio.com.br\/index.php\/2026\/03\/06\/petrobras-diz-que-politica-de-preco-sera-a-mesma-em-queda-ou-alta-do-petroleo\/","title":{"rendered":"Petrobras diz que pol\u00edtica de pre\u00e7o ser\u00e1 a mesma em queda ou alta do petr\u00f3leo"},"content":{"rendered":"<p> <br \/>\n<\/p>\n<p>Magda Chambriard afirmou que a pol\u00edtica interna da companhia persiste \u201c\u00edntegra e s\u00f3lida\u201d, em um cen\u00e1rio de volatilidade<\/p>\n<div wp_automatic_readability=\"209.34782608696\">\n<div class=\"post_image\"><span class=\"image_fonte\">Fernando Fraz\u00e3o\/Ag\u00eancia Brasil<\/span><picture><source media=\"(max-width: 799px)\" srcset=\"https:\/\/jpimg.com.br\/uploads\/2025\/11\/design-sem-nome-2-2-345x207.png\"><source media=\"(min-width: 800px)\" srcset=\"https:\/\/jpimg.com.br\/uploads\/2025\/11\/design-sem-nome-2-2-750x450.png\"><img decoding=\"async\" class=\"img-responsive type:primaryImage\" src=\"https:\/\/jpimg.com.br\/uploads\/2025\/11\/design-sem-nome-2-2-750x450.png\" alt=\"Petrobras anuncia lucro l\u00edquido de R$ 32,7 bilh\u00f5es no terceiro trimestre de 2025\" id=\"zoom-img\"><br \/>\n                                        <\/source><\/source><\/picture><span class=\"image_credits\">Petrobr\u00e1s<br \/><\/span><\/div>\n<p><?xml encoding=\"UTF-8\"???><\/p>\n<p>A presidente da Petrobras, Magda Chambriard, disse que a pol\u00edtica interna da companhia<strong> persiste \u201c\u00edntegra e s\u00f3lida\u201d, em um cen\u00e1rio de volatilidade<\/strong>. \u201cN\u00f3s observamos as paridades internacionais de pre\u00e7os de petr\u00f3leo derivados sem repassar a volatilidade para o mercado interno brasileiro\u201d, afirmou.<\/p>\n<p>Para ela, n\u00e3o h\u00e1 d\u00favida nenhuma de que o momento \u00e9 de alta instabilidade geopol\u00edtica. Nesse contexto, ela afirma que a <strong>preocupa\u00e7\u00e3o \u00e9 deixar a empresa preparada<\/strong> para qualquer cen\u00e1rio que ocorra em rela\u00e7\u00e3o ao pre\u00e7o do petr\u00f3leo. \u201cSe ele for US$ 85 por barril, n\u00f3s temos que estar preparados, se for US$ 55, temos que estar igualmente preparados\u201d, disse.<\/p>\n<p>Ela lembrou que, no ano passado, a companhia conviveu com um pre\u00e7o do petr\u00f3leo superior a US$ 80 no in\u00edcio do ano e terminou com uma cota\u00e7\u00e3o de US$ 60 a US$ 59.<\/p>\n<p>\u201cA companhia entregou seus resultados e mostrou ser, vamos dizer assim, resiliente o suficiente para enfrentar essa varia\u00e7\u00e3o de cen\u00e1rio. No come\u00e7o deste ano, essa volatilidade est\u00e1 exacerbada por quest\u00f5es de guerra, mas a nossa pol\u00edtica interna persiste \u00edntegra e s\u00f3lida\u201d, afirmou Magda Chambriard.<\/p>\n<p>Para ela, a Petrobras conciliar a observa\u00e7\u00e3o de paridades internacionais, a valoriza\u00e7\u00e3o dos seus produtos e ao mesmo tempo atentar para o seu espa\u00e7o em termos de ocupa\u00e7\u00e3o do mercado brasileiro, <strong>\u201cn\u00e3o \u00e9 mais um tema\u201d<\/strong>.<\/p>\n<p>Ela diz que tem recebido muitas perguntas sobre se a pol\u00edtica de pre\u00e7os que valeu na queda do petr\u00f3leo vai valer na alta. \u201cE a nossa resposta <strong>\u00e9 sim, vale a mesma coisa at\u00e9 agora\u201d,<\/strong> disse.<\/p>\n<p>Magda afirmou que \u00e9 preciso uma <strong>tend\u00eancia mais clara sobre os pre\u00e7os do petr\u00f3leo<\/strong> para que a estatal decida fazer ajustes em seus pre\u00e7os. Contudo, ponderou que a persist\u00eancia da volatilidade demanda aten\u00e7\u00e3o. \u201cSe essa volatilidade for t\u00e3o grande, essa subida do pre\u00e7o for t\u00e3o grande assim, certamente vai exigir, vamos dizer assim, respostas mais r\u00e1pidas que exigiriam se a subida fosse mais lenta\u201d, disse.<\/p>\n<p>O pre\u00e7o do Brent chegou a ficar acima de US$ 90 ao longo da manh\u00e3 desta sexta-feira. \u201cNo momento, a gente n\u00e3o tem certeza se \u00e9 essa a premissa\u201d, destacou a executiva.<\/p>\n<p>O diretor de Log\u00edstica, Comercializa\u00e7\u00e3o e Mercados da Petrobras, Claudio Schlosser, endossou que, como parte da estrat\u00e9gia de ser \u201ca melhor alternativa do cliente\u201d, o <strong>olhar para as cota\u00e7\u00f5es internacionais<\/strong> faz parte do trabalho di\u00e1rio da estatal.<\/p>\n<p>\u201cN\u00f3s estamos com uma <strong>produ\u00e7\u00e3o bastante significativa de \u00f3leo<\/strong>, as refinarias est\u00e3o com uma performance padr\u00e3o classe mundial. A estrat\u00e9gia comercial tem, como princ\u00edpio fundamental, n\u00e3o transferir ent\u00e3o essa volatilidade. O fator tempo \u00e9 o que temos de mais relevante no momento\u201d, pontuou ele.<\/p>\n<p>Magda ainda acrescentou que a companhia continua a importar o que precisa e exportar o que precisa no cen\u00e1rio atual. \u201cE o nosso caixa continua objeto da nossa aten\u00e7\u00e3o para garantir a resili\u00eancia da companhia\u201d, disse.<\/p>\n<h2>Lucro em 2025<\/h2>\n<p>A Petrobras encerrou 2025 com lucro l\u00edquido de US$ 19,634 bilh\u00f5es, 160,8% <strong>maior que o registrado em 2024.<\/strong><\/p>\n<p>A produ\u00e7\u00e3o total de \u00f3leo e g\u00e1s natural da Petrobras alcan\u00e7ou <strong>3 milh\u00f5es de barris de \u00f3leo<\/strong> equivalente por dia (boed) no ano passado.<\/p>\n<h2>Per\u00edodo \u2018inusitado\u2019<\/h2>\n<p>Schlosser enfatizou que o Plano de Neg\u00f3cios da estatal de 2026-2030 j\u00e1 previa uma faixa de pre\u00e7o de petr\u00f3leo larga para \u201ccobrir\u201d as necessidades da empresa. J\u00e1 ao analisar o cen\u00e1rio de curto prazo para a commodity, diante da ofensiva dos Estados Unidos e Israel contra o Ir\u00e3, definiu como um<strong> \u201cper\u00edodo inusitado\u201d.<\/strong><\/p>\n<p>\u201cTemos fotos de oferta e demanda diferentes a cada momento. H\u00e1 pouco tempo se falava de petr\u00f3leo a US$ 50 e, h\u00e1 poucos dias, vimos o mercado congelado diante do choque de derivados\u201d, analisou, durante a teleconfer\u00eancia de resultados do quarto trimestre de 2025. \u201cAgora vemos os <strong>fretes se ajustando<\/strong> e a foto do momento \u00e9 que isso se reflete favoravelmente \u00e0 Petrobras, mesmo com a alta do frete.\u201d<\/p>\n<p>Ele ainda disse que a estatal tem<strong> posi\u00e7\u00e3o privilegiada<\/strong> em rela\u00e7\u00e3o a outros pares por estar fora da zona de conflito e garantiu que n\u00e3o h\u00e1 reflexos no planejamento log\u00edstico dos derivados. \u201cOtimizamos nossa infraestrutura robusta, identificamos as frentes de importa\u00e7\u00e3o de derivados mais atrativas e conseguimos fazer as negocia\u00e7\u00f5es dentro do planejamento. Os navios que est\u00e3o apontados para c\u00e1 (Brasil) v\u00e3o chegar normalmente\u201d, enfatizou.<\/p>\n<p>O diretor de Processos Industriais e Produtos, William Fran\u00e7a, refor\u00e7ou a mensagem. \u201cO refino est\u00e1 sendo otimizado, vamos fechar o trimestre de 2026 com 95% de Fator de Utiliza\u00e7\u00e3o (Fut)\u201d No quarto trimestre de 2025, o Fut das refinarias caiu para 89%, ante 95% no mesmo trimestre um ano antes.<\/p>\n<p>Sobre abastecimento, os executivos enfatizaram que a Petrobras <strong>n\u00e3o \u00e9 o \u00fanico ator do mercado.<\/strong><\/p>\n<h2>Oportunidades de crescimento<\/h2>\n<p>Magda enfatizou que ainda h\u00e1 grandes oportunidades de cria\u00e7\u00e3o de crescimento para a empresa e gera\u00e7\u00e3o de valor mesmo em meio \u00e0s instabilidades geopol\u00edticas que acentuam a volatilidade do mercado de petr\u00f3leo.<\/p>\n<p>\u201cA Petrobras est\u00e1 imbu\u00edda do prop\u00f3sito de fazer essa uma empresa cada vez maior, que cresce junto com o Brasil\u201d, disse ela, durante a teleconfer\u00eancia. \u201cEstamos construindo uma <strong>empresa diversificada,<\/strong> preparada para enfrentar a volatilidade do mercado de petr\u00f3leo, t\u00e3o inst\u00e1vel quanto o que estamos vivendo hoje.\u201d<\/p>\n<p>A executiva reiterou que a empresa est\u00e1 preparada para fazer uma transi\u00e7\u00e3o energ\u00e9tica justa e o posicionamento tem apresentado resultados financeiros positivos.<\/p>\n<p>\u201cEstamos fazendo um <strong>bom dinheiro colocando bunker<\/strong> (combust\u00edvel para transporte mar\u00edtimo) com 24% de combust\u00edvel renov\u00e1vel no mercado asi\u00e1tico\u201d, exemplificou. \u201cTivemos \u00f3timas not\u00edcias em 2025 na \u00e1rea de g\u00e1s, especialmente com o Complexo de Boaventura\u201d, complementou.<\/p>\n<h2>Exporta\u00e7\u00f5es<\/h2>\n<p>A presidente da Petrobras enfatizou a <strong>reposi\u00e7\u00e3o de reservas da estatal em 2025<\/strong>, ano de recorde de produ\u00e7\u00e3o e exporta\u00e7\u00e3o de petr\u00f3leo. \u201cExportamos quase 1 milh\u00e3o de barris por dias. A P-79 est\u00e1 ancorada e em breve ir\u00e1 come\u00e7ar a produzir de forma antecipada, o Campo de Tupi\/Iracema se recuperou e voltamos a produzir 1 milh\u00e3o de boed\u201d, destacou.<\/p>\n<p>Magda afirmou ainda que a <strong>supera\u00e7\u00e3o de metas tem sido constante<\/strong> na companhia, na produ\u00e7\u00e3o, refino e exporta\u00e7\u00e3o. Ela disse tamb\u00e9m que a gest\u00e3o fechou contratos de obras de refinarias abaixo do valor previsto. \u201cTemos produzido mais e melhor, com menos recursos\u201d, disse.<\/p>\n<h2>Celebra\u00e7\u00e3o dos resultados em 2025<\/h2>\n<p>Magda celebrou o resultado da companhia alcan\u00e7ado em 2025. Ela enfatizou que a estatal teve um ano <strong>\u201csem precedentes na produ\u00e7\u00e3o\u201d<\/strong> mesmo num cen\u00e1rio de press\u00e3o por conta do pre\u00e7o do petr\u00f3leo brent. \u201cEstamos extremamente orgulhosos do nosso trabalho t\u00e9cnico. Repito algo que n\u00e3o me canso: quem apostar contra a Petrobras vai perder\u201d, disse.<\/p>\n<p>E enfatizou: \u201cFoi o crescimento da produ\u00e7\u00e3o que <strong>permitiu mitigar a grande queda do pre\u00e7o do petr\u00f3leo.<\/strong> Supera\u00e7\u00e3o de metas tem sido algo constante na companhia na produ\u00e7\u00e3o, refino, exporta\u00e7\u00e3o.\u201d<\/p>\n<p>*Estad\u00e3o Conte\u00fado<\/p>\n<\/p><\/div>\n<p><script async src=\"https:\/\/connect.facebook.net\/pt_BR\/all.js#xfbml=1\"><\/script><br \/>\n<br \/><br \/>\n<br \/><a href=\"https:\/\/jovempan.com.br\/noticias\/economia\/petrobras-diz-que-politica-de-preco-sera-a-mesma-em-queda-ou-alta-do-petroleo.html\">Fonte: Jovem Pan <\/a><\/p>\n","protected":false},"excerpt":{"rendered":"<p>Magda Chambriard afirmou que a pol\u00edtica interna da companhia persiste \u201c\u00edntegra e s\u00f3lida\u201d, em um cen\u00e1rio de volatilidade Fernando Fraz\u00e3o\/Ag\u00eancia Brasil Petrobr\u00e1s A presidente da Petrobras, Magda Chambriard, disse que a pol\u00edtica interna da companhia persiste \u201c\u00edntegra e s\u00f3lida\u201d, em um cen\u00e1rio de volatilidade. \u201cN\u00f3s observamos as paridades internacionais de pre\u00e7os de petr\u00f3leo derivados sem [&hellip;]<\/p>\n","protected":false},"author":1,"featured_media":1345,"comment_status":"open","ping_status":"open","sticky":false,"template":"","format":"standard","meta":{"fifu_image_url":"https:\/\/jpimg.com.br\/uploads\/2025\/11\/design-sem-nome-2-2.png","fifu_image_alt":"","footnotes":""},"categories":[1],"tags":[],"class_list":{"0":"post-1344","1":"post","2":"type-post","3":"status-publish","4":"format-standard","5":"has-post-thumbnail","7":"category-noticias"},"_links":{"self":[{"href":"https:\/\/www.revistacomercio.com.br\/index.php\/wp-json\/wp\/v2\/posts\/1344","targetHints":{"allow":["GET"]}}],"collection":[{"href":"https:\/\/www.revistacomercio.com.br\/index.php\/wp-json\/wp\/v2\/posts"}],"about":[{"href":"https:\/\/www.revistacomercio.com.br\/index.php\/wp-json\/wp\/v2\/types\/post"}],"author":[{"embeddable":true,"href":"https:\/\/www.revistacomercio.com.br\/index.php\/wp-json\/wp\/v2\/users\/1"}],"replies":[{"embeddable":true,"href":"https:\/\/www.revistacomercio.com.br\/index.php\/wp-json\/wp\/v2\/comments?post=1344"}],"version-history":[{"count":0,"href":"https:\/\/www.revistacomercio.com.br\/index.php\/wp-json\/wp\/v2\/posts\/1344\/revisions"}],"wp:featuredmedia":[{"embeddable":true,"href":"https:\/\/www.revistacomercio.com.br\/index.php\/wp-json\/wp\/v2\/media\/1345"}],"wp:attachment":[{"href":"https:\/\/www.revistacomercio.com.br\/index.php\/wp-json\/wp\/v2\/media?parent=1344"}],"wp:term":[{"taxonomy":"category","embeddable":true,"href":"https:\/\/www.revistacomercio.com.br\/index.php\/wp-json\/wp\/v2\/categories?post=1344"},{"taxonomy":"post_tag","embeddable":true,"href":"https:\/\/www.revistacomercio.com.br\/index.php\/wp-json\/wp\/v2\/tags?post=1344"}],"curies":[{"name":"wp","href":"https:\/\/api.w.org\/{rel}","templated":true}]}}