{"id":1342,"date":"2026-03-06T13:20:50","date_gmt":"2026-03-06T13:20:50","guid":{"rendered":"https:\/\/www.revistacomercio.com.br\/index.php\/2026\/03\/06\/caso-master-pf-investiga-aplicacao-milionaria-da-amazonprev-no-banco\/"},"modified":"2026-03-06T13:20:50","modified_gmt":"2026-03-06T13:20:50","slug":"caso-master-pf-investiga-aplicacao-milionaria-da-amazonprev-no-banco","status":"publish","type":"post","link":"https:\/\/www.revistacomercio.com.br\/index.php\/2026\/03\/06\/caso-master-pf-investiga-aplicacao-milionaria-da-amazonprev-no-banco\/","title":{"rendered":"Caso Master: PF investiga aplica\u00e7\u00e3o milion\u00e1ria da AmazonPrev no banco"},"content":{"rendered":"<p> <br \/>\n<\/p>\n<div id=\"post-2111850\">\n<h3 class=\"post-description\"><\/h3>\n<p>A\u00e7\u00e3o cumpre mandados de busca e apreens\u00e3o e apura suspeitas de gest\u00e3o temer\u00e1ria e corrup\u00e7\u00e3o no investimento de recursos do regime pr\u00f3prio de previd\u00eancia do estado<\/p>\n<p>                <!--\/meta--><\/p>\n<div class=\"context\" wp_automatic_readability=\"62.46511627907\">\n<div class=\"post_image\"><span class=\"image_fonte\">Divulga\u00e7\u00e3o \/ Pol\u00edcia Federal<\/span><picture><source media=\"(max-width: 799px)\" srcset=\"https:\/\/jpimg.com.br\/uploads\/2026\/03\/foto-jp-3-3-345x207.png\"><source media=\"(min-width: 800px)\" srcset=\"https:\/\/jpimg.com.br\/uploads\/2026\/03\/foto-jp-3-3-750x450.png\"><img decoding=\"async\" class=\"img-responsive type:primaryImage\" src=\"https:\/\/jpimg.com.br\/uploads\/2026\/03\/foto-jp-3-3-750x450.png\" alt=\"Pol\u00edcia Federal realiza opera\u00e7\u00e3o contra servidores da Amazonprev\" id=\"zoom-img\"><br \/>\n                                        <\/source><\/source><\/picture><span class=\"image_credits\">Pol\u00edcia Federal realiza opera\u00e7\u00e3o contra servidores da Amazonprev<br \/><\/span><\/div>\n<p><?xml encoding=\"UTF-8\"????><\/p>\n<p>A Pol\u00edcia Federal (PF) realizou, nesta sexta-feira (6), uma opera\u00e7\u00e3o para <strong>investigar suspeitas de corrup\u00e7\u00e3o<\/strong> e <strong>m\u00e1 gest\u00e3o de aproximadamente R$ 390 milh\u00f5es<\/strong> do fundo de <strong>Previd\u00eancia Social do Estado do Amazonas<\/strong>. A quantia teria sido investida <strong>irregularmente em institui\u00e7\u00f5es privadas<\/strong>, entre elas o <strong>Banco Master<\/strong>.<\/p>\n<p>Nomeada de \u201cSine Consensu\u201d, a opera\u00e7\u00e3o cumpriu <strong>sete mandados de busca e apreens\u00e3o<\/strong>. Al\u00e9m das buscas, a Justi\u00e7a determinou o <strong>afastamento imediato de servidores p\u00fablicos<\/strong> suspeitos de <strong>envolvimento no esquema<\/strong>. A a\u00e7\u00e3o conta com o apoio do Minist\u00e9rio da Previd\u00eancia Social.<\/p>\n<p>De acordo com as investiga\u00e7\u00f5es, as manobras financeiras ocorreram concentradamente entre <strong>junho e setembro de 2024<\/strong>. Nesse per\u00edodo, a gest\u00e3o da previd\u00eancia estadual aplicou os <strong>R$ 390 milh\u00f5es em Letras Financeiras <\/strong>emitidas por bancos privados \u2014 sendo o <strong>Banco Master uma das institui\u00e7\u00f5es financeiras<\/strong> recebedoras desses aportes.<\/p>\n<p>O problema, segundo a PF, \u00e9 que esses investimentos <strong>atropelaram regras federais<\/strong> e <strong>ignoraram normas b\u00e1sicas de governan\u00e7a<\/strong> exigidas para proteger o dinheiro que <strong>garante a aposentadoria dos servidores estaduais<\/strong>.<\/p>\n<p>Al\u00e9m dos investimentos fora do padr\u00e3o exigido por lei, os investigadores identificaram <strong>falhas em procedimentos internos do \u00f3rg\u00e3o<\/strong>, somados a movimenta\u00e7\u00f5es financeiras consideradas at\u00edpicas.<\/p>\n<p>Os alvos da opera\u00e7\u00e3o dever\u00e3o responder na Justi\u00e7a pelos crimes de gest\u00e3o temer\u00e1ria \u2014 que \u00e9 a administra\u00e7\u00e3o irrespons\u00e1vel e de alto risco de recursos de terceiros \u2014 e corrup\u00e7\u00e3o.<\/p>\n<p>A <strong>Jovem Pan<\/strong> tenta contato com o AmazonPrev. Se houver resposta, o texto ser\u00e1 atualizado.<\/p>\n<\/p><\/div>\n<p>                <!--\/meta-->\n            <\/div>\n<p><script async src=\"https:\/\/connect.facebook.net\/pt_BR\/all.js#xfbml=1\"><\/script><br \/>\n<br \/><br \/>\n<br \/><a href=\"https:\/\/jovempan.com.br\/noticias\/economia\/caso-master-pf-realiza-operacao-que-investiga-aplicacao-milionaria-da-amazonprev-no-banco.html\">Fonte: Jovem Pan <\/a><\/p>\n","protected":false},"excerpt":{"rendered":"<p>A\u00e7\u00e3o cumpre mandados de busca e apreens\u00e3o e apura suspeitas de gest\u00e3o temer\u00e1ria e corrup\u00e7\u00e3o no investimento de recursos do regime pr\u00f3prio de previd\u00eancia do estado Divulga\u00e7\u00e3o \/ Pol\u00edcia Federal Pol\u00edcia Federal realiza opera\u00e7\u00e3o contra servidores da Amazonprev A Pol\u00edcia Federal (PF) realizou, nesta sexta-feira (6), uma opera\u00e7\u00e3o para investigar suspeitas de corrup\u00e7\u00e3o e m\u00e1 [&hellip;]<\/p>\n","protected":false},"author":1,"featured_media":1343,"comment_status":"open","ping_status":"open","sticky":false,"template":"","format":"standard","meta":{"fifu_image_url":"https:\/\/jpimg.com.br\/uploads\/2026\/03\/foto-jp-3-3.png","fifu_image_alt":"","footnotes":""},"categories":[1],"tags":[],"class_list":{"0":"post-1342","1":"post","2":"type-post","3":"status-publish","4":"format-standard","5":"has-post-thumbnail","7":"category-noticias"},"_links":{"self":[{"href":"https:\/\/www.revistacomercio.com.br\/index.php\/wp-json\/wp\/v2\/posts\/1342","targetHints":{"allow":["GET"]}}],"collection":[{"href":"https:\/\/www.revistacomercio.com.br\/index.php\/wp-json\/wp\/v2\/posts"}],"about":[{"href":"https:\/\/www.revistacomercio.com.br\/index.php\/wp-json\/wp\/v2\/types\/post"}],"author":[{"embeddable":true,"href":"https:\/\/www.revistacomercio.com.br\/index.php\/wp-json\/wp\/v2\/users\/1"}],"replies":[{"embeddable":true,"href":"https:\/\/www.revistacomercio.com.br\/index.php\/wp-json\/wp\/v2\/comments?post=1342"}],"version-history":[{"count":0,"href":"https:\/\/www.revistacomercio.com.br\/index.php\/wp-json\/wp\/v2\/posts\/1342\/revisions"}],"wp:featuredmedia":[{"embeddable":true,"href":"https:\/\/www.revistacomercio.com.br\/index.php\/wp-json\/wp\/v2\/media\/1343"}],"wp:attachment":[{"href":"https:\/\/www.revistacomercio.com.br\/index.php\/wp-json\/wp\/v2\/media?parent=1342"}],"wp:term":[{"taxonomy":"category","embeddable":true,"href":"https:\/\/www.revistacomercio.com.br\/index.php\/wp-json\/wp\/v2\/categories?post=1342"},{"taxonomy":"post_tag","embeddable":true,"href":"https:\/\/www.revistacomercio.com.br\/index.php\/wp-json\/wp\/v2\/tags?post=1342"}],"curies":[{"name":"wp","href":"https:\/\/api.w.org\/{rel}","templated":true}]}}