{"id":1338,"date":"2026-03-05T19:07:19","date_gmt":"2026-03-05T19:07:19","guid":{"rendered":"https:\/\/www.revistacomercio.com.br\/index.php\/2026\/03\/05\/brasil-fecha-fevereiro-com-superavit-de-mais-de-us-4-bi-na-balanca-comercial\/"},"modified":"2026-03-05T19:07:19","modified_gmt":"2026-03-05T19:07:19","slug":"brasil-fecha-fevereiro-com-superavit-de-mais-de-us-4-bi-na-balanca-comercial","status":"publish","type":"post","link":"https:\/\/www.revistacomercio.com.br\/index.php\/2026\/03\/05\/brasil-fecha-fevereiro-com-superavit-de-mais-de-us-4-bi-na-balanca-comercial\/","title":{"rendered":"Brasil fecha fevereiro com super\u00e1vit de mais de US$ 4 bi na balan\u00e7a comercial"},"content":{"rendered":"<p> <br \/>\n<\/p>\n<p>Em rela\u00e7\u00e3o ao mesmo m\u00eas do ano passado, houve aumento de 15,6% no valor das exporta\u00e7\u00f5es<\/p>\n<div wp_automatic_readability=\"79.734613212874\">\n<div class=\"post_image\"><span class=\"image_fonte\">S\u00c9RGIO CASTRO\/ESTAD\u00c3O CONTE\u00daDO<\/span><picture><source media=\"(max-width: 799px)\" srcset=\"https:\/\/jpimg.com.br\/uploads\/2022\/01\/11176060.173102.jpg\"><source media=\"(min-width: 800px)\" srcset=\"https:\/\/jpimg.com.br\/uploads\/2022\/01\/11176060.173102.jpg\"><img decoding=\"async\" class=\"img-responsive type:primaryImage\" src=\"https:\/\/jpimg.com.br\/uploads\/2022\/01\/11176060.173102.jpg\" alt=\"Navio de cargas ancorad no Porto de Santos\" id=\"zoom-img\"><br \/>\n                                        <\/source><\/source><\/picture><span class=\"image_credits\">As exporta\u00e7\u00f5es somaram US$ 26,306 bilh\u00f5es, e as importa\u00e7\u00f5es, US$ 22,098 bilh\u00f5es<br \/><\/span><\/div>\n<p><?xml encoding=\"UTF-8\"???><\/p>\n<p><strong>O Brasil fechou o m\u00eas de fevereiro com saldo positivo de US$ 4,208 bilh\u00f5es na balan\u00e7a comercial<\/strong>, conforme dados divulgados pelo Minist\u00e9rio do Desenvolvimento, Ind\u00fastria, Com\u00e9rcio e Servi\u00e7os (MDIC) nesta quinta-feira (5). No acumulado do ano, as exporta\u00e7\u00f5es totalizam US$ 51 bilh\u00f5es e as importa\u00e7\u00f5es, US$ 42,9 bilh\u00f5es, com saldo positivo de US$ 8 bilh\u00f5es.<\/p>\n<p>As exporta\u00e7\u00f5es somaram US$ 26,306 bilh\u00f5es, e as importa\u00e7\u00f5es, US$ 22,098 bilh\u00f5es. Em rela\u00e7\u00e3o ao mesmo m\u00eas do ano passado,<strong> houve aumento de 15,6% no valor das exporta\u00e7\u00f5es<\/strong>. As importa\u00e7\u00f5es, por sua vez, ca\u00edram 4,8%.<\/p>\n<p>\u201cDestacar o recorde de exporta\u00e7\u00e3o no m\u00eas de fevereiro. Cresceram 15,6% as exporta\u00e7\u00f5es, comparadas com fevereiro do ano passado. Ent\u00e3o, recorde para meses de fevereiro de exporta\u00e7\u00e3o. Recorde de corrente de com\u00e9rcio para os meses de fevereiro. O Brasil est\u00e1 se integrando ao mundo como nunca\u201d, disse Geraldo Alckmin, vice-presidente e ministro do MDIC, destacando o recorde de exporta\u00e7\u00f5es para o m\u00eas.<\/p>\n<p>Tamb\u00e9m comparando com o ano passado, o<strong> setor da Agropecu\u00e1ria aumentou sua exporta\u00e7\u00e3o em 6,1%<\/strong>, com US$ 0,3 bilh\u00f5es. A Ind\u00fastria Extrativa cresceu 55,5%, no valor de US$ 2,37 bilh\u00f5es.<\/p>\n<p>Houve aumento nas exporta\u00e7\u00f5es na \u00c1sia para a China, com 38, 7%, e 126% para a \u00cdndia O aumento total para o continente foi de 32,89%. Na Europa, o aumento foi de 33,56%, com destaque para a Alemanha, que teve 70,7% de crescimento.<\/p>\n<\/p><\/div>\n<p><script async src=\"https:\/\/connect.facebook.net\/pt_BR\/all.js#xfbml=1\"><\/script><br \/>\n<br \/><br \/>\n<br \/><a href=\"https:\/\/jovempan.com.br\/noticias\/economia\/brasil-fecha-fevereiro-com-superavit-de-mais-de-us-4-bi-na-balanca-comercial.html\">Fonte: Jovem Pan <\/a><\/p>\n","protected":false},"excerpt":{"rendered":"<p>Em rela\u00e7\u00e3o ao mesmo m\u00eas do ano passado, houve aumento de 15,6% no valor das exporta\u00e7\u00f5es S\u00c9RGIO CASTRO\/ESTAD\u00c3O CONTE\u00daDO As exporta\u00e7\u00f5es somaram US$ 26,306 bilh\u00f5es, e as importa\u00e7\u00f5es, US$ 22,098 bilh\u00f5es O Brasil fechou o m\u00eas de fevereiro com saldo positivo de US$ 4,208 bilh\u00f5es na balan\u00e7a comercial, conforme dados divulgados pelo Minist\u00e9rio do Desenvolvimento, [&hellip;]<\/p>\n","protected":false},"author":1,"featured_media":1339,"comment_status":"open","ping_status":"open","sticky":false,"template":"","format":"standard","meta":{"fifu_image_url":"https:\/\/jpimg.com.br\/uploads\/2022\/01\/11176060.173102-1024x682.jpg","fifu_image_alt":"","footnotes":""},"categories":[1],"tags":[],"class_list":{"0":"post-1338","1":"post","2":"type-post","3":"status-publish","4":"format-standard","5":"has-post-thumbnail","7":"category-noticias"},"_links":{"self":[{"href":"https:\/\/www.revistacomercio.com.br\/index.php\/wp-json\/wp\/v2\/posts\/1338","targetHints":{"allow":["GET"]}}],"collection":[{"href":"https:\/\/www.revistacomercio.com.br\/index.php\/wp-json\/wp\/v2\/posts"}],"about":[{"href":"https:\/\/www.revistacomercio.com.br\/index.php\/wp-json\/wp\/v2\/types\/post"}],"author":[{"embeddable":true,"href":"https:\/\/www.revistacomercio.com.br\/index.php\/wp-json\/wp\/v2\/users\/1"}],"replies":[{"embeddable":true,"href":"https:\/\/www.revistacomercio.com.br\/index.php\/wp-json\/wp\/v2\/comments?post=1338"}],"version-history":[{"count":0,"href":"https:\/\/www.revistacomercio.com.br\/index.php\/wp-json\/wp\/v2\/posts\/1338\/revisions"}],"wp:featuredmedia":[{"embeddable":true,"href":"https:\/\/www.revistacomercio.com.br\/index.php\/wp-json\/wp\/v2\/media\/1339"}],"wp:attachment":[{"href":"https:\/\/www.revistacomercio.com.br\/index.php\/wp-json\/wp\/v2\/media?parent=1338"}],"wp:term":[{"taxonomy":"category","embeddable":true,"href":"https:\/\/www.revistacomercio.com.br\/index.php\/wp-json\/wp\/v2\/categories?post=1338"},{"taxonomy":"post_tag","embeddable":true,"href":"https:\/\/www.revistacomercio.com.br\/index.php\/wp-json\/wp\/v2\/tags?post=1338"}],"curies":[{"name":"wp","href":"https:\/\/api.w.org\/{rel}","templated":true}]}}