{"id":1336,"date":"2026-03-05T12:51:33","date_gmt":"2026-03-05T12:51:33","guid":{"rendered":"https:\/\/www.revistacomercio.com.br\/index.php\/2026\/03\/05\/desemprego-ate-janeiro-no-brasil-fica-em-54-revela-ibge\/"},"modified":"2026-03-05T12:51:33","modified_gmt":"2026-03-05T12:51:33","slug":"desemprego-ate-janeiro-no-brasil-fica-em-54-revela-ibge","status":"publish","type":"post","link":"https:\/\/www.revistacomercio.com.br\/index.php\/2026\/03\/05\/desemprego-ate-janeiro-no-brasil-fica-em-54-revela-ibge\/","title":{"rendered":"Desemprego at\u00e9 janeiro no Brasil fica em 5,4%, revela IBGE"},"content":{"rendered":"<p> <br \/>\n<\/p>\n<div id=\"post-2111508\">\n<h3 class=\"post-description\"><\/h3>\n<p>Dados divulgados pelo Instituto nesta quinta-feira (5) tamb\u00e9m mostram que a renda m\u00e9dia do trabalhador bateu recorde: R$ 3.652<\/p>\n<p>                <!--\/meta--><\/p>\n<div class=\"context\" wp_automatic_readability=\"65.164835164835\">\n<p><?xml encoding=\"UTF-8\"????><\/p>\n<p>O <strong>desemprego no Brasil ficou em 5,4%<\/strong> no trimestre encerrado em janeiro, de acordo com os dados mensais da Pesquisa Nacional por Amostra de Domic\u00edlios Cont\u00ednua (Pnad Cont\u00ednua) divulgados nesta quinta-feira (5), pelo Instituto Brasileiro de Geografia e Estat\u00edstica (IBGE).<\/p>\n<p>No <strong>mesmo per\u00edodo de 2025<\/strong>, a taxa de desemprego medida pela Pnad Cont\u00ednua estava em <strong>6,5%<\/strong>. No <strong>trimestre m\u00f3vel at\u00e9 dezembro<\/strong>, a taxa de desocupa\u00e7\u00e3o estava em <strong>5,1%<\/strong>.<\/p>\n<p>A <strong>renda m\u00e9dia real do trabalhador foi de R$ 3.652,00<\/strong> no trimestre encerrado em janeiro. O resultado \u00e9 o <strong>mais alto da s\u00e9rie hist\u00f3rica<\/strong>, com aumento de 2,8% no trimestre e de 5,4% no ano.<\/p>\n<p>A massa de renda real habitual paga aos ocupados somou R$ 370,3 bilh\u00f5es no trimestre encerrado em janeiro, <strong>alta de 7,3% ante igual per\u00edodo<\/strong> do ano passado.<\/p>\n<p>A massa de sal\u00e1rios em circula\u00e7\u00e3o na economia aumentou em R$ 25,108 bilh\u00f5es no per\u00edodo de um ano, para R$ 370,3 bilh\u00f5es, uma alta de 7,3% no trimestre encerrado em janeiro ante o trimestre terminado em janeiro de 2025.<\/p>\n<p>Na compara\u00e7\u00e3o com o trimestre terminado em outubro, a massa de renda real subiu 2,9%, com R$ 10,527 bilh\u00f5es a mais.<\/p>\n<p><em>*Com informa\u00e7\u00f5es do Estad\u00e3o Conte\u00fado<\/em><\/p>\n<\/p><\/div>\n<p>                <!--\/meta-->\n            <\/div>\n<p><script async src=\"https:\/\/connect.facebook.net\/pt_BR\/all.js#xfbml=1\"><\/script><br \/>\n<br \/><br \/>\n<br \/><a href=\"https:\/\/jovempan.com.br\/noticias\/economia\/desemprego-ate-janeiro-no-brasil-fica-em-54-revela-ibge.html\">Fonte: Jovem Pan <\/a><\/p>\n","protected":false},"excerpt":{"rendered":"<p>Dados divulgados pelo Instituto nesta quinta-feira (5) tamb\u00e9m mostram que a renda m\u00e9dia do trabalhador bateu recorde: R$ 3.652 O desemprego no Brasil ficou em 5,4% no trimestre encerrado em janeiro, de acordo com os dados mensais da Pesquisa Nacional por Amostra de Domic\u00edlios Cont\u00ednua (Pnad Cont\u00ednua) divulgados nesta quinta-feira (5), pelo Instituto Brasileiro de [&hellip;]<\/p>\n","protected":false},"author":1,"featured_media":1337,"comment_status":"open","ping_status":"open","sticky":false,"template":"","format":"standard","meta":{"fifu_image_url":"http:\/\/jpimg.com.br\/uploads\/2018\/04\/logo-jovempan-black.png","fifu_image_alt":"","footnotes":""},"categories":[1],"tags":[],"class_list":{"0":"post-1336","1":"post","2":"type-post","3":"status-publish","4":"format-standard","5":"has-post-thumbnail","7":"category-noticias"},"_links":{"self":[{"href":"https:\/\/www.revistacomercio.com.br\/index.php\/wp-json\/wp\/v2\/posts\/1336","targetHints":{"allow":["GET"]}}],"collection":[{"href":"https:\/\/www.revistacomercio.com.br\/index.php\/wp-json\/wp\/v2\/posts"}],"about":[{"href":"https:\/\/www.revistacomercio.com.br\/index.php\/wp-json\/wp\/v2\/types\/post"}],"author":[{"embeddable":true,"href":"https:\/\/www.revistacomercio.com.br\/index.php\/wp-json\/wp\/v2\/users\/1"}],"replies":[{"embeddable":true,"href":"https:\/\/www.revistacomercio.com.br\/index.php\/wp-json\/wp\/v2\/comments?post=1336"}],"version-history":[{"count":0,"href":"https:\/\/www.revistacomercio.com.br\/index.php\/wp-json\/wp\/v2\/posts\/1336\/revisions"}],"wp:featuredmedia":[{"embeddable":true,"href":"https:\/\/www.revistacomercio.com.br\/index.php\/wp-json\/wp\/v2\/media\/1337"}],"wp:attachment":[{"href":"https:\/\/www.revistacomercio.com.br\/index.php\/wp-json\/wp\/v2\/media?parent=1336"}],"wp:term":[{"taxonomy":"category","embeddable":true,"href":"https:\/\/www.revistacomercio.com.br\/index.php\/wp-json\/wp\/v2\/categories?post=1336"},{"taxonomy":"post_tag","embeddable":true,"href":"https:\/\/www.revistacomercio.com.br\/index.php\/wp-json\/wp\/v2\/tags?post=1336"}],"curies":[{"name":"wp","href":"https:\/\/api.w.org\/{rel}","templated":true}]}}