{"id":1334,"date":"2026-03-05T07:41:00","date_gmt":"2026-03-05T07:41:00","guid":{"rendered":"https:\/\/www.revistacomercio.com.br\/index.php\/2026\/03\/05\/tudo-sobre-a-destinacao-do-imposto-de-renda-para-fundos-sociais-via-declaracao\/"},"modified":"2026-03-05T07:41:00","modified_gmt":"2026-03-05T07:41:00","slug":"tudo-sobre-a-destinacao-do-imposto-de-renda-para-fundos-sociais-via-declaracao","status":"publish","type":"post","link":"https:\/\/www.revistacomercio.com.br\/index.php\/2026\/03\/05\/tudo-sobre-a-destinacao-do-imposto-de-renda-para-fundos-sociais-via-declaracao\/","title":{"rendered":"Tudo sobre a destina\u00e7\u00e3o do imposto de renda para fundos sociais via declara\u00e7\u00e3o"},"content":{"rendered":"<p> <br \/>\n<\/p>\n<p>An\u00e1lise t\u00e9cnica sobre os mecanismos de ren\u00fancia fiscal que permitem aos contribuintes alocar parte do imposto devido para projetos assistenciais<\/p>\n<div wp_automatic_readability=\"147.43504072898\">\n<div class=\"post_image\"><span class=\"image_fonte\">ADRIANA TOFFETTI\/ATO PRESS\/ESTAD\u00c3O CONTE\u00daDO<\/span><picture><source media=\"(max-width: 799px)\" srcset=\"https:\/\/jpimg.com.br\/uploads\/2025\/04\/ato20250401019-311x207.jpg\"><source media=\"(min-width: 800px)\" srcset=\"https:\/\/jpimg.com.br\/uploads\/2025\/04\/ato20250401019-676x450.jpg\"><img decoding=\"async\" class=\"img-responsive type:primaryImage\" src=\"https:\/\/jpimg.com.br\/uploads\/2025\/04\/ato20250401019-676x450.jpg\" alt=\"A Receita Federal iniciou, nesta ter\u00e7a-feira, o recebimento das declara\u00e7\u00f5es pr\u00e9-preenchidas\" id=\"zoom-img\"><br \/>\n                                        <\/source><\/source><\/picture><span class=\"image_credits\">Doa\u00e7\u00e3o solid\u00e1ria, tecnicamente conhecida como destina\u00e7\u00e3o do Imposto de Renda, \u00e9 um instrumento de pol\u00edtica fiscal que permite ao contribuinte decidir diretamente a aplica\u00e7\u00e3o de uma parcela de seus tributos<br \/><\/span><\/div>\n<p><?xml encoding=\"UTF-8\"???><\/p>\n<p>A doa\u00e7\u00e3o solid\u00e1ria, tecnicamente conhecida como destina\u00e7\u00e3o do Imposto de Renda, representa um instrumento de pol\u00edtica fiscal que permite ao contribuinte decidir diretamente a aplica\u00e7\u00e3o de uma parcela de seus tributos. Diferente de uma doa\u00e7\u00e3o convencional, onde o recurso sai do patrim\u00f4nio l\u00edquido do indiv\u00edduo sem contrapartida financeira imediata, a destina\u00e7\u00e3o no ato da declara\u00e7\u00e3o utiliza o valor que seria recolhido obrigatoriamente ao Tesouro Nacional. Este mecanismo descentraliza o or\u00e7amento p\u00fablico, fortalecendo os Conselhos dos Direitos da Crian\u00e7a e do Adolescente e os Conselhos dos Direitos da Pessoa Idosa.<\/p>\n<h2>O conceito e o mecanismo de destina\u00e7\u00e3o na declara\u00e7\u00e3o<\/h2>\n<p>A operacionaliza\u00e7\u00e3o de como doar parte do imposto de renda devido para fundos da crian\u00e7a e do idoso na declara\u00e7\u00e3o baseia-se no conceito de imposto devido, e n\u00e3o necessariamente no imposto a pagar ou a restituir. Trata-se de uma ren\u00fancia fiscal regulamentada, onde a Receita Federal transfere a responsabilidade da aloca\u00e7\u00e3o do recurso para o cidad\u00e3o.<\/p>\n<p>Para exercer esse direito, \u00e9 mandat\u00f3rio que o contribuinte opte pelo Modelo Completo de tributa\u00e7\u00e3o (por dedu\u00e7\u00f5es legais). O Modelo Simplificado, que aplica um desconto padr\u00e3o de 20%, n\u00e3o admite a dedu\u00e7\u00e3o de doa\u00e7\u00f5es incentivadas.<\/p>\n<p>O c\u00e1lculo segue a seguinte l\u00f3gica:<\/p>\n<p><strong>Base de C\u00e1lculo:<\/strong> O sistema considera o valor total do imposto devido apurado sobre os rendimentos tribut\u00e1veis;<\/p>\n<p><strong>Limites Percentuais na Declara\u00e7\u00e3o:<\/strong> O contribuinte pode destinar at\u00e9 3% do imposto devido para os Fundos dos Direitos da Crian\u00e7a e do Adolescente (FDCA) e mais 3% para os Fundos dos Direitos da Pessoa Idosa (FDI);<\/p>\n<p><strong>Limite Global:<\/strong> A soma das destina\u00e7\u00f5es feitas na declara\u00e7\u00e3o n\u00e3o pode ultrapassar 6% do imposto devido, considerando tamb\u00e9m doa\u00e7\u00f5es realizadas ao longo do ano-calend\u00e1rio (embora, na pr\u00e1tica do ato da declara\u00e7\u00e3o, o sistema trave em 3% para cada fundo espec\u00edfico).<\/p>\n<h2>Passo a passo t\u00e9cnico no sistema da Receita<\/h2>\n<p>Para efetivar a destina\u00e7\u00e3o, o contribuinte deve seguir o fluxo no Programa Gerador da Declara\u00e7\u00e3o (PGD):<\/p>\n<ul>\n<li>Preencher todas as fichas de rendimentos e despesas para apurar o imposto devido;<\/li>\n<li>Selecionar a op\u00e7\u00e3o \u201cPor Dedu\u00e7\u00f5es Legais\u201d no comparativo de tributa\u00e7\u00e3o;<\/li>\n<li>Acessar a ficha \u201cDoa\u00e7\u00f5es Diretamente na Declara\u00e7\u00e3o\u201d;<\/li>\n<li>Escolher a aba correspondente (\u201cCrian\u00e7a e Adolescente\u201d ou \u201cIdoso\u201d);<\/li>\n<li>Clicar em \u201cNovo\u201d, selecionar o tipo de fundo (Nacional, Estadual ou Municipal)<\/li>\n<li>O sistema calcular\u00e1 automaticamente o valor dispon\u00edvel para doa\u00e7\u00e3o;<\/li>\n<li>Ap\u00f3s o preenchimento, \u00e9 necess\u00e1rio imprimir e pagar o DARF (Documento de Arrecada\u00e7\u00e3o de Receitas Federais) espec\u00edfico da doa\u00e7\u00e3o at\u00e9 o prazo final de entrega da declara\u00e7\u00e3o.<\/li>\n<\/ul>\n<h2>Fatores de influ\u00eancia e viabilidade tribut\u00e1ria<\/h2>\n<p>A efic\u00e1cia deste mecanismo depende de vari\u00e1veis tribut\u00e1rias espec\u00edficas que definem a elegibilidade do contribuinte. O principal fator de influ\u00eancia \u00e9 o volume de despesas dedut\u00edveis (sa\u00fade, educa\u00e7\u00e3o, dependentes) em compara\u00e7\u00e3o ao desconto simplificado.<\/p>\n<p>Apenas contribuintes que possuem despesas comprovadas suficientes para justificar o uso do Modelo Completo podem realizar essa opera\u00e7\u00e3o. Al\u00e9m disso, a situa\u00e7\u00e3o fiscal do indiv\u00edduo altera o fluxo financeiro, mas n\u00e3o o custo:<\/p>\n<p><strong>Para quem tem imposto a pagar:<\/strong> O valor doado \u00e9 subtra\u00eddo do montante total a pagar. Se o imposto devido era R$ 10.000 e a doa\u00e7\u00e3o foi de R$ 300, o contribuinte paga um DARF de doa\u00e7\u00e3o de R$ 300 e um DARF de imposto de R$ 9.700. O desembolso total permanece R$ 10.000;<\/p>\n<p><strong>Para quem tem imposto a restituir:<\/strong> O valor doado \u00e9 somado \u00e0 restitui\u00e7\u00e3o, corrigido pela taxa Selic. O contribuinte paga o DARF da doa\u00e7\u00e3o no ato da entrega e recebe esse valor de volta, com juros, no lote da restitui\u00e7\u00e3o;<\/p>\n<h2>Cen\u00e1rio atual da arrecada\u00e7\u00e3o e potencial inexplorado<\/h2>\n<p>Apesar da legisla\u00e7\u00e3o favor\u00e1vel, dados hist\u00f3ricos da Receita Federal indicam que o Brasil utiliza uma parcela m\u00ednima do potencial de destina\u00e7\u00e3o. An\u00e1lises de anos anteriores mostram que bilh\u00f5es de reais deixam de ser repassados aos fundos sociais por desconhecimento da regra ou receio infundado de cair na malha fina.<\/p>\n<p>O cen\u00e1rio atual revela uma disparidade significativa entre o \u201cimposto potencial de doa\u00e7\u00e3o\u201d e a \u201carrecada\u00e7\u00e3o efetiva\u201d. Fundos municipais e estaduais, que dependem desses recursos para manuten\u00e7\u00e3o de abrigos, projetos educacionais e assist\u00eancia a idosos, operam frequentemente abaixo da capacidade devido \u00e0 baixa ades\u00e3o dos contribuintes. A digitaliza\u00e7\u00e3o do processo e a facilita\u00e7\u00e3o via PIX nos sistemas da Receita t\u00eam tentado mitigar essa lacuna, mas a barreira cultural e a complexidade percebida do sistema tribut\u00e1rio continuam sendo entraves.<\/p>\n<h2>Perguntas frequentes sobre a destina\u00e7\u00e3o<\/h2>\n<p><strong>Posso escolher a institui\u00e7\u00e3o espec\u00edfica que receber\u00e1 o dinheiro?<\/strong><\/p>\n<p>Na modalidade \u201cDoa\u00e7\u00e3o Diretamente na Declara\u00e7\u00e3o\u201d, o contribuinte escolhe o Fundo (Municipal, Estadual ou Nacional), mas n\u00e3o a ONG espec\u00edfica. O Conselho gestor do fundo \u00e9 quem decide a aloca\u00e7\u00e3o dos recursos via editais. Para doar a um projeto espec\u00edfico, a doa\u00e7\u00e3o deve ser feita ao longo do ano-calend\u00e1rio (at\u00e9 dezembro) atrav\u00e9s do mecanismo de doa\u00e7\u00e3o casada, se permitido pelo fundo local.<\/p>\n<h2>Quem declara pelo modelo simplificado pode doar?<\/h2>\n<p>Pode realizar doa\u00e7\u00f5es, mas n\u00e3o poder\u00e1 deduzi-las do Imposto de Renda. A ren\u00fancia fiscal \u00e9 um benef\u00edcio exclusivo do modelo de Dedu\u00e7\u00f5es Legais (Completo).<\/p>\n<h2>A doa\u00e7\u00e3o aumenta as chances de cair na malha fina?<\/h2>\n<p>N\u00e3o, desde que o DARF da doa\u00e7\u00e3o seja pago corretamente e dentro do prazo. A Receita Federal cruza os dados do pagamento com a informa\u00e7\u00e3o declarada pelo Fundo benefici\u00e1rio na DBF (Declara\u00e7\u00e3o de Benef\u00edcios Fiscais).<\/p>\n<h2>O que acontece se eu n\u00e3o pagar o DARF da doa\u00e7\u00e3o?<\/h2>\n<p>A doa\u00e7\u00e3o \u00e9 cancelada. O valor que foi abatido ou somado \u00e0 restitui\u00e7\u00e3o \u00e9 recalculado, e o contribuinte dever\u00e1 pagar a diferen\u00e7a do imposto principal com multas e juros, ou ter\u00e1 sua restitui\u00e7\u00e3o reduzida.<\/p>\n<p>A destina\u00e7\u00e3o de parte do Imposto de Renda consolida-se como uma ferramenta de cidadania fiscal que permite a manuten\u00e7\u00e3o de recursos na esfera local, financiando pol\u00edticas p\u00fablicas essenciais sem custo adicional ao contribuinte. A compreens\u00e3o de como doar parte do imposto de renda devido para fundos da crian\u00e7a e do idoso na declara\u00e7\u00e3o \u00e9 fundamental para maximizar o impacto social dos tributos j\u00e1 devidos. Contudo, \u00e9 imprescind\u00edvel a an\u00e1lise individual da declara\u00e7\u00e3o para confirmar a vantagem do Modelo Completo.<\/p>\n<p><em>Disclaimer: Este conte\u00fado tem car\u00e1ter informativo e educacional. As regras tribut\u00e1rias podem sofrer altera\u00e7\u00f5es legislativas. Recomenda-se a consulta a um contador ou a leitura das normas atualizadas da Receita Federal para a tomada de decis\u00f5es financeiras.<\/em><\/p>\n<\/p><\/div>\n<p><script async src=\"https:\/\/connect.facebook.net\/pt_BR\/all.js#xfbml=1\"><\/script><br \/>\n<br \/><br \/>\n<br \/><a href=\"https:\/\/jovempan.com.br\/noticias\/economia\/tudo-sobre-a-destinacao-do-imposto-de-renda-para-fundos-sociais-via-declaracao.html\">Fonte: Jovem Pan <\/a><\/p>\n","protected":false},"excerpt":{"rendered":"<p>An\u00e1lise t\u00e9cnica sobre os mecanismos de ren\u00fancia fiscal que permitem aos contribuintes alocar parte do imposto devido para projetos assistenciais ADRIANA TOFFETTI\/ATO PRESS\/ESTAD\u00c3O CONTE\u00daDO Doa\u00e7\u00e3o solid\u00e1ria, tecnicamente conhecida como destina\u00e7\u00e3o do Imposto de Renda, \u00e9 um instrumento de pol\u00edtica fiscal que permite ao contribuinte decidir diretamente a aplica\u00e7\u00e3o de uma parcela de seus tributos A [&hellip;]<\/p>\n","protected":false},"author":1,"featured_media":1335,"comment_status":"open","ping_status":"open","sticky":false,"template":"","format":"standard","meta":{"fifu_image_url":"https:\/\/jpimg.com.br\/uploads\/2025\/04\/ato20250401019.jpg","fifu_image_alt":"","footnotes":""},"categories":[1],"tags":[],"class_list":{"0":"post-1334","1":"post","2":"type-post","3":"status-publish","4":"format-standard","5":"has-post-thumbnail","7":"category-noticias"},"_links":{"self":[{"href":"https:\/\/www.revistacomercio.com.br\/index.php\/wp-json\/wp\/v2\/posts\/1334","targetHints":{"allow":["GET"]}}],"collection":[{"href":"https:\/\/www.revistacomercio.com.br\/index.php\/wp-json\/wp\/v2\/posts"}],"about":[{"href":"https:\/\/www.revistacomercio.com.br\/index.php\/wp-json\/wp\/v2\/types\/post"}],"author":[{"embeddable":true,"href":"https:\/\/www.revistacomercio.com.br\/index.php\/wp-json\/wp\/v2\/users\/1"}],"replies":[{"embeddable":true,"href":"https:\/\/www.revistacomercio.com.br\/index.php\/wp-json\/wp\/v2\/comments?post=1334"}],"version-history":[{"count":0,"href":"https:\/\/www.revistacomercio.com.br\/index.php\/wp-json\/wp\/v2\/posts\/1334\/revisions"}],"wp:featuredmedia":[{"embeddable":true,"href":"https:\/\/www.revistacomercio.com.br\/index.php\/wp-json\/wp\/v2\/media\/1335"}],"wp:attachment":[{"href":"https:\/\/www.revistacomercio.com.br\/index.php\/wp-json\/wp\/v2\/media?parent=1334"}],"wp:term":[{"taxonomy":"category","embeddable":true,"href":"https:\/\/www.revistacomercio.com.br\/index.php\/wp-json\/wp\/v2\/categories?post=1334"},{"taxonomy":"post_tag","embeddable":true,"href":"https:\/\/www.revistacomercio.com.br\/index.php\/wp-json\/wp\/v2\/tags?post=1334"}],"curies":[{"name":"wp","href":"https:\/\/api.w.org\/{rel}","templated":true}]}}