{"id":1332,"date":"2026-03-04T23:46:26","date_gmt":"2026-03-04T23:46:26","guid":{"rendered":"https:\/\/www.revistacomercio.com.br\/index.php\/2026\/03\/04\/senado-aprova-texto-de-acordo-de-livre-comercio-mercosul-uniao-europeia\/"},"modified":"2026-03-04T23:46:26","modified_gmt":"2026-03-04T23:46:26","slug":"senado-aprova-texto-de-acordo-de-livre-comercio-mercosul-uniao-europeia","status":"publish","type":"post","link":"https:\/\/www.revistacomercio.com.br\/index.php\/2026\/03\/04\/senado-aprova-texto-de-acordo-de-livre-comercio-mercosul-uniao-europeia\/","title":{"rendered":"Senado aprova texto de acordo de livre com\u00e9rcio Mercosul-Uni\u00e3o Europeia"},"content":{"rendered":"<p> <br \/>\n<\/p>\n<div id=\"post-2111372\">\n<h3 class=\"post-description\"><\/h3>\n<p>Por ser a \u00faltima etapa de an\u00e1lise no Brasil, o projeto vai agora \u00e0 promulga\u00e7\u00e3o<\/p>\n<p>                <!--\/meta--><\/p>\n<div class=\"context\" wp_automatic_readability=\"60.468377635197\">\n<div class=\"post_image\"><span class=\"image_fonte\">Uni\u00e3o Europeia \/ Mercosul<\/span><picture><source media=\"(max-width: 799px)\" srcset=\"https:\/\/jpimg.com.br\/uploads\/2026\/01\/imagem-jvp-2026-01-16t101828.117-345x207.png\"><source media=\"(min-width: 800px)\" srcset=\"https:\/\/jpimg.com.br\/uploads\/2026\/01\/imagem-jvp-2026-01-16t101828.117-750x450.png\"><img decoding=\"async\" class=\"img-responsive type:primaryImage\" src=\"https:\/\/jpimg.com.br\/uploads\/2026\/01\/imagem-jvp-2026-01-16t101828.117-750x450.png\" alt=\"o acordo Mercosul\u2013UE\" id=\"zoom-img\"><br \/>\n                                        <\/source><\/source><\/picture><span class=\"image_credits\">o acordo Mercosul\u2013UE<br \/><\/span><\/div>\n<p><?xml encoding=\"UTF-8\"????><\/p>\n<p>O <strong>Senado Federal aprovou<\/strong> nesta quarta-feira (4) o <strong>texto do acordo de livre com\u00e9rcio entre o Mercosul e a Uni\u00e3o Europeia<\/strong>. Essa era a<strong> \u00faltima etapa de an\u00e1lise<\/strong> <strong>do tratado no Brasil<\/strong>. Com a aprova\u00e7\u00e3o, por unanimidade, o <strong>projeto vai \u00e0 promulga\u00e7\u00e3o<\/strong>.<\/p>\n<p><strong><a href=\"https:\/\/jovempan.com.br\/noticias\/mundo\/acordo-ira-criar-empregos-oportunidades-e-prosperidade-em-ambos-os-lados-afirma-von-der-leyen.html\">O Mercosul e a Uni\u00e3o Europeia representam juntos 30% do Produto Interno Bruto (PIB) mundial<\/a><\/strong>. Os blocos tamb\u00e9m det\u00eam um mercado de mais de 700 milh\u00f5es de pessoas. <strong><a href=\"https:\/\/jovempan.com.br\/noticias\/mundo\/mercosul-e-uniao-europeia-firmam-acordo-de-livre-comercio-apos-26-anos-de-negociacoes.html\">Em 17 de janeiro, foi assinado, no Paraguai, o acordo que pode criar a maior zona de livre com\u00e9rcio<\/a><\/strong>.<\/p>\n<p><strong><a href=\"https:\/\/jovempan.com.br\/noticias\/mundo\/entenda-os-20-pontos-do-acordo-que-nortearao-comercio-entre-mercosul-e-ue.html\">Segundo documento divulgado pelo governo brasileiro<\/a><\/strong>, <strong>as tarifas sobre cerca de 90% das exporta\u00e7\u00f5es ser\u00e3o reduzidas ou eliminadas gradualmente<\/strong>. Tamb\u00e9m \u00e9 prevista a possibilidade de aplicar medidas de salvaguarda bilaterais em caso de uma grande diferen\u00e7a de pre\u00e7os. <strong><a href=\"https:\/\/jovempan.com.br\/noticias\/mundo\/entenda-pontos-estrategicos-do-acordo-firmado-entre-mercosul-e-uniao-europeia.html\">Do lado sul-americano, um dos grandes beneficiados ser\u00e1 o setor agropecu\u00e1rio, enquanto na Europa o destaque ser\u00e1 a ind\u00fastria<\/a><\/strong>.<\/p>\n<p><strong>As negocia\u00e7\u00f5es para adotar o livre com\u00e9rcio entre o Mercosul e a Uni\u00e3o Europeia iniciaram em 1999<\/strong>. Um princ\u00edpio de acordo foi fechado em 2019. <strong>As tratativas entre os blocos s\u00f3 foram conclu\u00eddas em dezembro de 2024<\/strong>, ap\u00f3s a adi\u00e7\u00e3o de um anexo sobre meio ambiente e ajustes em cap\u00edtulos de <strong><a href=\"https:\/\/jovempan.com.br\/noticias\/politica\/acordo-mercosul-ue-criara-oportunidades-mutuas-de-emprego-e-geracao-de-renda-diz-lula.html\">interesse dos sul-americanos<\/a><\/strong>, como o de compras governamentais. <strong>O texto avan\u00e7ou nos \u00f3rg\u00e3os do bloco europeu com o apoio de 21 dos 27 pa\u00edses integrantes<\/strong>. S\u00f3 cinco votaram contra: \u00c1ustria, Fran\u00e7a (liderou a oposi\u00e7\u00e3o), Hungria, Irlanda e Pol\u00f4nia. <strong>Essas na\u00e7\u00f5es avaliam que o tratado amea\u00e7a seus setores agr\u00edcolas<\/strong>. A B\u00e9lgica se absteve.<\/p>\n<p><strong>O acordo ainda precisa ser aprovado pelo Parlamento Europeu<\/strong>. Os t\u00f3picos que extrapolam a pol\u00edtica comercial\u00a0<strong>necessitam de ratifica\u00e7\u00e3o dos parlamentos nacionais dos integrantes do bloco<\/strong>, o que pode alongar o cronograma e abrir espa\u00e7o para disputas.<\/p>\n<p>Do lado sul-americano, <strong>ainda falta o aval da C\u00e2mara dos Deputados do Paraguai<\/strong>. <strong>O Uruguai e a Argentina j\u00e1 ratificaram o texto do acordo<\/strong>.<\/p>\n<p>Vencidas as etapas, as <strong>regras<\/strong> estabelecidas nos 20 cap\u00edtulos do acordo<strong> ter\u00e3o efeito um m\u00eas ap\u00f3s a notifica\u00e7\u00e3o da conclus\u00e3o dos procedimentos internos<\/strong>.<\/p>\n<p><em>*Em atualiza\u00e7\u00e3o<\/em><\/p>\n<\/p><\/div>\n<p>                <!--\/meta-->\n            <\/div>\n<p><script async src=\"https:\/\/connect.facebook.net\/pt_BR\/all.js#xfbml=1\"><\/script><br \/>\n<br \/><br \/>\n<br \/><a href=\"https:\/\/jovempan.com.br\/noticias\/economia\/senado-aprova-texto-de-acordo-de-livre-comercio-mercosul-uniao-europeia.html\">Fonte: Jovem Pan <\/a><\/p>\n","protected":false},"excerpt":{"rendered":"<p>Por ser a \u00faltima etapa de an\u00e1lise no Brasil, o projeto vai agora \u00e0 promulga\u00e7\u00e3o Uni\u00e3o Europeia \/ Mercosul o acordo Mercosul\u2013UE O Senado Federal aprovou nesta quarta-feira (4) o texto do acordo de livre com\u00e9rcio entre o Mercosul e a Uni\u00e3o Europeia. Essa era a \u00faltima etapa de an\u00e1lise do tratado no Brasil. Com [&hellip;]<\/p>\n","protected":false},"author":1,"featured_media":1333,"comment_status":"open","ping_status":"open","sticky":false,"template":"","format":"standard","meta":{"fifu_image_url":"https:\/\/jpimg.com.br\/uploads\/2026\/01\/imagem-jvp-2026-01-16t101828.117.png","fifu_image_alt":"","footnotes":""},"categories":[1],"tags":[],"class_list":{"0":"post-1332","1":"post","2":"type-post","3":"status-publish","4":"format-standard","5":"has-post-thumbnail","7":"category-noticias"},"_links":{"self":[{"href":"https:\/\/www.revistacomercio.com.br\/index.php\/wp-json\/wp\/v2\/posts\/1332","targetHints":{"allow":["GET"]}}],"collection":[{"href":"https:\/\/www.revistacomercio.com.br\/index.php\/wp-json\/wp\/v2\/posts"}],"about":[{"href":"https:\/\/www.revistacomercio.com.br\/index.php\/wp-json\/wp\/v2\/types\/post"}],"author":[{"embeddable":true,"href":"https:\/\/www.revistacomercio.com.br\/index.php\/wp-json\/wp\/v2\/users\/1"}],"replies":[{"embeddable":true,"href":"https:\/\/www.revistacomercio.com.br\/index.php\/wp-json\/wp\/v2\/comments?post=1332"}],"version-history":[{"count":0,"href":"https:\/\/www.revistacomercio.com.br\/index.php\/wp-json\/wp\/v2\/posts\/1332\/revisions"}],"wp:featuredmedia":[{"embeddable":true,"href":"https:\/\/www.revistacomercio.com.br\/index.php\/wp-json\/wp\/v2\/media\/1333"}],"wp:attachment":[{"href":"https:\/\/www.revistacomercio.com.br\/index.php\/wp-json\/wp\/v2\/media?parent=1332"}],"wp:term":[{"taxonomy":"category","embeddable":true,"href":"https:\/\/www.revistacomercio.com.br\/index.php\/wp-json\/wp\/v2\/categories?post=1332"},{"taxonomy":"post_tag","embeddable":true,"href":"https:\/\/www.revistacomercio.com.br\/index.php\/wp-json\/wp\/v2\/tags?post=1332"}],"curies":[{"name":"wp","href":"https:\/\/api.w.org\/{rel}","templated":true}]}}